{"id":256621,"date":"2025-07-18T15:09:10","date_gmt":"2025-07-18T15:09:10","guid":{"rendered":"https:\/\/www.europesays.com\/fr\/256621\/"},"modified":"2025-07-18T15:09:10","modified_gmt":"2025-07-18T15:09:10","slug":"andre-vingt-trois-ancien-archeveque-de-paris-est-mort","status":"publish","type":"post","link":"https:\/\/www.europesays.com\/fr\/256621\/","title":{"rendered":"Andr\u00e9 Vingt-Trois, ancien archev\u00eaque de Paris, est mort"},"content":{"rendered":"<p>Cr\u00e9\u00e9 cardinal en novembre 2007 par le pape Beno\u00eet XVI, Andr\u00e9 Vingt-Trois avait notamment \u00e9t\u00e9 pr\u00e9sident de la Conf\u00e9rence des \u00e9v\u00eaques de France.<\/p>\n<p class=\"fig-paragraph\">Le cardinal Andr\u00e9 Vingt-Trois, ancien archev\u00eaque de Paris, est d\u00e9c\u00e9d\u00e9, a annonc\u00e9 l\u2019actuel archev\u00eaque de Paris Laurent Ulrich, ce vendredi 18 juillet. Cr\u00e9\u00e9 cardinal en novembre 2007 par le pape\u00a0<a href=\"http:\/\/www.lefigaro.fr\/actualite-france\/le-pape-renvoie-l-ancien-secretaire-particulier-de-benoit-xvi-en-allemagne-20230615\" target=\"_blank\" data-fig-type=\"NewsFlash\" rel=\"noopener nofollow\" data-gtm-custom-categorie=\"navigation\" data-gtm-custom-action=\"crossclick\" data-gtm-custom-label=\"Contextuel\" data-gtm-event=\"customEventSPE\" data-fig-domain=\"LEFIGARO\">Beno\u00eet XVI<\/a>, Andr\u00e9 Vingt-Trois avait notamment \u00e9t\u00e9 pr\u00e9sident de la Conf\u00e9rence des \u00e9v\u00eaques de France. Il avait 82 ans.<\/p>\n<p class=\"fig-paragraph\">\u00abAujourd\u2019hui, en d\u00e9but d\u2019apr\u00e8s-midi, le Cardinal Andr\u00e9 Vingt-Trois est retourn\u00e9 aupr\u00e8s de Dieu\u00bb, a annonc\u00e9 dans un communiqu\u00e9 Monseigneur\u00a0<a href=\"http:\/\/www.lefigaro.fr\/vox\/societe\/mgr-laurent-ulrich-plutot-qu-une-aide-a-mourir-c-est-d-une-aide-a-vivre-dont-notre-societe-a-besoin-20240528\" target=\"_blank\" data-fig-type=\"Article\" rel=\"noopener nofollow\" data-gtm-custom-categorie=\"navigation\" data-gtm-custom-action=\"crossclick\" data-gtm-custom-label=\"Contextuel\" data-gtm-event=\"customEventSPE\" data-fig-domain=\"LEFIGARO\">Ulrich<\/a>.<\/p>\n<p>                                    <a class=\"fig-a11y-skip a11y-hidden\" href=\"#fig-a11y-skip-main-inarticle\"><br \/>\n        Passer la publicit\u00e9<br \/>\n    <\/a><\/p>\n<p>\u00abIl fut bien plus que notre archev\u00eaque, mais un pasteur, un p\u00e8re, un exemple\u00bb<\/p>\n<p class=\"fig-paragraph\">N\u00e9 le 7 novembre 1942 \u00e0 Paris dans une famille catholique, mais pas pratiquante, ordonn\u00e9 pr\u00eatre en 1969, Andr\u00e9 Vingt-Trois est nomm\u00e9 archev\u00eaque de Tours en 1999. Il succ\u00e8de en 2005 \u00e0\u00a0<a href=\"https:\/\/www.lefigaro.fr\/vox\/societe\/2017\/08\/04\/31003-20170804ARTFIG00270-matthieu-rouge-jean-marie-lustiger-un-heritage-d-esperance-et-d-intransigeance.php\" target=\"_blank\" data-fig-type=\"Article\" rel=\"noopener nofollow\" data-gtm-custom-categorie=\"navigation\" data-gtm-custom-action=\"crossclick\" data-gtm-custom-label=\"Contextuel\" data-gtm-event=\"customEventSPE\" data-fig-domain=\"LEFIGARO\">Jean-Marie Lustiger<\/a>\u00a0comme archev\u00eaque de Paris, et est cr\u00e9\u00e9 cardinal en 2007 par le pape Beno\u00eet XVI. La m\u00eame ann\u00e9e, il devient pr\u00e9sident de la Conf\u00e9rence des \u00e9v\u00eaques de France (CEF), pour deux mandats o\u00f9 il n\u2019h\u00e9sitera pas \u00e0 descendre dans l\u2019ar\u00e8ne sur les sujets de soci\u00e9t\u00e9.<\/p>\n<p class=\"fig-paragraph\">\u00abPour beaucoup d\u2019entre nous, pr\u00eatres, diacres, fid\u00e8les de Paris, il fut bien plus que notre archev\u00eaque, mais un pasteur, un p\u00e8re, un exemple\u00bb, a soulign\u00e9 Mgr Ulrich, en rendant hommage \u00e0 l\u2019archev\u00eaque \u00e9m\u00e9rite de Paris qui souffrait depuis plusieurs ann\u00e9es du syndrome neurologique de Guillain-Barr\u00e9.<\/p>\n<p class=\"fig-paragraph\">L\u2019archev\u00eaque de Paris a demand\u00e9 \u00abqu\u2019\u00e0 17 heures aujourd\u2019hui (vendredi), le bourdon de notre cath\u00e9drale Notre-Dame de Paris et les cloches de toutes les \u00e9glises paroissiales de notre dioc\u00e8se sonnent en glas un coup pour chacune de ses 82 ann\u00e9es\u00bb. La messe de 18 heures \u00e0\u00a0<a href=\"http:\/\/www.lefigaro.fr\/culture\/notre-dame-de-paris-les-visites-des-deux-tours-reprendront-le-20-septembre-20250630\" target=\"_blank\" data-fig-type=\"NewsFlash\" rel=\"noopener nofollow\" data-gtm-custom-categorie=\"navigation\" data-gtm-custom-action=\"crossclick\" data-gtm-custom-label=\"Contextuel\" data-gtm-event=\"customEventSPE\" data-fig-domain=\"LEFIGARO\">Notre-Dame<\/a>\u00a0sera c\u00e9l\u00e9br\u00e9e \u00e0 son intention, et d\u2019autres le seront dans les \u00e9glises parisiennes samedi et les jours suivant, a \u00e9galement annonc\u00e9 l\u2019archev\u00eaque. Un livre de condol\u00e9ances sera \u00e9galement ouvert sur le site internet du\u00a0<a href=\"http:\/\/www.lefigaro.fr\/culture\/notre-dame-de-paris-le-diocese-rappelle-le-principe-de-gratuite-du-droit-dans-les-eglises-20241024\" target=\"_blank\" data-fig-type=\"NewsFlash\" rel=\"noopener nofollow\" data-gtm-custom-categorie=\"navigation\" data-gtm-custom-action=\"crossclick\" data-gtm-custom-label=\"Contextuel\" data-gtm-event=\"customEventSPE\" data-fig-domain=\"LEFIGARO\">dioc\u00e8se de Paris<\/a>.<\/p>\n","protected":false},"excerpt":{"rendered":"Cr\u00e9\u00e9 cardinal en novembre 2007 par le pape Beno\u00eet XVI, Andr\u00e9 Vingt-Trois avait notamment \u00e9t\u00e9 pr\u00e9sident de la&hellip;\n","protected":false},"author":2,"featured_media":256622,"comment_status":"","ping_status":"","sticky":false,"template":"","format":"standard","meta":{"footnotes":""},"categories":[4],"tags":[11,1011,27,12,4020,25],"class_list":{"0":"post-256621","1":"post","2":"type-post","3":"status-publish","4":"format-standard","5":"has-post-thumbnail","7":"category-france","8":"tag-actualites","9":"tag-fr","10":"tag-france","11":"tag-news","12":"tag-religion","13":"tag-republique-francaise"},"share_on_mastodon":{"url":"https:\/\/pubeurope.com\/@fr\/114874873541998904","error":""},"_links":{"self":[{"href":"https:\/\/www.europesays.com\/fr\/wp-json\/wp\/v2\/posts\/256621","targetHints":{"allow":["GET"]}}],"collection":[{"href":"https:\/\/www.europesays.com\/fr\/wp-json\/wp\/v2\/posts"}],"about":[{"href":"https:\/\/www.europesays.com\/fr\/wp-json\/wp\/v2\/types\/post"}],"author":[{"embeddable":true,"href":"https:\/\/www.europesays.com\/fr\/wp-json\/wp\/v2\/users\/2"}],"replies":[{"embeddable":true,"href":"https:\/\/www.europesays.com\/fr\/wp-json\/wp\/v2\/comments?post=256621"}],"version-history":[{"count":0,"href":"https:\/\/www.europesays.com\/fr\/wp-json\/wp\/v2\/posts\/256621\/revisions"}],"wp:featuredmedia":[{"embeddable":true,"href":"https:\/\/www.europesays.com\/fr\/wp-json\/wp\/v2\/media\/256622"}],"wp:attachment":[{"href":"https:\/\/www.europesays.com\/fr\/wp-json\/wp\/v2\/media?parent=256621"}],"wp:term":[{"taxonomy":"category","embeddable":true,"href":"https:\/\/www.europesays.com\/fr\/wp-json\/wp\/v2\/categories?post=256621"},{"taxonomy":"post_tag","embeddable":true,"href":"https:\/\/www.europesays.com\/fr\/wp-json\/wp\/v2\/tags?post=256621"}],"curies":[{"name":"wp","href":"https:\/\/api.w.org\/{rel}","templated":true}]}}