{"id":256625,"date":"2025-07-18T15:11:12","date_gmt":"2025-07-18T15:11:12","guid":{"rendered":"https:\/\/www.europesays.com\/fr\/256625\/"},"modified":"2025-07-18T15:11:12","modified_gmt":"2025-07-18T15:11:12","slug":"afpa-son-village-des-solutions-se-decline-au-soleil","status":"publish","type":"post","link":"https:\/\/www.europesays.com\/fr\/256625\/","title":{"rendered":"Afpa\u00a0: son \u00ab\u00a0Village des solutions\u00a0\u00bb se d\u00e9cline au Soleil"},"content":{"rendered":"<p class=\"is-style-chapo\">Pr\u00e8s de 3 ans de cheminement viennent d\u2019aboutir au sein de l\u2019Afpa Loire implant\u00e9e dans le quartier du Soleil \u00e0 Saint-Etienne. Son \u00ab\u00a0Village des solutions\u00a0\u00bb a \u00e9t\u00e9 inaugur\u00e9 le mois dernier\u00a0: une sorte de guichet unique de l\u2019insertion mobilisant en un m\u00eame lieu une trentaine de partenaires pour lever par tir group\u00e9 tous ces freins p\u00e9riph\u00e9riques \u00e0 l\u2019emploi d\u00e9passant son c\u0153ur de m\u00e9tier : la formation \u00e0 un m\u00e9tier aiguill\u00e9e par les entreprises.<\/p>\n<p><img loading=\"lazy\" decoding=\"async\" width=\"1024\" height=\"576\" src=\"https:\/\/www.europesays.com\/fr\/wp-content\/uploads\/2025\/07\/dd2-1024x576.jpg\" alt=\"\" class=\"wp-image-80132\"  \/>Anne-Sophie Laroche, directrice Afpa Loire et Haute-Loire, au micro lors de l\u2019inauguration du \u00ab\u00a0Village des solutions\u00a0\u00bb le mois dernier. \u00a9If M\u00e9dias \/ Xavier Alix<\/p>\n<p>C\u2019est fr\u00e9quemment, une question de mobilit\u00e9. Sinon, et\/ou de parentalit\u00e9, de logement bien situ\u00e9, d\u2019acc\u00e8s, de compr\u00e9hension des outils num\u00e9riques, de sant\u00e9 ou encore de psychologie dans le rapport aux autres, de confiance en soi. Tous \u00ab\u00a0ces freins p\u00e9riph\u00e9riques qui emp\u00eachent encore trop souvent les publics \u00e9loign\u00e9s de l\u2019emploi de retrouver une activit\u00e9 durable\u00a0\u00bb, indique l\u2019Agence nationale pour la formation professionnelle des adultes (<a href=\"https:\/\/www.google.com\/url?sa=t&amp;source=web&amp;rct=j&amp;opi=89978449&amp;url=https:\/\/www.afpa.fr\/&amp;ved=2ahUKEwingdGXzsaOAxW8RaQEHbl-Bv0QFnoECAsQAQ&amp;usg=AOvVaw0cv8aYko3r95X6tsxi80VB\" target=\"_blank\" rel=\"noreferrer noopener\">Afpa<\/a>). Le concept de \u00ab\u00a0Village des solutions\u00a0\u00bb \u2013 village au sens virtuel naturellement \u2013 vise donc \u00e0 les lever depuis un seul et m\u00eame lieu plut\u00f4t que de promener en allers retours, d\u2019\u00e9tapes en \u00e9tapes chronophages et dispersives, les personnes concern\u00e9es par une ou plusieurs de ces probl\u00e9matiques via l\u2019engagement, dans la Loire, d\u2019une trentaine de partenaires<strong>* <\/strong>de l\u2019Afpa pouvant y r\u00e9pondre.<\/p>\n<p>Implant\u00e9e pour ce qui est de la <a href=\"https:\/\/www.if-saint-etienne.fr\/?s=Afpa\" target=\"_blank\" rel=\"noreferrer noopener\">Loire<\/a>, dans de nombreux m\u00e8tres carr\u00e9s multi sites au sein du quartier du Soleil \u00e0 Saint-Etienne, l\u2019Afpa\u00a0s\u2019autod\u00e9finit comme un \u00ab\u00a0membre du service public de l\u2019emploi, un op\u00e9rateur majeur de l\u2019accompagnement et de la formation professionnelle en France tous publics\u00a0\u00bb. CFA depuis 2019, \u00e0 l\u2019\u00e9chelle du pays, l\u2019Agence dit former \u00ab\u00a07 000 alternants par an\u00a0\u00bb, \u00eatre \u00ab\u00a0le partenaire formation et conseil de plus de 8 500 entreprises pour construire les comp\u00e9tences de demain et accompagner leurs besoins RH\u00a0\u00bb et avoir ainsi accompagn\u00e9 d\u2019une mani\u00e8re ou d\u2019une autre un total de pr\u00e8s de 132 000 personnes l\u2019an pass\u00e9, pr\u00e8s de 2\u00a0000 dans la Loire \/ Haute-Loire. Le chiffre variant entre 1\u00a0800 et 2\u00a0000 d\u2019une ann\u00e9e \u00e0 l\u2019autre en fonction des besoins de part et d\u2019autre. Une quarantaine d\u2019enseignants \/ formateurs les qualifie \u00e0 des emplois tous secteurs sauf agricole\u00a0: logistique, b\u00e2timent, tertiaire le plus souvent mais aussi un peu plus marginalement industrie.<\/p>\n<p>Consortium de l\u2019insertion sociale<\/p>\n<p>Lanc\u00e9 il y a d\u00e9j\u00e0 5 ans \u00e0 partir du constat des freins \u00e0 l\u2019emploi d\u00e9passant la capacit\u00e9 m\u00eame \u00e0 apprendre un m\u00e9tier propos\u00e9, le programme national de l\u2019Afpa \u00ab\u00a0<a href=\"https:\/\/www.google.com\/url?sa=t&amp;source=web&amp;rct=j&amp;opi=89978449&amp;url=https:\/\/www.afpa.fr\/&amp;ved=2ahUKEwingdGXzsaOAxW8RaQEHbl-Bv0QFnoECAsQAQ&amp;usg=AOvVaw0cv8aYko3r95X6tsxi80VB\" target=\"_blank\" rel=\"noreferrer noopener\">Village des solutions<\/a>\u00a0\u00bb vise donc \u00e0 agir \u00ab\u00a0en faveur de l\u2019inclusion et de la promotion sociale par l\u2019emploi au c\u0153ur des territoires. Il permet de cr\u00e9er une synergie entre tous les acteurs du territoire de l\u2019insertion et de l\u2019emploi\u00a0\u00bb. Un concept d\u00e9ploy\u00e9 partout en France depuis plusieurs ann\u00e9es et qui parmi ses 150 labellis\u00e9s \u2013 13 en AuRa \u2013 en interne compte depuis d\u00e9but 2025 celui de l\u2019Afpa Loire \/ Haute-Loire. Le projet a \u00e9t\u00e9 mis en \u0153uvre \u00e0 partir de janvier 2023 sous la direction de Serge Blanc, charg\u00e9 de mission sp\u00e9cifique \u00e0 ce sujet au sein de l\u2019agence. D\u00e9sormais, 30 boulevard du 8-Mai pr\u00e9cis\u00e9ment, 550 m2 de ses locaux y sont donc consacr\u00e9s pour permettre d\u2019acc\u00e9der, sur rendez-vous ou non, \u00e0 des \u00e9v\u00e9nements, des ateliers des permanences ou carr\u00e9ment des accompagnements personnalis\u00e9s assur\u00e9s par ses partenaires.<\/p>\n<p>Une sorte de guichet unique, un consortium, de l\u2019insertion sociale \u2013 \u00ab\u00a0tiers lieu\u00a0\u00bb pour reprendre une qualification plus vague mais \u00e0 la mode \u2013 visant \u00e0 mieux r\u00e9ussir celle purement professionnelle. La cr\u00e9ation du Village des solutions \u2013 dont le concept ne veut pas monolithique mais adapt\u00e9 au contexte socio-\u00e9conomique de chaque territoire \u2013 a exig\u00e9 des travaux d\u2019am\u00e9nagement. Si une partie a \u00e9t\u00e9 financ\u00e9e par le centre et gr\u00e2ce \u00e0 \u00ab\u00a0des chantiers p\u00e9dagogiques\u00a0\u00bb, elle a pour cela b\u00e9n\u00e9fici\u00e9 d\u2019une subvention d\u2019investissement (mais pas de fonctionnement) de la mairie concernant le vestiaire solidaire (service sp\u00e9cifique dans le village destin\u00e9 aux publics les plus \u00e9loign\u00e9s de l\u2019emploi).<\/p>\n<p>L\u2019Etat \u2013 comme la M\u00e9tropole et le D\u00e9partement \u2013 a aussi appuy\u00e9 la d\u00e9marche mais au niveau d\u2019un de ses \u00e9l\u00e9ments qu\u2019est donc le \u00ab\u00a0vestiaire solidaire\u00a0\u00bb, dispositif qui \u00e0 Saint-Etienne a remplac\u00e9 celui dit \u00ab\u00a0Z\u00e9ro Ch\u00f4meur\u00a0\u00bb, programme gouvernemental localement abandonn\u00e9 car jug\u00e9e par les \u00e9lus locaux tenant les ex\u00e9cutifs comme pas assez souple et donc inadapt\u00e9 au bassin de vie sud Loire. De quoi, du coup, donner lieu \u00e0 une c\u00e9r\u00e9monie \/ visite inauguratrice le 19 juin en pr\u00e9sence des repr\u00e9sentants r\u00e9gionaux de l\u2019Afpa mais aussi de la municipalit\u00e9, de l\u2019Etat ou encore de Saint-Etienne M\u00e9tropole qui annonce ici m\u00eame le lancement d\u2019\u00e9tudes d\u2019un nouveau projet sous son \u00e9gide\u00a0: \u00ab\u00a0une cit\u00e9 circulaire\u00a0\u00bb, esp\u00e9r\u00e9e en fonction en 2030, autour du r\u00e9emploi des mat\u00e9riaux et de ses m\u00e9tiers.<\/p>\n<p><strong>* Dont pour la Loire, ACI Atelier Chantier Insertion, Action Logement, Aesio Sant\u00e9, BTP CFA AURA, Chrysalide, la Cit\u00e9 du Design Saint Etienne, la CPME 42, l\u2019E2C Loire, l\u2019Ecole sup\u00e9rieure d\u2019art et design de Saint-Etienne, Entraide Pierre Valdo, Face Loire, Ferguss, Forez Entreprendre, le Geiq BTP 42, Germinal, ID\u2019EES Interim, la Maison de quartier du soleil, la MIFE Loire Sud, Ocivelo, Transitions Pro, Tremplin 42.<\/strong><\/p>\n","protected":false},"excerpt":{"rendered":"Pr\u00e8s de 3 ans de cheminement viennent d\u2019aboutir au sein de l\u2019Afpa Loire implant\u00e9e dans le quartier du&hellip;\n","protected":false},"author":2,"featured_media":256626,"comment_status":"","ping_status":"","sticky":false,"template":"","format":"standard","meta":{"footnotes":""},"categories":[9653],"tags":[1111,11,39656,39657,2430,9119,1777,674,1011,27,6353,39658,20234,12,25,4001,39659],"class_list":{"0":"post-256625","1":"post","2":"type-post","3":"status-publish","4":"format-standard","5":"has-post-thumbnail","7":"category-saint-etienne","8":"tag-actu","9":"tag-actualites","10":"tag-afpa","11":"tag-afpa-saint-etienne","12":"tag-auvergne-rhone-alpes","13":"tag-dispositif","14":"tag-eu","15":"tag-europe","16":"tag-fr","17":"tag-france","18":"tag-insertion","19":"tag-insertion-par-lemploi","20":"tag-insertion-professionnelle","21":"tag-news","22":"tag-republique-francaise","23":"tag-saint-etienne","24":"tag-village-des-solutions"},"share_on_mastodon":{"url":"https:\/\/pubeurope.com\/@fr\/114874881533285568","error":""},"_links":{"self":[{"href":"https:\/\/www.europesays.com\/fr\/wp-json\/wp\/v2\/posts\/256625","targetHints":{"allow":["GET"]}}],"collection":[{"href":"https:\/\/www.europesays.com\/fr\/wp-json\/wp\/v2\/posts"}],"about":[{"href":"https:\/\/www.europesays.com\/fr\/wp-json\/wp\/v2\/types\/post"}],"author":[{"embeddable":true,"href":"https:\/\/www.europesays.com\/fr\/wp-json\/wp\/v2\/users\/2"}],"replies":[{"embeddable":true,"href":"https:\/\/www.europesays.com\/fr\/wp-json\/wp\/v2\/comments?post=256625"}],"version-history":[{"count":0,"href":"https:\/\/www.europesays.com\/fr\/wp-json\/wp\/v2\/posts\/256625\/revisions"}],"wp:featuredmedia":[{"embeddable":true,"href":"https:\/\/www.europesays.com\/fr\/wp-json\/wp\/v2\/media\/256626"}],"wp:attachment":[{"href":"https:\/\/www.europesays.com\/fr\/wp-json\/wp\/v2\/media?parent=256625"}],"wp:term":[{"taxonomy":"category","embeddable":true,"href":"https:\/\/www.europesays.com\/fr\/wp-json\/wp\/v2\/categories?post=256625"},{"taxonomy":"post_tag","embeddable":true,"href":"https:\/\/www.europesays.com\/fr\/wp-json\/wp\/v2\/tags?post=256625"}],"curies":[{"name":"wp","href":"https:\/\/api.w.org\/{rel}","templated":true}]}}