{"id":256631,"date":"2025-07-18T15:14:21","date_gmt":"2025-07-18T15:14:21","guid":{"rendered":"https:\/\/www.europesays.com\/fr\/256631\/"},"modified":"2025-07-18T15:14:21","modified_gmt":"2025-07-18T15:14:21","slug":"combien-de-millions-deuros-a-coute-le-projet-a-la-ville-de-nancy-avant-son-abandon","status":"publish","type":"post","link":"https:\/\/www.europesays.com\/fr\/256631\/","title":{"rendered":"combien de millions d&rsquo;euros a co\u00fbt\u00e9 le projet \u00e0 la Ville de Nancy avant son abandon\u00a0?"},"content":{"rendered":"<p>            Par<br \/>\n        <strong><br \/>\n            <a href=\"https:\/\/actu.fr\/auteur\/pierre-emile-bouchy-actu-fr\" title=\"Consulter tous les articles de Paul-Emile Bouchy\" target=\"_blank\" rel=\"noopener\">Paul-Emile Bouchy<\/a><br \/>\n        <\/strong><\/p>\n<p>        Publi\u00e9 le<\/p>\n<p>            18 juil. 2025 \u00e0 16h37        <\/p>\n<p>Lors d\u2019une conf\u00e9rence de presse lundi 16 juin 2025, le maire de Nancy Mathieu Klein a annonc\u00e9 <a href=\"https:\/\/actu.fr\/grand-est\/nancy_54395\/nancy-le-musee-lorrain-ne-rouvrira-finalement-pas-avant-2033-voici-pourquoi_62779657.html\" target=\"_blank\" rel=\"noopener\">l\u2019abandon du projet actuel du mus\u00e9e Lorrain<\/a>. Lanc\u00e9 par l\u2019ancien maire Laurent H\u00e9nart, le projet avait \u00e9t\u00e9 plusieurs fois modifi\u00e9 jusqu\u2019\u00e0 <a href=\"https:\/\/actu.fr\/grand-est\/nancy_54395\/nancy-a-quoi-va-ressembler-le-futur-musee-lorrain-on-vous-dit-tout_59675990.html\" target=\"_blank\" rel=\"noopener\">la derni\u00e8re version<\/a> qui pr\u00e9voyait un espace souterrain et la d\u00e9molition du b\u00e2timent dit \u00ab\u00a0de l\u2019\u00e9cole des gar\u00e7ons\u00a0\u00bb.<br \/>Comme l\u2019a dit Mathieu Klein, <a href=\"https:\/\/actu.fr\/grand-est\/nancy_54395\/la-ville-de-nancy-abandonne-le-projet-du-musee-lorrain-voici-ce-qui-est-desormais-prevu_62780467.html\" target=\"_blank\" rel=\"noopener\">abandonner le projet pour cr\u00e9er un mus\u00e9e concentr\u00e9 dans tous les niveaux du palais ducal<\/a> signifie <strong>repartir de z\u00e9ro<\/strong>, tant sur le plan technique que financier. Pourtant, <strong>plusieurs millions d\u2019euros avaient d\u00e9j\u00e0 \u00e9t\u00e9 investis<\/strong>.<\/p>\n<p>Pr\u00e8s de 8 millions d\u2019euros perdus pour la Ville de Nancy<\/p>\n<p class=\" wall-content\">Contact\u00e9e par Lorraine Actu, la Ville de Nancy indique que <strong>depuis 2008, 16,3 millions d\u2019euros HT <\/strong>ont \u00e9t\u00e9 investis dans le <a href=\"https:\/\/actu.fr\/tag\/musee-lorrain\" target=\"_blank\" rel=\"noopener\">mus\u00e9e Lorrain<\/a>. Parmi ces investissements, <strong>5,74 millions d\u2019euros sont propres au pr\u00e9c\u00e9dent projet<\/strong> et correspondent aux co\u00fbts de la ma\u00eetrise d\u2019\u0153uvre et de la ma\u00eetrise d\u2019ouvrage. Avec son abandon, <strong>environ 2,2 millions d\u2019euros d\u2019indemnit\u00e9s<\/strong> vont aussi devoir \u00eatre vers\u00e9s aux entreprises, ce qui fait grimper la somme totale \u00ab\u00a0perdue\u00a0\u00bb \u00e0 <strong>7,94 millions d\u2019euros HT.<\/strong><\/p>\n<p class=\" wall-content\">Le reste des investissements concerne notamment <strong>la restauration des \u0153uvres d\u2019art (1,84 million d\u2019euros)<\/strong> ou encore <strong>la r\u00e9alisation des fondations sp\u00e9ciales, de la tranch\u00e9e drainante et des fouilles (5,5 millions d\u2019euros)<\/strong>, \u00e9tape indispensable quel que soit le projet.<\/p>\n<p>Un abandon du projet guid\u00e9 par des raisons budg\u00e9taires<\/p>\n<p class=\" wall-content\">Si pr\u00e8s de 8 millions d\u2019euros vont \u00eatre perdus avec l\u2019abandon de ce projet, Mathieu Klein a justifi\u00e9 <strong>cette d\u00e9cision par une question financi\u00e8re<\/strong> : \u00ab\u00a0Nous sommes \u00e0 ce jour dans une situation qui n\u2019est d\u00e9sormais plus soutenable. Nous \u00e9tions partis d\u2019une enveloppe de 43 millions d\u2019euros HT en 2017, r\u00e9\u00e9valu\u00e9e \u00e0 51 millions d\u2019euros en 2024 et \u00e9valu\u00e9e cette ann\u00e9e \u00e0 54,5 millions d\u2019euros. <strong>Chaque semestre qui passe, c\u2019est un montant de l\u2019ordre d\u2019un million d\u2019euros suppl\u00e9mentaire qui vient s\u2019ajouter \u00e0 la note.<\/strong>\u00ab\u00a0<\/p>\n<p class=\" wall-content\">Alors qu\u2019il estime qu\u2019il est n\u00e9cessaire de \u00ab\u00a0reprendre le contr\u00f4le\u00a0\u00bb et que \u00ab\u00a0la balance b\u00e9n\u00e9fice-risque du projet n\u2019est plus \u00e9quilibr\u00e9e\u00a0\u00bb, le maire de Nancy assure que <strong>le co\u00fbt du prochain projet sera \u00ab\u00a0\u00e0 plusieurs millions d\u2019euros de moins que le prix final du projet actuel\u00a0\u00bb<\/strong> qui allait continuer \u00e0 augmenter.<\/p>\n<p>\u00ab\u00a0Une d\u00e9cision incompr\u00e9hensible\u00a0\u00bb pour Laurent H\u00e9nart<\/p>\n<p class=\" wall-content\">Pour Laurent H\u00e9nart, initiateur du projet durant son mandat, cette d\u00e9cision est \u00ab\u00a0incompr\u00e9hensible\u00a0\u00bb : \u00ab\u00a0Le projet a d\u00e9j\u00e0 augment\u00e9 de 12 millions d\u2019euros et l\u00e0, <strong>on perd aussi les 26 millions de subventions de l\u2019\u00c9tat et des collectivit\u00e9s<\/strong> que nous avions \u00e9t\u00e9 all\u00e9s chercher.\u00a0\u00bb<\/p>\n<blockquote class=\"ac-article-quote wall-content\">\n<p>On r\u00e9voque la ma\u00eetrise d&rsquo;\u0153uvre alors qu&rsquo;elle a acquis une vraie expertise sur le mus\u00e9e. Il aurait \u00e9t\u00e9 pr\u00e9f\u00e9rable de suspendre le projet en attendant la d\u00e9cision du recours (men\u00e9e devant la Justice pour des associations de d\u00e9fense du patrimoine. ndlr). Il ne fallait pas l&rsquo;abandonner mais le modifier.<\/p>\n<p>    <strong>Laurent H\u00e9nart<\/strong><br \/>\n        Ancien maire de Nancy (2014-2020)    <\/p><\/blockquote>\n<p class=\" wall-content\">Pour lui, la simplification du projet aurait d\u00fb \u00eatre faite d\u00e8s que <a href=\"https:\/\/actu.fr\/grand-est\/nancy_54395\/la-justice-annule-le-projet-d-extension-du-musee-lorrain-de-nancy-projet-phare-de-l-ancien-maire_38138679.html\" target=\"_blank\" rel=\"noopener\">la justice avait annul\u00e9 le projet d\u2019extension en d\u00e9cembre 2020<\/a>. \u00ab\u00a0Lors du conseil municipal en avril, <strong>j\u2019avais pr\u00f4n\u00e9 la simplification du projet en ne faisant pas d\u2019extension en sous-sol et une utilisation pleine et enti\u00e8re des b\u00e2timents<\/strong>. Je souhaite un projet qui valorise l\u2019ensemble du site, qui permet de rouvrir le mus\u00e9e Lorrain le plus rapidement possible pour que les Nanc\u00e9iens puissent en profiter\u00a0\u00bb, conclut M. H\u00e9nart.<\/p>\n<p class=\" wall-content\">Suivez toute l\u2019actualit\u00e9 de vos villes et m\u00e9dias favoris en vous inscrivant \u00e0 <a href=\"https:\/\/moncompte.actu.fr\" title=\"D\u00e9couvez Mon Actu\" rel=\"nofollow noopener\" data-trk=\"{&quot;cta&quot;:{&quot;action&quot;:&quot;https:\\\/\\\/moncompte.actu.fr&quot;,&quot;category&quot;:&quot;mon compte&quot;,&quot;from&quot;:&quot;article footer&quot;,&quot;name&quot;:&quot;Mon actu&quot;,&quot;type&quot;:&quot;cta&quot;}}\" target=\"_blank\">Mon Actu<\/a>.<\/p>\n<ul class=\"ac-article-tag wall-content\">\n<li><a href=\"https:\/\/actu.fr\/tag\/musee-lorrain\" data-trk=\"{&quot;cta&quot;:{&quot;action&quot;:&quot;Mus\\u00e9e Lorrain&quot;,&quot;category&quot;:&quot;tag&quot;,&quot;from&quot;:&quot;article footer&quot;,&quot;name&quot;:&quot;Mus\\u00e9e Lorrain&quot;,&quot;type&quot;:&quot;cta&quot;}}\" target=\"_blank\" rel=\"noopener\">#Mus\u00e9e Lorrain<\/a><\/li>\n<li><a href=\"https:\/\/actu.fr\/tag\/patrimoine\" data-trk=\"{&quot;cta&quot;:{&quot;action&quot;:&quot;Patrimoine&quot;,&quot;category&quot;:&quot;tag&quot;,&quot;from&quot;:&quot;article footer&quot;,&quot;name&quot;:&quot;Patrimoine&quot;,&quot;type&quot;:&quot;cta&quot;}}\" target=\"_blank\" rel=\"noopener\">#Patrimoine<\/a><\/li>\n<\/ul>\n","protected":false},"excerpt":{"rendered":"Par Paul-Emile Bouchy Publi\u00e9 le 18 juil. 2025 \u00e0 16h37 Lors d\u2019une conf\u00e9rence de presse lundi 16 juin&hellip;\n","protected":false},"author":2,"featured_media":256632,"comment_status":"","ping_status":"","sticky":false,"template":"","format":"standard","meta":{"footnotes":""},"categories":[9635],"tags":[1111,11,1777,674,1011,27,775,31882,1702,12,2551,25,104],"class_list":{"0":"post-256631","1":"post","2":"type-post","3":"status-publish","4":"format-standard","5":"has-post-thumbnail","7":"category-nancy","8":"tag-actu","9":"tag-actualites","10":"tag-eu","11":"tag-europe","12":"tag-fr","13":"tag-france","14":"tag-grand-est","15":"tag-musee-lorrain","16":"tag-nancy","17":"tag-news","18":"tag-patrimoine","19":"tag-republique-francaise","20":"tag-societe"},"share_on_mastodon":{"url":"https:\/\/pubeurope.com\/@fr\/114874893128327032","error":""},"_links":{"self":[{"href":"https:\/\/www.europesays.com\/fr\/wp-json\/wp\/v2\/posts\/256631","targetHints":{"allow":["GET"]}}],"collection":[{"href":"https:\/\/www.europesays.com\/fr\/wp-json\/wp\/v2\/posts"}],"about":[{"href":"https:\/\/www.europesays.com\/fr\/wp-json\/wp\/v2\/types\/post"}],"author":[{"embeddable":true,"href":"https:\/\/www.europesays.com\/fr\/wp-json\/wp\/v2\/users\/2"}],"replies":[{"embeddable":true,"href":"https:\/\/www.europesays.com\/fr\/wp-json\/wp\/v2\/comments?post=256631"}],"version-history":[{"count":0,"href":"https:\/\/www.europesays.com\/fr\/wp-json\/wp\/v2\/posts\/256631\/revisions"}],"wp:featuredmedia":[{"embeddable":true,"href":"https:\/\/www.europesays.com\/fr\/wp-json\/wp\/v2\/media\/256632"}],"wp:attachment":[{"href":"https:\/\/www.europesays.com\/fr\/wp-json\/wp\/v2\/media?parent=256631"}],"wp:term":[{"taxonomy":"category","embeddable":true,"href":"https:\/\/www.europesays.com\/fr\/wp-json\/wp\/v2\/categories?post=256631"},{"taxonomy":"post_tag","embeddable":true,"href":"https:\/\/www.europesays.com\/fr\/wp-json\/wp\/v2\/tags?post=256631"}],"curies":[{"name":"wp","href":"https:\/\/api.w.org\/{rel}","templated":true}]}}