{"id":256658,"date":"2025-07-18T15:31:18","date_gmt":"2025-07-18T15:31:18","guid":{"rendered":"https:\/\/www.europesays.com\/fr\/256658\/"},"modified":"2025-07-18T15:31:18","modified_gmt":"2025-07-18T15:31:18","slug":"le-fc-nantes-recrute-un-avant-centre-vintage-france-fc-nantes","status":"publish","type":"post","link":"https:\/\/www.europesays.com\/fr\/256658\/","title":{"rendered":"Le FC Nantes recrute un avant-centre vintage &#8211; France &#8211; FC Nantes"},"content":{"rendered":"<p>Joli coup sur le mercato 2014.<\/p>\n<p><a target=\"_blank\" href=\"https:\/\/www.sofoot.com\/breves\/mercato-youssef-el-arabi-devrait-faire-son-retour-en-ligue-1-et-se-poser-a-nantes\" rel=\"nofollow noopener\">Comme pressenti depuis le d\u00e9but de cette semaine<\/a>, <strong>Youssef El-Arabi a sign\u00e9 au FC Nantes jusqu\u2019en 2026<\/strong> avec une ann\u00e9e en option. Le club de la Cit\u00e9 des Ducs de Bretagne a <a target=\"_blank\" href=\"https:\/\/www.fcnantes.com\/articles\/article2809.php?num=47525\" rel=\"nofollow noopener\">officialis\u00e9 son arriv\u00e9e ce vendredi.<\/a> Treize ans apr\u00e8s son dernier passage en Ligue 1, au Stade Malherbe de Caen <a target=\"_blank\" href=\"https:\/\/www.sofoot.com\/articles\/je-pensais-signer-dans-un-grand-club-en-france\" rel=\"nofollow noopener\">o\u00f9 il avait inscrit 17 buts en 2011<\/a>, <strong>le Marocain revient dans l\u2019\u00e9lite du football fran\u00e7ais sous la tunique jaune et vert.<\/strong><\/p>\n<p>\u00c0 38 ans, l\u2019ancien avant-centre de l\u2019Olympiakos\u00a0<strong>apportera son exp\u00e9rience au sein d\u2019un effectif rajeuni<\/strong> par les d\u00e9parts de Nicolas Pallois, Marcus Coco, Florent Mollet, <a target=\"_blank\" href=\"https:\/\/www.sofoot.com\/breves\/mercato-alban-lafont-va-rejoindre-le-panathinaikos-en-pret-apres-six-mois-de-placard-a-nantes\" rel=\"nofollow noopener\">Alban Lafont<\/a>, Moses Simon et enfin Pedro Chirivella, survenus \u00e0 l\u2019intersaison sur les bords de l\u2019Erdre, en attendant ceux de <a target=\"_blank\" href=\"https:\/\/www.sofoot.com\/breves\/un-rebond-etonnant-pour-tino-kadewere-a-laris-salonique\" rel=\"nofollow noopener\">Kadewere<\/a> et Castelletto.<\/p>\n<p>Qui a dit que la France \u00e9tait un pays de pr\u00e9retrait\u00e9s ?<\/p>\n<p>\t\t\t\t\t\t\t\t\t\t<a class=\"lien-connexe\" href=\"https:\/\/www.sofoot.com\/breves\/nantes-prete-alban-lafont-au-panathinaikos-un-an-sans-option-dachat\" rel=\"nofollow noopener\" target=\"_blank\">Nantes refile un ind\u00e9sirable en Gr\u00e8ce<\/a>\t\t\t\t\t<\/p>\n","protected":false},"excerpt":{"rendered":"Joli coup sur le mercato 2014. Comme pressenti depuis le d\u00e9but de cette semaine, Youssef El-Arabi a sign\u00e9&hellip;\n","protected":false},"author":2,"featured_media":256659,"comment_status":"","ping_status":"","sticky":false,"template":"","format":"standard","meta":{"footnotes":""},"categories":[2818],"tags":[1111,47,11,61,69,65,64,1777,674,63,1011,27,68,66,766,12,62,2636,70,25,67],"class_list":{"0":"post-256658","1":"post","2":"type-post","3":"status-publish","4":"format-standard","5":"has-post-thumbnail","7":"category-nantes","8":"tag-actu","9":"tag-actualite","10":"tag-actualites","11":"tag-actus-football","12":"tag-bundesliga","13":"tag-championnats-europeens","14":"tag-equipe-de-france","15":"tag-eu","16":"tag-europe","17":"tag-football","18":"tag-fr","19":"tag-france","20":"tag-ligua","21":"tag-ligue-1","22":"tag-nantes","23":"tag-news","24":"tag-news-foot","25":"tag-pays-de-la-loire","26":"tag-premier-league","27":"tag-republique-francaise","28":"tag-serie-a"},"share_on_mastodon":{"url":"https:\/\/pubeurope.com\/@fr\/114874960025320913","error":""},"_links":{"self":[{"href":"https:\/\/www.europesays.com\/fr\/wp-json\/wp\/v2\/posts\/256658","targetHints":{"allow":["GET"]}}],"collection":[{"href":"https:\/\/www.europesays.com\/fr\/wp-json\/wp\/v2\/posts"}],"about":[{"href":"https:\/\/www.europesays.com\/fr\/wp-json\/wp\/v2\/types\/post"}],"author":[{"embeddable":true,"href":"https:\/\/www.europesays.com\/fr\/wp-json\/wp\/v2\/users\/2"}],"replies":[{"embeddable":true,"href":"https:\/\/www.europesays.com\/fr\/wp-json\/wp\/v2\/comments?post=256658"}],"version-history":[{"count":0,"href":"https:\/\/www.europesays.com\/fr\/wp-json\/wp\/v2\/posts\/256658\/revisions"}],"wp:featuredmedia":[{"embeddable":true,"href":"https:\/\/www.europesays.com\/fr\/wp-json\/wp\/v2\/media\/256659"}],"wp:attachment":[{"href":"https:\/\/www.europesays.com\/fr\/wp-json\/wp\/v2\/media?parent=256658"}],"wp:term":[{"taxonomy":"category","embeddable":true,"href":"https:\/\/www.europesays.com\/fr\/wp-json\/wp\/v2\/categories?post=256658"},{"taxonomy":"post_tag","embeddable":true,"href":"https:\/\/www.europesays.com\/fr\/wp-json\/wp\/v2\/tags?post=256658"}],"curies":[{"name":"wp","href":"https:\/\/api.w.org\/{rel}","templated":true}]}}