{"id":256662,"date":"2025-07-18T15:33:11","date_gmt":"2025-07-18T15:33:11","guid":{"rendered":"https:\/\/www.europesays.com\/fr\/256662\/"},"modified":"2025-07-18T15:33:11","modified_gmt":"2025-07-18T15:33:11","slug":"le-fc-montlouis-connait-son-calendrier-les-girondins-de-bordeaux-a-domicile-le-13-decembre","status":"publish","type":"post","link":"https:\/\/www.europesays.com\/fr\/256662\/","title":{"rendered":"le FC Montlouis conna\u00eet son calendrier, les Girondins de Bordeaux \u00e0 domicile le 13 d\u00e9cembre"},"content":{"rendered":"<p>La grande premi\u00e8re du FC Montlouis au quatri\u00e8me \u00e9chelon du football masculin fran\u00e7ais sera le week-end du 16\u00a0ao\u00fbt 2025. Ce sera avec un d\u00e9placement difficile \u00e0 Saint-Malo, longtemps leader de son groupe de N2 la saison derni\u00e8re, avant de terminer 3e. C\u2019est \u00e9galement contre Saint-Malo que Montlouis cl\u00f4turera la saison, \u00e0 domicile, le week-end du 16\u00a0mai 2026.<\/p>\n<p>Parmi les rencontres les plus attendues, Montlouis recevra les Girondins de Bordeaux, autre cador de la poule (4e\u00a0l\u2019an pass\u00e9) lors de la 13e\u00a0journ\u00e9e, le week-end du 13\u00a0d\u00e9cembre. Le match retour, au Matmut Atlantique (42.115 places), aura lieu le week-end du 25\u00a0avril, pour le compte de la 27e\u00a0journ\u00e9e.<\/p>\n<p>Autre double confrontation relev\u00e9e, le FC Montlouis recevra le week-end du 22\u00a0novembre (11e\u00a0journ\u00e9e) Les Herbiers, 2e\u00a0la saison pass\u00e9e, et finaliste de la Coupe de France en 2018. Les Montlouisiens se rendront en Vend\u00e9e lors de la 25e\u00a0journ\u00e9e, le week-end du 11\u00a0avril.<\/p>\n<p>Trois derbies seront au programme pour le FC Montlouis\u00a0: le FC Chauray (Deux-S\u00e8vres), le Stade poitevin (Vienne), et l\u2019OL Saumur FC (Maine-et-Loire) \u2013 <a target=\"_self\" href=\"https:\/\/www.lanouvellerepublique.fr\/indre-et-loire\/commune\/montlouis-sur-loire\/national-2-le-fc-montlouis-mise-sur-l-efficacite-de-wail-bouhoutt-1752247865\" rel=\"noopener\">l\u2019ancien club de Wail Bouhoutt<\/a>. Une premi\u00e8re salve aura lieu en d\u00e9but de saison, avec les d\u00e9placements \u00e0 Poitiers (3e\u00a0journ\u00e9e, week-end du 30\u00a0ao\u00fbt) et Chauray (5e\u00a0journ\u00e9e, week-end du 13\u00a0septembre). Un deuxi\u00e8me encha\u00eenement se d\u00e9roulera d\u00e9but 2026, avec les r\u00e9ceptions de Saumur (15e\u00a0journ\u00e9e, week-end du 17\u00a0janvier), Poitiers (17e\u00a0journ\u00e9e, week-end du 7\u00a0f\u00e9vrier), et Chauray (19e\u00a0journ\u00e9e, week-end du 21\u00a0f\u00e9vrier). Enfin, le d\u00e9placement \u00e0 Saumur sera le dernier de cet exercice 2025-2026 pour Montlouis (29e\u00a0journ\u00e9e, le week-end du 9\u00a0mai).<\/p>\n<p>Le calendrier complet<\/p>\n<p>&gt; Saint-Malo\u00a0: aller le 16\u00a0ao\u00fbt (J1, ext\u00e9rieur), retour le 16\u00a0mai (J30 domicile).<br \/>&gt; Angoul\u00eame\u00a0: aller le 23\u00a0ao\u00fbt (J2, domicile), retour le 24\u00a0janvier (J16, ext\u00e9rieur).<br \/>&gt; Poitiers\u00a0: aller le 30\u00a0ao\u00fbt (J3, ext\u00e9rieur), retour le 7\u00a0f\u00e9vrier (J17, domicile).<br \/>&gt; La Roche-sur-Yon\u00a0: aller le 6\u00a0septembre (J4, domicile), retour le 14\u00a0f\u00e9vrier (J18, ext\u00e9rieur).<br \/>&gt; Chauray\u00a0: aller le 13\u00a0septembre (J5, ext\u00e9rieur), retour le 21\u00a0f\u00e9vrier (J19, domicile).<br \/>&gt; Locmin\u00e9\u00a0&#8211; Saint-Colomban\u00a0: aller le 20\u00a0septembre (J6, domicile), retour le 7\u00a0mars (J20, ext\u00e9rieur).<br \/>&gt; FC Lorient (B)\u00a0: aller le 4\u00a0octobre (J7, ext\u00e9rieur), retour le 14\u00a0mars (J21, domicile).<br \/>&gt; Dinan L\u00e9hon\u00a0: aller le 18\u00a0octobre (J8, domicile), retour le 21\u00a0mars (J22, ext\u00e9rieur). <br \/>&gt; Granville\u00a0: aller le 1er\u00a0novembre (J9, ext\u00e9rieur), retour le 28\u00a0mars (J23, domicile).<br \/>&gt; Bayonne\u00a0: aller le 8\u00a0novembre (J10, ext\u00e9rieur), retour le 4\u00a0avril (J24, domicile).<br \/>&gt; Les Herbiers\u00a0: aller le 22\u00a0novembre (J11, domicile), retour le 11\u00a0avril (J25, ext\u00e9rieur).<br \/>&gt; Avranches\u00a0: aller le 6\u00a0d\u00e9cembre (J12, ext\u00e9rieur), retour le 18\u00a0avril (J26, domicile).<br \/>&gt; Bordeaux\u00a0: aller le 13\u00a0d\u00e9cembre (J13, domicile), retour le 25\u00a0avril (J27, ext\u00e9rieur).<br \/>&gt; Ch\u00e2teaubriant\u00a0: aller le 10\u00a0janvier (J14, ext\u00e9rieur), retour le 2\u00a0mai (J28, domicile).<br \/>&gt;Saumur\u00a0: aller le 17\u00a0janvier (J15, domicile), retour le 9\u00a0mai (J29, ext\u00e9rieur).<\/p>\n","protected":false},"excerpt":{"rendered":"La grande premi\u00e8re du FC Montlouis au quatri\u00e8me \u00e9chelon du football masculin fran\u00e7ais sera le week-end du 16\u00a0ao\u00fbt&hellip;\n","protected":false},"author":2,"featured_media":256663,"comment_status":"","ping_status":"","sticky":false,"template":"","format":"standard","meta":{"footnotes":""},"categories":[2817],"tags":[1111,11,1997,1777,674,63,1011,27,1387,21131,22485,12,2219,25,60],"class_list":{"0":"post-256662","1":"post","2":"type-post","3":"status-publish","4":"format-standard","5":"has-post-thumbnail","7":"category-bordeaux","8":"tag-actu","9":"tag-actualites","10":"tag-bordeaux","11":"tag-eu","12":"tag-europe","13":"tag-football","14":"tag-fr","15":"tag-france","16":"tag-indre-et-loire","17":"tag-montlouis-sur-loire","18":"tag-nationaux-football","19":"tag-news","20":"tag-nouvelle-aquitaine","21":"tag-republique-francaise","22":"tag-sports"},"share_on_mastodon":{"url":"https:\/\/pubeurope.com\/@fr\/114874967893510520","error":""},"_links":{"self":[{"href":"https:\/\/www.europesays.com\/fr\/wp-json\/wp\/v2\/posts\/256662","targetHints":{"allow":["GET"]}}],"collection":[{"href":"https:\/\/www.europesays.com\/fr\/wp-json\/wp\/v2\/posts"}],"about":[{"href":"https:\/\/www.europesays.com\/fr\/wp-json\/wp\/v2\/types\/post"}],"author":[{"embeddable":true,"href":"https:\/\/www.europesays.com\/fr\/wp-json\/wp\/v2\/users\/2"}],"replies":[{"embeddable":true,"href":"https:\/\/www.europesays.com\/fr\/wp-json\/wp\/v2\/comments?post=256662"}],"version-history":[{"count":0,"href":"https:\/\/www.europesays.com\/fr\/wp-json\/wp\/v2\/posts\/256662\/revisions"}],"wp:featuredmedia":[{"embeddable":true,"href":"https:\/\/www.europesays.com\/fr\/wp-json\/wp\/v2\/media\/256663"}],"wp:attachment":[{"href":"https:\/\/www.europesays.com\/fr\/wp-json\/wp\/v2\/media?parent=256662"}],"wp:term":[{"taxonomy":"category","embeddable":true,"href":"https:\/\/www.europesays.com\/fr\/wp-json\/wp\/v2\/categories?post=256662"},{"taxonomy":"post_tag","embeddable":true,"href":"https:\/\/www.europesays.com\/fr\/wp-json\/wp\/v2\/tags?post=256662"}],"curies":[{"name":"wp","href":"https:\/\/api.w.org\/{rel}","templated":true}]}}