{"id":256664,"date":"2025-07-18T15:34:23","date_gmt":"2025-07-18T15:34:23","guid":{"rendered":"https:\/\/www.europesays.com\/fr\/256664\/"},"modified":"2025-07-18T15:34:23","modified_gmt":"2025-07-18T15:34:23","slug":"comment-ce-datacenter-de-toulouse-va-chauffer-lequivalent-de-1-800-logements-pour-eviter-le-gaspillage","status":"publish","type":"post","link":"https:\/\/www.europesays.com\/fr\/256664\/","title":{"rendered":"Comment ce datacenter de Toulouse va chauffer l&rsquo;\u00e9quivalent de 1 800 logements, pour \u00e9viter le gaspillage"},"content":{"rendered":"<p>            Par<br \/>\n        <strong><br \/>\n            <a href=\"https:\/\/actu.fr\/auteur\/redaction-toulouse\" title=\"Consulter tous les articles de R\u00e9daction de Toulouse\" target=\"_blank\" rel=\"noopener\">R\u00e9daction de Toulouse<\/a><br \/>\n        <\/strong><\/p>\n<p>        Publi\u00e9 le<\/p>\n<p>            18 juil. 2025 \u00e0 15h22        <\/p>\n<p>Au coeur de <a href=\"https:\/\/actu.fr\/occitanie\/toulouse_31555\/nouveaux-immeubles-parc-passerelle-en-2025-ce-quartier-au-bord-du-peripherique-va-evoluer_62019631.html\" target=\"_blank\" rel=\"noopener\">Toulouse A\u00e9rospace<\/a>, un centre de donn\u00e9es (dit datacenter) de 850 m\u00e8tres carr\u00e9s s\u2019\u00e9tale sous le b\u00e2timent de l\u2019espace Cl\u00e9ment Ader, cachant d\u2019impressionnantes machines. Entre les pr\u00e9visions de <a href=\"https:\/\/actu.fr\/meteo\" target=\"_blank\" rel=\"noopener\">M\u00e9t\u00e9o-France<\/a> et la recherche en physique quantique, les <strong>supercalculateurs<\/strong>\u00a0ne font pas que brasser des donn\u00e9es pour la science : leur chaleur <strong>sert \u00e0 chauffer des b\u00e2timents. <\/strong>Un syst\u00e8me qui devient la norme pour mieux faire accepter ces ogres \u00e9nerg\u00e9tiques.<\/p>\n<p>    <a href=\"https:\/\/www.google.com\/maps\/embed?pb=!1m18!1m12!1m3!1d8176.982816886356!2d1.4823739428825278!3d43.56488310681166!2m3!1f0!2f0!3f0!3m2!1i1024!2i768!4f13.1!3m3!1m2!1s0x12aebdcf9fec1539%3A0x37d38d066e691abb!2sEspace%20Cl%C3%A9ment%20Ader%2C%203%20Rue%20Caroline%20Aigle%2C%2031400%20Toulouse!5e0!3m2!1sen!2sfr!4v1752844616446!5m2!1sen!2sfr\" title=\"Ouvrie le lien\" target=\"_blank\" rel=\"noopener\">Cliquez ici pour visualiser le contenu<\/a><\/p>\n<p class=\" wall-content\">Nich\u00e9s dans des armoires de serveurs, appel\u00e9es \u00ab\u00a0rack\u00a0\u00bb, les processeurs<strong> \u00e9mettent beaucoup de chaleur<\/strong> quand ils effectuent des calculs, d\u2019o\u00f9 le besoin de les refroidir en permanence pour leur fonctionnement optimal.<\/p>\n<p class=\" wall-content\">Sans quoi \u00ab\u00a0\u00e7a fondrait\u00a0\u00bb et \u00ab\u00a0on serait oblig\u00e9 de les \u00e9teindre petit \u00e0 petit\u00a0\u00bb, explique Georges Da Costa, responsable num\u00e9rique de la Communaut\u00e9 d\u2019universit\u00e9s et \u00e9tablissements de Toulouse, depuis la plateforme r\u00e9gionale de calcul intensif.<\/p>\n<p>Que contient ce centre de donn\u00e9es ?<\/p>\n<p class=\" wall-content\">Le visiteur y est accueilli par un ronronnement puissant, celui des souffleries de traitement d\u2019air et de ventilation. Dans cette salle toute blanche, le <strong>supercalculateur de M\u00e9t\u00e9o-France<\/strong> brasse les donn\u00e9es de temp\u00e9ratures, vent, pression, indispensables pour les pr\u00e9visions m\u00e9t\u00e9orologiques.<\/p>\n<p class=\" wall-content\">Prot\u00e9g\u00e9 derri\u00e8re une grille, il est refroidi par une boucle d\u2019eau ti\u00e8de, ferm\u00e9e pour pr\u00e9server la ressource, \u00e0 l\u2019instar des calculateurs du <strong>centre r\u00e9gional de calcul intensif<\/strong> (Calmip) au service de sp\u00e9cialit\u00e9s universitaires pointues (chimie mol\u00e9culaire, physique des mat\u00e9riaux).<\/p>\n<p>Vid\u00e9os : en ce moment sur Actu<\/p>\n<p class=\" wall-content\">Le troisi\u00e8me utilisateur des lieux, le <strong>Data center r\u00e9gional Occitanie<\/strong>, qui mutualise le stockage de donn\u00e9es administratives et de recherche des universit\u00e9s toulousaines, est lui refroidi par ventilation d\u2019air.<\/p>\n<p>Jusqu\u2019ici perdue, la chaleur \u00e9mise va \u00eatre r\u00e9utilis\u00e9e<\/p>\n<p class=\" wall-content\">Le site consomme 15 gigawattheure (GWh) d\u2019\u00e9lectricit\u00e9 par an, autant qu\u2019une ville de 6 000 habitants, en \u00e9mettant beaucoup de chaleur,<strong> jusqu\u2019alors perdue<\/strong>.<\/p>\n<p class=\" wall-content\">Mais \u00e0 compter d\u2019octobre, cet exc\u00e9dent thermique <strong>va \u00eatre r\u00e9utilis\u00e9<\/strong> dans le r\u00e9seau de chaleur urbain Toulouse Energie Durable pour alimenter en chauffage et eau chaude 27 b\u00e2timents de la ZAC de Montaudran.<\/p>\n<p class=\" wall-content\">Soit <strong>l\u2019\u00e9quivalent de 1 800 logements<\/strong>, dont des \u00e9quipements universitaires, une r\u00e9sidence \u00e9tudiante et les ateliers de costumes et de d\u00e9cor du th\u00e9\u00e2tre du Capitole.<\/p>\n<p>Besoins de l\u2019IA\u00a0<\/p>\n<p class=\" wall-content\">Tout fonctionne en boucle: une pompe \u00e0 chaleur envoie une eau refroidie \u00e0 36 degr\u00e9s dans le circuit de refroidissement de la plateforme de calcul, d\u2019o\u00f9 elle en ressort \u00e0 45 degr\u00e9s. Cette m\u00eame pompe \u00e0 chaleur va alors r\u00e9chauffer cette eau jusqu\u2019\u00e0 48 degr\u00e9s et transf\u00e9rer ces calories dans le r\u00e9seau urbain, via son <strong>circuit souterrain<\/strong> de tuyaux d\u2019eau s\u00e9par\u00e9.<\/p>\n<p class=\" wall-content\">\u00ab\u00a0On va amener de la chaleur d\u00e9carbon\u00e9e et \u00e0 un prix raisonnable qui est ind\u00e9pendant finalement des variations du march\u00e9 de l\u2019\u00e9nergie\u00a0\u00bb, r\u00e9sume Marl\u00e8ne Rivalland, ing\u00e9nieure d\u2019\u00e9tudes chez Dalkia, la filiale d\u2019EDF qui a install\u00e9 ce syst\u00e8me.<\/p>\n<p class=\" wall-content\">Le centre de donn\u00e9es fournira <strong>40% des besoins de chaleur de la ZAC<\/strong>, le Rreste \u00e9tant apport\u00e9 par l\u2019unit\u00e9 de valorisation des d\u00e9chets et une chaudi\u00e8re \u00e0 gaz pour les pics de froid.<br \/>La valorisation de la chaleur s\u2019impose de plus en plus comme la norme pour r\u00e9duire l\u2019impact environnemental des centres de donn\u00e9es, tr\u00e8s gourmands en \u00e9lectricit\u00e9, et<strong> dont l\u2019app\u00e9tit grossit<\/strong> avec le d\u00e9veloppement de <a href=\"https:\/\/actu.fr\/tag\/intelligence-artificielle\" target=\"_blank\" rel=\"noopener\">l\u2019intelligence artificielle<\/a> (IA) g\u00e9n\u00e9rative, qui n\u00e9cessite des capacit\u00e9s de calcul colossales.<\/p>\n<p class=\" wall-content\">Selon les pays, cette <strong>demande d\u2019\u00e9lectricit\u00e9 suppl\u00e9mentaire<\/strong> peut \u00eatre couverte par des sources d\u00e9carbon\u00e9es comme les \u00e9nergies renouvelables ou le nucl\u00e9aire, mais aussi des \u00e9nergies fossiles telles le charbon, puissant carburant du changement climatique.<\/p>\n<p class=\" wall-content\">Face aux craintes d\u2019un accaparement d\u2019\u00e9nergie par l\u2019industrie num\u00e9rique, les centres de donn\u00e9es sont de plus en plus appel\u00e9s \u00e0 valoriser leur exc\u00e9dent de chaleur, et ainsi all\u00e9ger la d\u00e9pense \u00e9nerg\u00e9tique du territoire o\u00f9 ils s\u2019implantent.<\/p>\n<p>Une directive europ\u00e9enne<\/p>\n<p class=\" wall-content\">Au niveau europ\u00e9en, une directive de 2023 relative \u00e0 l\u2019efficacit\u00e9 \u00e9nerg\u00e9tique<strong> imposera aux centres de donn\u00e9es<\/strong> de plus de 1 m\u00e9gawatt de r\u00e9utiliser leur chaleur de r\u00e9cup\u00e9ration \u00e0 partir d\u2019octobre.<\/p>\n<p class=\" wall-content\">\u00ab\u00a0On arrive vers <strong>une nouvelle \u00e8re<\/strong> de ces outils\u00a0\u00bb, avec des installations \u00ab\u00a0qui ont des indices d\u2019utilisation de l\u2019eau quasiment proches de z\u00e9ro\u00a0\u00bb et qui limitent la d\u00e9perdition d\u2019\u00e9lectricit\u00e9 gr\u00e2ce \u00e0 la r\u00e9utilisation de la chaleur, souligne St\u00e9phane Raison, directeur charg\u00e9 de l\u2019installation de grands sites de consommation chez EDF.<\/p>\n<p class=\" wall-content\">La France compte environ <strong>300 centres de donn\u00e9es<\/strong>, de certains tr\u00e8s modestes comme cette plateforme toulousaine d\u2019une puissance d\u20191,3 MW \u00e0 des installations offrant des puissances de 250 MW, et bient\u00f4t de plus d\u20191 GW.<\/p>\n<p class=\" wall-content\">Dans la course \u00e0 l\u2019implantation des centres de donn\u00e9es, EDF se met en ordre de marche pour accueillir des acteurs du num\u00e9rique sur des sites d\u00e9j\u00e0 raccord\u00e9s \u00e0 l\u2019\u00e9lectricit\u00e9, \u00e0 95% d\u00e9carbon\u00e9e en France gr\u00e2ce au nucl\u00e9aire.<\/p>\n<p class=\" wall-content\"><strong>Actu Toulouse avec AFP<\/strong><\/p>\n<p class=\" wall-content\">Suivez toute l\u2019actualit\u00e9 de vos villes et m\u00e9dias favoris en vous inscrivant \u00e0 <a href=\"https:\/\/moncompte.actu.fr\" title=\"D\u00e9couvez Mon Actu\" rel=\"nofollow noopener\" data-trk=\"{&quot;cta&quot;:{&quot;action&quot;:&quot;https:\\\/\\\/moncompte.actu.fr&quot;,&quot;category&quot;:&quot;mon compte&quot;,&quot;from&quot;:&quot;article footer&quot;,&quot;name&quot;:&quot;Mon actu&quot;,&quot;type&quot;:&quot;cta&quot;}}\" target=\"_blank\">Mon Actu<\/a>.<\/p>\n<ul class=\"ac-article-tag wall-content\">\n<li><a href=\"https:\/\/actu.fr\/tag\/environnement\" data-trk=\"{&quot;cta&quot;:{&quot;action&quot;:&quot;Environnement&quot;,&quot;category&quot;:&quot;tag&quot;,&quot;from&quot;:&quot;article footer&quot;,&quot;name&quot;:&quot;Environnement&quot;,&quot;type&quot;:&quot;cta&quot;}}\" target=\"_blank\" rel=\"noopener\">#Environnement<\/a><\/li>\n<li><a href=\"https:\/\/actu.fr\/tag\/intelligence-artificielle\" data-trk=\"{&quot;cta&quot;:{&quot;action&quot;:&quot;Intelligence artificielle&quot;,&quot;category&quot;:&quot;tag&quot;,&quot;from&quot;:&quot;article footer&quot;,&quot;name&quot;:&quot;Intelligence artificielle&quot;,&quot;type&quot;:&quot;cta&quot;}}\" target=\"_blank\" rel=\"noopener\">#Intelligence artificielle<\/a><\/li>\n<\/ul>\n","protected":false},"excerpt":{"rendered":"Par R\u00e9daction de Toulouse Publi\u00e9 le 18 juil. 2025 \u00e0 15h22 Au coeur de Toulouse A\u00e9rospace, un centre&hellip;\n","protected":false},"author":2,"featured_media":256665,"comment_status":"","ping_status":"","sticky":false,"template":"","format":"standard","meta":{"footnotes":""},"categories":[2816],"tags":[1111,11,436,1777,674,1011,27,223,12,2680,25,104,2312],"class_list":{"0":"post-256664","1":"post","2":"type-post","3":"status-publish","4":"format-standard","5":"has-post-thumbnail","7":"category-toulouse","8":"tag-actu","9":"tag-actualites","10":"tag-environnement","11":"tag-eu","12":"tag-europe","13":"tag-fr","14":"tag-france","15":"tag-intelligence-artificielle","16":"tag-news","17":"tag-occitanie","18":"tag-republique-francaise","19":"tag-societe","20":"tag-toulouse"},"share_on_mastodon":{"url":"https:\/\/pubeurope.com\/@fr\/114874971753944044","error":""},"_links":{"self":[{"href":"https:\/\/www.europesays.com\/fr\/wp-json\/wp\/v2\/posts\/256664","targetHints":{"allow":["GET"]}}],"collection":[{"href":"https:\/\/www.europesays.com\/fr\/wp-json\/wp\/v2\/posts"}],"about":[{"href":"https:\/\/www.europesays.com\/fr\/wp-json\/wp\/v2\/types\/post"}],"author":[{"embeddable":true,"href":"https:\/\/www.europesays.com\/fr\/wp-json\/wp\/v2\/users\/2"}],"replies":[{"embeddable":true,"href":"https:\/\/www.europesays.com\/fr\/wp-json\/wp\/v2\/comments?post=256664"}],"version-history":[{"count":0,"href":"https:\/\/www.europesays.com\/fr\/wp-json\/wp\/v2\/posts\/256664\/revisions"}],"wp:featuredmedia":[{"embeddable":true,"href":"https:\/\/www.europesays.com\/fr\/wp-json\/wp\/v2\/media\/256665"}],"wp:attachment":[{"href":"https:\/\/www.europesays.com\/fr\/wp-json\/wp\/v2\/media?parent=256664"}],"wp:term":[{"taxonomy":"category","embeddable":true,"href":"https:\/\/www.europesays.com\/fr\/wp-json\/wp\/v2\/categories?post=256664"},{"taxonomy":"post_tag","embeddable":true,"href":"https:\/\/www.europesays.com\/fr\/wp-json\/wp\/v2\/tags?post=256664"}],"curies":[{"name":"wp","href":"https:\/\/api.w.org\/{rel}","templated":true}]}}