{"id":256674,"date":"2025-07-18T15:39:10","date_gmt":"2025-07-18T15:39:10","guid":{"rendered":"https:\/\/www.europesays.com\/fr\/256674\/"},"modified":"2025-07-18T15:39:10","modified_gmt":"2025-07-18T15:39:10","slug":"pourquoi-luniversite-daix-marseille-peut-dire-merci-a-donald-trump","status":"publish","type":"post","link":"https:\/\/www.europesays.com\/fr\/256674\/","title":{"rendered":"Pourquoi l&rsquo;universit\u00e9 d&rsquo;Aix-Marseille peut dire merci \u00e0 Donald Trump"},"content":{"rendered":"<p>            Par<br \/>\n        <strong><br \/>\n            <a href=\"https:\/\/actu.fr\/auteur\/pierrechemel\" title=\"Consulter tous les articles de Pierre Chemel\" target=\"_blank\" rel=\"noopener\">Pierre Chemel<\/a><br \/>\n        <\/strong><\/p>\n<p>        Publi\u00e9 le<\/p>\n<p>            18 juil. 2025 \u00e0 16h49        <\/p>\n<p>C\u2019est un afflux de <strong>talents<\/strong> que <a href=\"https:\/\/actu.fr\/provence-alpes-cote-d-azur\/marseille_13055\" target=\"_blank\" rel=\"noopener\">Marseille<\/a> accueille avec fiert\u00e9, m\u00eame si les circonstances qui l\u2019ont rendu possible sont pr\u00e9occupantes. Depuis son retour \u00e0 la Maison Blanche en janvier, <a href=\"https:\/\/actu.fr\/tag\/donald-trump\" target=\"_blank\" rel=\"noopener\">Donald Trump<\/a> a mis <strong>la recherche am\u00e9ricaine sous pression<\/strong>\u2009: budgets coup\u00e9s, donn\u00e9es scientifiques effac\u00e9es, universitaires somm\u00e9s de justifier leur salaire. R\u00e9sultat\u2009: <strong>31<\/strong> <strong>chercheurs de haut niveau <\/strong>ont \u00e9t\u00e9 s\u00e9lectionn\u00e9s pour rejoindre, d\u00e8s la rentr\u00e9e prochaine, les laboratoires d\u2019<a href=\"https:\/\/actu.fr\/tag\/universite-aix-marseille\" target=\"_blank\" rel=\"noopener\">Aix-Marseille Universit\u00e9<\/a>. L\u2019annonce a \u00e9t\u00e9 faite vendredi par son pr\u00e9sident Eric Berton sur France-Inter.<\/p>\n<p>600 candidats<\/p>\n<p class=\" wall-content\">Au 31\u00a0mars 2025, date limite des candidatures, Aix-Marseille Universit\u00e9 (AMU) avait re\u00e7u 300 dossiers, et au total 600 chercheurs am\u00e9ricains ont exprim\u00e9 le souhait de venir travailler au sein de l\u2019universit\u00e9 marseillaise, l\u2019une des <strong>plus importantes de France<\/strong> en nombre d\u2019\u00e9tudiants (80\u2009000, dont 12\u2009000 internationaux).<\/p>\n<p class=\" wall-content\">Les 31 chercheurs s\u00e9lectionn\u00e9s \u00ab\u2009sont des profils seniors, des professeurs de haut niveau\u2009\u00bb, qui travaillent dans les sciences environnementales, dans les domaines des humanit\u00e9s (\u00e9tudes de genre, histoire, g\u00e9ographie), de la biologie, la sant\u00e9, l\u2019\u00e9pid\u00e9miologie, l\u2019immunologie\u2009\u00bb, a ajout\u00e9 M. Berton.<\/p>\n<p class=\" wall-content\">Et aussi, \u00ab\u2009plus surprenant, des coll\u00e8gues qui viennent de la <strong>Nasa<\/strong> vont nous rejoindre dans nos laboratoires d\u2019astrophysique.\u2009\u00bb<\/p>\n<p>\u00ab\u2009Ils ne peuvent plus travailler\u2009\u00bb<\/p>\n<p class=\" wall-content\">\u00ab\u2009Le plus dur dans cet \u00e9pisode, ce sont les messages poignants des gens qu\u2019on n\u2019a pas pris\u2009\u00bb, a-t-il d\u00e9clar\u00e9, estimant toutefois que \u00ab\u2009ces coll\u00e8gues vont pouvoir aussi trouver des solutions dans les autres universit\u00e9s fran\u00e7aises et en Europe\u2009\u00bb gr\u00e2ce au <strong>programme \u00ab\u2009Choose France\u2009\u00bb<\/strong> et \u00e0 des bourses europ\u00e9ennes.<\/p>\n<p class=\" wall-content\">\u00ab\u2009Ils ont des pressions, les banques de donn\u00e9es des coll\u00e8gues qui travaillent dans le domaine du climat sont parfois effac\u00e9es, ils ne peuvent plus travailler, mais on leur demande de justifier leur salaire, ce qui est assez cocasse\u2009\u00bb, a affirm\u00e9 M. Berton.<\/p>\n<blockquote class=\"ac-article-quote wall-content\">\n<p>Ce qui se passe aux Etats-Unis, \u00e7a influence le monde entier\u00a0\u00bb: en France, \u00ab\u00a0des programmes sont arr\u00eat\u00e9s parce qu&rsquo;aux Etats-Unis c&rsquo;est arr\u00eat\u00e9. Il faut se montrer \u00e0 la hauteur de l&rsquo;\u00e9v\u00e9nement. Ce qui se passe aux Etats-Unis, c&rsquo;est l&rsquo;antiscience, c&rsquo;est l&rsquo;arriv\u00e9e de l&rsquo;obscurantisme. C&rsquo;est l&rsquo;honneur de l&rsquo;universit\u00e9 fran\u00e7aise d&rsquo;amener une lueur d&rsquo;espoir \u00e0 ces coll\u00e8gues<\/p>\n<p>    <strong>Eric Berton<\/strong><br \/>\n        Pr\u00e9sident de l&rsquo;Universit\u00e9 d&rsquo;Aix-Marseille    <\/p><\/blockquote>\n<p>Des \u00ab\u2009r\u00e9fugi\u00e9s scientifiques\u2009\u00bb<\/p>\n<p class=\" wall-content\">Le pr\u00e9sident d\u2019AMU, qui d\u00e9fend au c\u00f4t\u00e9 de l\u2019ancien pr\u00e9sident Fran\u00e7ois Hollande un statut de <strong>\u00ab\u2009r\u00e9fugi\u00e9 scientifique\u2009\u00bb<\/strong>, a rappel\u00e9 que l\u2019universit\u00e9 Aix-Marseille accueillait \u00e9galement \u00ab\u200925 coll\u00e8gues qui viennent d\u2019Iran, du Liban, d\u2019Ukraine, de Palestine\u2009\u00bb.<\/p>\n<p class=\" wall-content\">\u00ab\u2009Au m\u00eame titre qu\u2019un opposant politique, le scientifique peut g\u00eaner le pouvoir en place, quand (celui-ci) est climatosceptique par exemple\u2009\u00bb, a-t-il soulign\u00e9.<\/p>\n<p class=\" wall-content\">Depuis le retour de Donald Trump \u00e0 la Maison Blanche en janvier, chercheurs et universit\u00e9s sont dans le collimateur de son administration et des milliards de dollars en subventions de recherche ont \u00e9t\u00e9 supprim\u00e9s.<\/p>\n<p class=\" wall-content\"><strong>(Avec AFP)<\/strong><\/p>\n<p class=\" wall-content\">Suivez toute l\u2019actualit\u00e9 de vos villes et m\u00e9dias favoris en vous inscrivant \u00e0 <a href=\"https:\/\/moncompte.actu.fr\" title=\"D\u00e9couvez Mon Actu\" rel=\"nofollow noopener\" data-trk=\"{&quot;cta&quot;:{&quot;action&quot;:&quot;https:\\\/\\\/moncompte.actu.fr&quot;,&quot;category&quot;:&quot;mon compte&quot;,&quot;from&quot;:&quot;article footer&quot;,&quot;name&quot;:&quot;Mon actu&quot;,&quot;type&quot;:&quot;cta&quot;}}\" target=\"_blank\">Mon Actu<\/a>.<\/p>\n","protected":false},"excerpt":{"rendered":"Par Pierre Chemel Publi\u00e9 le 18 juil. 2025 \u00e0 16h49 C\u2019est un afflux de talents que Marseille accueille&hellip;\n","protected":false},"author":2,"featured_media":256675,"comment_status":"","ping_status":"","sticky":false,"template":"","format":"standard","meta":{"footnotes":""},"categories":[2814],"tags":[1111,11,75,1777,674,1011,27,884,12,882,5140,25,2631,15497],"class_list":{"0":"post-256674","1":"post","2":"type-post","3":"status-publish","4":"format-standard","5":"has-post-thumbnail","7":"category-marseille","8":"tag-actu","9":"tag-actualites","10":"tag-donald-trump","11":"tag-eu","12":"tag-europe","13":"tag-fr","14":"tag-france","15":"tag-marseille","16":"tag-news","17":"tag-provence-alpes-cote-dazur","18":"tag-rechauffement-climatique","19":"tag-republique-francaise","20":"tag-sciences-technologie","21":"tag-universite-aix-marseille"},"share_on_mastodon":{"url":"https:\/\/pubeurope.com\/@fr\/114874991460149944","error":""},"_links":{"self":[{"href":"https:\/\/www.europesays.com\/fr\/wp-json\/wp\/v2\/posts\/256674","targetHints":{"allow":["GET"]}}],"collection":[{"href":"https:\/\/www.europesays.com\/fr\/wp-json\/wp\/v2\/posts"}],"about":[{"href":"https:\/\/www.europesays.com\/fr\/wp-json\/wp\/v2\/types\/post"}],"author":[{"embeddable":true,"href":"https:\/\/www.europesays.com\/fr\/wp-json\/wp\/v2\/users\/2"}],"replies":[{"embeddable":true,"href":"https:\/\/www.europesays.com\/fr\/wp-json\/wp\/v2\/comments?post=256674"}],"version-history":[{"count":0,"href":"https:\/\/www.europesays.com\/fr\/wp-json\/wp\/v2\/posts\/256674\/revisions"}],"wp:featuredmedia":[{"embeddable":true,"href":"https:\/\/www.europesays.com\/fr\/wp-json\/wp\/v2\/media\/256675"}],"wp:attachment":[{"href":"https:\/\/www.europesays.com\/fr\/wp-json\/wp\/v2\/media?parent=256674"}],"wp:term":[{"taxonomy":"category","embeddable":true,"href":"https:\/\/www.europesays.com\/fr\/wp-json\/wp\/v2\/categories?post=256674"},{"taxonomy":"post_tag","embeddable":true,"href":"https:\/\/www.europesays.com\/fr\/wp-json\/wp\/v2\/tags?post=256674"}],"curies":[{"name":"wp","href":"https:\/\/api.w.org\/{rel}","templated":true}]}}