{"id":256678,"date":"2025-07-18T15:41:15","date_gmt":"2025-07-18T15:41:15","guid":{"rendered":"https:\/\/www.europesays.com\/fr\/256678\/"},"modified":"2025-07-18T15:41:15","modified_gmt":"2025-07-18T15:41:15","slug":"volotea-devoile-une-nouvelle-destination-au-depart-de-lyon","status":"publish","type":"post","link":"https:\/\/www.europesays.com\/fr\/256678\/","title":{"rendered":"Volotea d\u00e9voile une nouvelle destination au d\u00e9part de Lyon"},"content":{"rendered":"<p>\t\t\t\t\t Avec cette ouverture de ligne, <a class=\"liens\" href=\"https:\/\/www.tourmag.com\/Volotea-lance-une-nouvelle-liaison-de-Marseille-vers-l-Espagne_a126747.html\" target=\"_blank\" rel=\"noopener\">Volotea<\/a> dessert d\u00e9sormais <b>11 pays depuis Lyon<\/b>. Plus de 3 500 si\u00e8ges seront propos\u00e9s sur cette liaison, disponible \u00e0 la vente. <\/p>\n<p>Actuellement, Volotea relie Lyon \u00e0 <b>34 destinations dans 11 pays<\/b> : Alg\u00e9rie, Allemagne, Croatie, Danemark, Espagne, France, Gr\u00e8ce, Italie, Maroc, Portugal et R\u00e9publique tch\u00e8que.&#13;\t\t\t\t\t <\/p>\n<p>\u00ab Nous sommes tr\u00e8s heureux d\u2019annoncer desservir le Danemark avec cette nouvelle liaison a\u00e9rienne au d\u00e9part de Lyon vers Billund. Nous avons \u00e0 c\u0153ur de proposer des destinations vari\u00e9es aux habitants de la ville des Lumi\u00e8res, et cette ville danoise leur offre la possibilit\u00e9 de d\u00e9couvrir les paysages nordiques tout en profitant d\u2019un parc d\u2019attractions l\u00e9gendaire pour petits et grands ! Cette nouvelle offre illustre l\u2019ancrage de Volotea depuis notre base lyonnaise et notre ambition de continuer \u00e0 d\u00e9velopper des liaisons dans les plus belles villes europ\u00e9ennes. \u00bb, pr\u00e9cise <a class=\"liens\" href=\"https:\/\/www.linkedin.com\/in\/gilles-gosselin-0a71145\/?originalSubdomain=fr\" target=\"_blank\" rel=\"noopener\">Gilles Gosselin<\/a>, <b>Directeur France de Volotea<\/b>.&#13;\t\t\t\t\t <\/p>\n<p>\u00ab Avec cette nouvelle ligne ouverte vers le Danemark portant \u00e0 34 le nombre de destinations desservies en direct par la compagnie, Volotea confirme son r\u00f4le cl\u00e9 sur l\u2019a\u00e9roport Lyon-Saint Exup\u00e9ry. Les \u00e9quipes d\u2019A\u00e9roports de Lyon sont tr\u00e8s heureuses de pouvoir s\u2019appuyer sur ce partenaire majeur du r\u00e9seau VINCI Airports pour continuer \u00e0 d\u00e9velopper ensemble la connectivit\u00e9 du territoire et l\u2019attractivit\u00e9 de la R\u00e9gion Auvergne-Rh\u00f4ne-Alpes. \u00bb souligne <a class=\"liens\" href=\"https:\/\/www.linkedin.com\/in\/pierre-grosmaire-0890742\/?original_referer=https%3A%2F%2Fwww%2Egoogle%2Ecom%2F&amp;originalSubdomain=fr\" target=\"_blank\" rel=\"noopener\">Pierre Grosmaire<\/a>, <b>Directeur Marketing et Commercial d\u2019A\u00e9roports de Lyon<\/b>.&#13;\t\t\t\t\t <\/p>\n","protected":false},"excerpt":{"rendered":"Avec cette ouverture de ligne, Volotea dessert d\u00e9sormais 11 pays depuis Lyon. Plus de 3 500 si\u00e8ges seront&hellip;\n","protected":false},"author":2,"featured_media":256679,"comment_status":"","ping_status":"","sticky":false,"template":"","format":"standard","meta":{"footnotes":""},"categories":[1889],"tags":[1111,11,2430,145,1777,674,1011,27,2428,12,25,11756],"class_list":{"0":"post-256678","1":"post","2":"type-post","3":"status-publish","4":"format-standard","5":"has-post-thumbnail","7":"category-lyon","8":"tag-actu","9":"tag-actualites","10":"tag-auvergne-rhone-alpes","11":"tag-danemark","12":"tag-eu","13":"tag-europe","14":"tag-fr","15":"tag-france","16":"tag-lyon","17":"tag-news","18":"tag-republique-francaise","19":"tag-volotea"},"share_on_mastodon":{"url":"https:\/\/pubeurope.com\/@fr\/114874999293726208","error":""},"_links":{"self":[{"href":"https:\/\/www.europesays.com\/fr\/wp-json\/wp\/v2\/posts\/256678","targetHints":{"allow":["GET"]}}],"collection":[{"href":"https:\/\/www.europesays.com\/fr\/wp-json\/wp\/v2\/posts"}],"about":[{"href":"https:\/\/www.europesays.com\/fr\/wp-json\/wp\/v2\/types\/post"}],"author":[{"embeddable":true,"href":"https:\/\/www.europesays.com\/fr\/wp-json\/wp\/v2\/users\/2"}],"replies":[{"embeddable":true,"href":"https:\/\/www.europesays.com\/fr\/wp-json\/wp\/v2\/comments?post=256678"}],"version-history":[{"count":0,"href":"https:\/\/www.europesays.com\/fr\/wp-json\/wp\/v2\/posts\/256678\/revisions"}],"wp:featuredmedia":[{"embeddable":true,"href":"https:\/\/www.europesays.com\/fr\/wp-json\/wp\/v2\/media\/256679"}],"wp:attachment":[{"href":"https:\/\/www.europesays.com\/fr\/wp-json\/wp\/v2\/media?parent=256678"}],"wp:term":[{"taxonomy":"category","embeddable":true,"href":"https:\/\/www.europesays.com\/fr\/wp-json\/wp\/v2\/categories?post=256678"},{"taxonomy":"post_tag","embeddable":true,"href":"https:\/\/www.europesays.com\/fr\/wp-json\/wp\/v2\/tags?post=256678"}],"curies":[{"name":"wp","href":"https:\/\/api.w.org\/{rel}","templated":true}]}}