{"id":256686,"date":"2025-07-18T15:47:10","date_gmt":"2025-07-18T15:47:10","guid":{"rendered":"https:\/\/www.europesays.com\/fr\/256686\/"},"modified":"2025-07-18T15:47:10","modified_gmt":"2025-07-18T15:47:10","slug":"lancien-archeveque-de-paris-andre-vingt-trois-aux-prises-de-position-franches-est-mort","status":"publish","type":"post","link":"https:\/\/www.europesays.com\/fr\/256686\/","title":{"rendered":"L\u2019ancien archev\u00eaque de Paris Andr\u00e9 Vingt-Trois, aux prises de position franches, est mort"},"content":{"rendered":"<p>Le cardinal Andr\u00e9 Vingt-Trois, ancien archev\u00eaque de <a href=\"https:\/\/www.20minutes.fr\/paris\/\" class=\"color-ultramarine c-link\" rel=\"nofollow noopener\" target=\"_blank\">Paris<\/a>, est d\u00e9c\u00e9d\u00e9 ce vendredi \u00e0 l\u2019\u00e2ge de 82 ans. Il s\u2019\u00e9tait impos\u00e9 comme l\u2019une des personnalit\u00e9s les plus influentes de l\u2019\u00e9piscopat avec habilet\u00e9 politique et distance pince-sans-rire, sans craindre de descendre dans l\u2019ar\u00e8ne sur les sujets de soci\u00e9t\u00e9.<\/p>\n<p>\u00ab\u00a0Pour beaucoup d\u2019entre nous, pr\u00eatres, diacres, fid\u00e8les de Paris, il fut bien plus que notre archev\u00eaque, mais un pasteur, un p\u00e8re, un exemple\u00a0\u00bb, a soulign\u00e9 l\u2019actuel archev\u00eaque de Paris Laurent Ulrich dans un communiqu\u00e9 annon\u00e7ant son d\u00e9c\u00e8s \u00e0 Paris. Toute sa vie a ramen\u00e9 Andr\u00e9 Vingt-Trois \u00e0 Paris, le plus important dioc\u00e8se de France avec sa <a href=\"https:\/\/www.20minutes.fr\/dossier\/dame-paris\" class=\"color-ultramarine c-link\" rel=\"nofollow noopener\" target=\"_blank\">cath\u00e9drale Notre-Dame<\/a>, ses 500 pr\u00eatres et sa centaine de paroisses. Il en a \u00e9t\u00e9 l\u2019archev\u00eaque entre\u00a02005 et\u00a02017, glissant ses pas dans ceux de son p\u00e8re spirituel, le cardinal Lustiger.<\/p>\n<p>Promu archev\u00eaque de Paris en\u00a01981<\/p>\n<p>N\u00e9 le 7\u00a0novembre 1942 \u00e0 Paris dans une famille catholique mais pas pratiquante, Andr\u00e9 Vingt-Trois a \u00e9t\u00e9 \u00e9lev\u00e9 et instruit &#8211; il a \u00e9t\u00e9 \u00e9l\u00e8ve au lyc\u00e9e Henri IV &#8211; sur la montagne Sainte-Genevi\u00e8ve, du nom de la patronne de la capitale. \u00ab\u00a0Enfance banale\u00a0\u00bb au cours de laquelle il sent na\u00eetre la vocation \u00ab\u00a0avec ses moments de doute, de clart\u00e9\u00a0\u00bb, expliquait cet homme pos\u00e9 offrant \u00e0 des observateurs amus\u00e9s un patronyme en apparence taill\u00e9 pour le pontificat, alors que son origine pourrait venir d\u2019un a\u00efeul orphelin.<\/p>\n<p>Ordonn\u00e9 pr\u00eatre en\u00a01969, il est nomm\u00e9 vicaire d\u2019un cur\u00e9 qui deviendra la figure dominante de l\u2019\u00c9glise de France\u00a0: Jean-Marie Lustiger. Promu archev\u00eaque de Paris en\u00a01981, ce dernier fait de ce jeune pr\u00eatre dou\u00e9 pour l\u2019organisation un de ses vicaires g\u00e9n\u00e9raux, \u00e0 moins de 40 ans, avant de le consacrer \u00e9v\u00eaque auxiliaire sept ans plus tard. Le discret Vingt-Trois aura pass\u00e9 30 ans dans l\u2019ombre du flamboyant Lustiger.<\/p>\n<p>Archev\u00eaque de Tours en\u00a01999, il est sans surprise appel\u00e9 \u00e0 succ\u00e9der \u00e0 son mentor en\u00a02005. Il prend d\u00e9finitivement la lumi\u00e8re en\u00a02007, quand il est cr\u00e9\u00e9 cardinal par <a href=\"https:\/\/www.20minutes.fr\/dossier\/pape_benoit_xvi\" class=\"color-ultramarine c-link\" rel=\"nofollow noopener\" target=\"_blank\">Beno\u00eet XVI<\/a> apr\u00e8s avoir acc\u00e9d\u00e9 \u00e0 un poste que son mod\u00e8le n\u2019avait jamais occup\u00e9, la pr\u00e9sidence de la Conf\u00e9rence des \u00e9v\u00eaques de France (CEF). Cet eccl\u00e9siastique au profil doctrinal classique &#8211; sans \u00eatre traditionnel &#8211; y accomplit deux mandats, jusqu\u2019en\u00a02013.<\/p>\n<p>Anti mariage gay, contre l\u2019avortement et l\u2019euthanasie<\/p>\n<p>Homme d\u2019action et de pens\u00e9e th\u00e9ologique davantage que pasteur, il sait donner des coups de griffe, sous un air matois de raminagrobis et sur un ton souvent \u00e9quanime, parfois rieur.<\/p>\n<p>En\u00a02008, il lance, interrog\u00e9 sur la condition f\u00e9minine dans l\u2019\u00c9glise\u00a0: \u00ab\u00a0Le tout, ce n\u2019est pas d\u2019avoir une jupe, c\u2019est d\u2019avoir quelque chose dans la t\u00eate\u00a0\u00bb. La formule &#8211; qu\u2019il regrettera &#8211; restera, donnant son nom \u00e0 un Comit\u00e9 de la jupe, une association promouvant le r\u00f4le des femmes dans l\u2019\u00c9glise. Il p\u00e8se de toute sa charge de pr\u00e9sident de la CEF contre le projet de loi ouvrant le mariage aux couples de m\u00eame sexe, \u00ab\u00a0une supercherie\u00a0\u00bb.<\/p>\n<p>Le cardinal ne perd pas une occasion de transmettre des messages. Ainsi fin juillet\u00a02016, devant les plus hautes autorit\u00e9s de la R\u00e9publique r\u00e9unies \u00e0 Notre-Dame en hommage au p\u00e8re Jacques Hamel, \u00e9gorg\u00e9 la veille par des djihadistes, il glisse dans son hom\u00e9lie une phrase accusatrice sur le \u00ab\u00a0silence des \u00e9lites devant les d\u00e9viances des m\u0153urs\u00a0\u00bb et la \u00ab\u00a0l\u00e9galisation de ces d\u00e9viances\u00a0\u00bb. Allusion \u00e0 la loi Taubira que certains jugeront d\u00e9plac\u00e9e en pareille circonstance.<\/p>\n<\/p>\n<p>Mais s\u2019il d\u00e9fend avec fermet\u00e9 les positions de l\u2019\u00c9glise contre l\u2019avortement et l\u2019euthanasie, il sait aussi s\u2019engager en faveur des plus d\u00e9munis, des migrants, du dialogue interreligieux\u2026 Signe de son poids, il sera membre simultan\u00e9ment de trois des neuf congr\u00e9gations vaticanes, dont celle pour les \u00e9v\u00eaques, ce qui lui conf\u00e9rait une ind\u00e9niable influence sur la promotion et la mutation de ses pairs.<\/p>\n<p>Le <a href=\"https:\/\/www.20minutes.fr\/monde\/pape_francois\/\" class=\"color-ultramarine c-link\" rel=\"nofollow noopener\" target=\"_blank\">pape Fran\u00e7ois<\/a> lui avait aussi t\u00e9moign\u00e9 sa confiance en le nommant pr\u00e9sident d\u00e9l\u00e9gu\u00e9 des deux synodes sur la famille de\u00a02014 et\u00a02015. En\u00a02017, \u00e0 l\u2019approche de sa d\u00e9mission pour raison d\u2019\u00e2ge limite &#8211; 75 ans \u2013, il ne cachait pas sa lassitude devant la lourdeur de ses obligations et ses incessants voyages Paris-Rome. La maladie, un syndrome neurologique de Guillain-Barr\u00e9 qui l\u2019a contraint \u00e0 une longue hospitalisation, l\u2019avait encore un peu plus affaibli.<\/p>\n","protected":false},"excerpt":{"rendered":"Le cardinal Andr\u00e9 Vingt-Trois, ancien archev\u00eaque de Paris, est d\u00e9c\u00e9d\u00e9 ce vendredi \u00e0 l\u2019\u00e2ge de 82 ans. Il&hellip;\n","protected":false},"author":2,"featured_media":256687,"comment_status":"","ping_status":"","sticky":false,"template":"","format":"standard","meta":{"footnotes":""},"categories":[1888],"tags":[47,11,39666,18362,11863,12336,1777,674,1011,27,662,12,12672,626,4020,25,104],"class_list":{"0":"post-256686","1":"post","2":"type-post","3":"status-publish","4":"format-standard","5":"has-post-thumbnail","7":"category-paris","8":"tag-actualite","9":"tag-actualites","10":"tag-benoit-xvi","11":"tag-cardinaux","12":"tag-catholicisme","13":"tag-eglise","14":"tag-eu","15":"tag-europe","16":"tag-fr","17":"tag-france","18":"tag-ile-de-france","19":"tag-news","20":"tag-pape","21":"tag-paris","22":"tag-religion","23":"tag-republique-francaise","24":"tag-societe"},"share_on_mastodon":{"url":"https:\/\/pubeurope.com\/@fr\/114875023225966989","error":""},"_links":{"self":[{"href":"https:\/\/www.europesays.com\/fr\/wp-json\/wp\/v2\/posts\/256686","targetHints":{"allow":["GET"]}}],"collection":[{"href":"https:\/\/www.europesays.com\/fr\/wp-json\/wp\/v2\/posts"}],"about":[{"href":"https:\/\/www.europesays.com\/fr\/wp-json\/wp\/v2\/types\/post"}],"author":[{"embeddable":true,"href":"https:\/\/www.europesays.com\/fr\/wp-json\/wp\/v2\/users\/2"}],"replies":[{"embeddable":true,"href":"https:\/\/www.europesays.com\/fr\/wp-json\/wp\/v2\/comments?post=256686"}],"version-history":[{"count":0,"href":"https:\/\/www.europesays.com\/fr\/wp-json\/wp\/v2\/posts\/256686\/revisions"}],"wp:featuredmedia":[{"embeddable":true,"href":"https:\/\/www.europesays.com\/fr\/wp-json\/wp\/v2\/media\/256687"}],"wp:attachment":[{"href":"https:\/\/www.europesays.com\/fr\/wp-json\/wp\/v2\/media?parent=256686"}],"wp:term":[{"taxonomy":"category","embeddable":true,"href":"https:\/\/www.europesays.com\/fr\/wp-json\/wp\/v2\/categories?post=256686"},{"taxonomy":"post_tag","embeddable":true,"href":"https:\/\/www.europesays.com\/fr\/wp-json\/wp\/v2\/tags?post=256686"}],"curies":[{"name":"wp","href":"https:\/\/api.w.org\/{rel}","templated":true}]}}