{"id":256688,"date":"2025-07-18T15:48:09","date_gmt":"2025-07-18T15:48:09","guid":{"rendered":"https:\/\/www.europesays.com\/fr\/256688\/"},"modified":"2025-07-18T15:48:09","modified_gmt":"2025-07-18T15:48:09","slug":"la-russie-interdit-la-recherche-de-certains-contenus-sur-internet-et-la-promotion-des-vpn","status":"publish","type":"post","link":"https:\/\/www.europesays.com\/fr\/256688\/","title":{"rendered":"La Russie interdit la recherche de certains contenus sur Internet et la promotion des VPN"},"content":{"rendered":"<p>La Russie a vot\u00e9 ce jeudi une loi qui devrait drastiquement \u00e9lever les possibilit\u00e9s de sanctionner les internautes vivant dans son pays. Alors que le pays connaissait d\u00e9j\u00e0 une censure de la publication sur internet, le pouvoir vient d&rsquo;interdire la recherche de certains contenus qu&rsquo;il qualifie d&rsquo; \u00ab\u00a0extr\u00e9mistes\u00a0\u00bb, <a href=\"https:\/\/www.washingtonpost.com\/world\/2025\/07\/17\/russia-internet-censorship\/\" target=\"_blank\" rel=\"noreferrer noopener nofollow\">explique<\/a> le Washington Post.<\/p>\n<p>L&rsquo;organisation Net Freedoms Projetm qui a alert\u00e9 sur <a href=\"https:\/\/www.washingtonpost.com\/world\/2025\/07\/17\/russia-internet-censorship\/\" target=\"_blank\" rel=\"noreferrer noopener nofollow\">Telegram<\/a> juste avant le vote, affirme que la loi pr\u00e9voit des amendes pour avoir \u00ab\u00a0recherch\u00e9 sciemment du mat\u00e9riel extr\u00e9miste et y avoir acc\u00e9d\u00e9, y compris en utilisant des logiciels et du mat\u00e9riel permettant d&rsquo;acc\u00e9der \u00e0 des ressources d&rsquo;information dont l&rsquo;acc\u00e8s est restreint\u00a0\u00bb. Elle devrait entrer en application d\u00e8s le 1er septembre.<\/p>\n<p>Selon le Washington Post, le pays d\u00e9finit comme \u00ab\u00a0mat\u00e9riel extr\u00e9miste\u00a0\u00bb une liste r\u00e9guli\u00e8rement mise \u00e0 jour de 5\u00a0500 termes qui cible des mots employ\u00e9s autant par la communaut\u00e9 LGBT que par Al-Qa\u00efda, ou encore ce qui est d\u00e9fini par le pouvoir russe comme de l&rsquo;id\u00e9ologie nazie ou incitant \u00e0 des actions extr\u00e9mistes. Ce durcissement l\u00e9gal suivrait des remarques d&rsquo;officiels militaires justifiant la censure en temps de guerre.<\/p>\n<p>De petites amendes qui peuvent tourner en pr\u00e9texte pour arrestation, de plus grosses amendes pour la promotion des VPN<\/p>\n<p>L&rsquo;amende pour une telle recherche serait d&rsquo;un maximum de 3\u00a0000 roubles (55 euros). Cit\u00e9e par le journal \u00e9tasunien, l&rsquo;activiste Sarkis Darbinyan <a href=\"https:\/\/t.me\/istories_media\/9978\" rel=\"nofollow\">expliquait<\/a> juste avant le vote sur Telegram que \u00ab les amendes impos\u00e9es pour la recherche de mat\u00e9riel extr\u00e9miste dans cette version peuvent \u00eatre mineures, mais elles peuvent constituer un motif de d\u00e9tention, de pression, un pr\u00e9texte pour \u00eatre escort\u00e9 au poste de police\u00a0\u00bb.<\/p>\n<p>Le Washington Post explique qu&rsquo;une amende plus \u00e9lev\u00e9e, d&rsquo;environ 2\u00a0150 euros pour les individus et 11\u00a0000 euros pour les entreprises, serait pr\u00e9vue pour la promotion d&rsquo;outils informatiques qui permettent d&rsquo;\u00e9viter la surveillance comme les VPN.<\/p>\n<p>Un cavalier l\u00e9gislatif pour passer discr\u00e8tement des mesures r\u00e9pressives<\/p>\n<p>Net Freedoms d\u00e9nonce aussi la fa\u00e7on dont la loi a \u00e9t\u00e9 vot\u00e9e\u00a0: ces nouvelles d\u00e9cisions auraient \u00e9t\u00e9 ajout\u00e9es via un cavalier l\u00e9gislatif dans une loi sur la r\u00e9glementation des entreprises de transport de marchandises. \u00ab\u00a0Les l\u00e9gislateurs ont eu recours \u00e0 plusieurs reprises \u00e0 cette tactique \u00ab\u00a0astucieuse\u00a0\u00bb consistant \u00e0 ins\u00e9rer discr\u00e8tement des mesures r\u00e9pressives dans des projets de loi dormants et d\u00e9j\u00e0 pr\u00e9sent\u00e9s\u00a0\u00bb, s&rsquo;insurge l&rsquo;organisation.<\/p>\n<p>L&rsquo;un des auteurs du projet de loi, le s\u00e9nateur russe Artem Sheikin, a voulu rassurer en affirmant qu&rsquo;aller sur Facebook ou scoller sur Instagram \u00ab\u00a0ne constitue pas une infraction administrative\u00a0\u00bb, alors que l&rsquo;utilisation des VPN pour consulter les r\u00e9seaux sociaux est une pratique courante dans le pays. \u00ab\u00a0L&rsquo;accent est mis sur la r\u00e9glementation des fournisseurs. Il n&rsquo;est pas pr\u00e9vu de punir massivement les utilisateurs\u00a0\u00bb, a-t-il ajout\u00e9.<\/p>\n<p>Comment les utilisateurs sauront qu&rsquo;un terme est dans la liste \u00e0 ne pas rechercher n&rsquo;est pas clairement expliqu\u00e9.<\/p>\n","protected":false},"excerpt":{"rendered":"La Russie a vot\u00e9 ce jeudi une loi qui devrait drastiquement \u00e9lever les possibilit\u00e9s de sanctionner les internautes&hellip;\n","protected":false},"author":2,"featured_media":256689,"comment_status":"","ping_status":"","sticky":false,"template":"","format":"standard","meta":{"footnotes":""},"categories":[1591],"tags":[11,1887,12,1885,1886,132],"class_list":{"0":"post-256688","1":"post","2":"type-post","3":"status-publish","4":"format-standard","5":"has-post-thumbnail","7":"category-russie","8":"tag-actualites","9":"tag-federation-de-russie","10":"tag-news","11":"tag-russia","12":"tag-russian-federation","13":"tag-russie"},"share_on_mastodon":{"url":"https:\/\/pubeurope.com\/@fr\/114875026813537150","error":""},"_links":{"self":[{"href":"https:\/\/www.europesays.com\/fr\/wp-json\/wp\/v2\/posts\/256688","targetHints":{"allow":["GET"]}}],"collection":[{"href":"https:\/\/www.europesays.com\/fr\/wp-json\/wp\/v2\/posts"}],"about":[{"href":"https:\/\/www.europesays.com\/fr\/wp-json\/wp\/v2\/types\/post"}],"author":[{"embeddable":true,"href":"https:\/\/www.europesays.com\/fr\/wp-json\/wp\/v2\/users\/2"}],"replies":[{"embeddable":true,"href":"https:\/\/www.europesays.com\/fr\/wp-json\/wp\/v2\/comments?post=256688"}],"version-history":[{"count":0,"href":"https:\/\/www.europesays.com\/fr\/wp-json\/wp\/v2\/posts\/256688\/revisions"}],"wp:featuredmedia":[{"embeddable":true,"href":"https:\/\/www.europesays.com\/fr\/wp-json\/wp\/v2\/media\/256689"}],"wp:attachment":[{"href":"https:\/\/www.europesays.com\/fr\/wp-json\/wp\/v2\/media?parent=256688"}],"wp:term":[{"taxonomy":"category","embeddable":true,"href":"https:\/\/www.europesays.com\/fr\/wp-json\/wp\/v2\/categories?post=256688"},{"taxonomy":"post_tag","embeddable":true,"href":"https:\/\/www.europesays.com\/fr\/wp-json\/wp\/v2\/tags?post=256688"}],"curies":[{"name":"wp","href":"https:\/\/api.w.org\/{rel}","templated":true}]}}