{"id":256694,"date":"2025-07-18T15:51:09","date_gmt":"2025-07-18T15:51:09","guid":{"rendered":"https:\/\/www.europesays.com\/fr\/256694\/"},"modified":"2025-07-18T15:51:09","modified_gmt":"2025-07-18T15:51:09","slug":"yookay-ou-uk-la-droite-britannique-en-guerre-contre-le-multiculturalisme","status":"publish","type":"post","link":"https:\/\/www.europesays.com\/fr\/256694\/","title":{"rendered":"\u201cYookay\u201d ou UK ? La droite britannique en guerre contre le multiculturalisme"},"content":{"rendered":"\n<p>Des pelotons de livreurs Deliveroo au coin de la rue. Une enseigne de kebab plaqu\u00e9 sur une maison \u00e0 colombages. Du rap hardcore crach\u00e9 d\u2019un t\u00e9l\u00e9phone sans \u00e9couteurs \u00e0 bord du train. Bienvenue au \u201cYookay\u201d, surnom donn\u00e9 au Royaume-Uni de 2025\u00a0tel que le d\u00e9peint un nombre croissant de commentateurs de droite. D\u2019abord sur la plateforme\u00a0X, \u00e0 travers <a class=\"ithalc\" data-ithal=\"lien_externe\" data-ithalc=\"[nav_article]\" target=\"_blank\" href=\"https:\/\/x.com\/mythoyookay\">le compte Yookay Aesthetics<\/a> et, de plus en plus, dans les colonnes de la presse nationale.<\/p>\n<p>Le terme, prononciation exag\u00e9r\u00e9e et satirique de l\u2019acronyme \u201cUK\u201d (pour \u201cUnited Kingdom\u201d), \u201ca d\u2019abord \u00e9t\u00e9 invent\u00e9 pour d\u00e9crire l\u2019esth\u00e9tique particuli\u00e8re du Royaume-Uni contemporain, m\u00e9lange d\u00e9sagr\u00e9able de cultures plaqu\u00e9 sur l\u2019environnement britannique pr\u00e9existant\u201d, explicite l\u2019ex-ministre conservateur David Frost, <a class=\"ithalc\" data-ithal=\"lien_externe\" data-ithalc=\"[nav_article]\" target=\"_blank\" href=\"https:\/\/www.telegraph.co.uk\/news\/2025\/06\/19\/britain-i-love-dying-one-last-chance-to-save-it-yookay-uk\/\" rel=\"noopener\">au d\u00e9tour d\u2019une tribune publi\u00e9 par <strong>The\u00a0Daily Telegraph<\/strong><\/a>.<\/p>\n<blockquote><p>\u201cD\u00e9sormais, l\u2019emploi de ce terme implique quelque chose d\u2019autre\u00a0: ce nouveau nom sugg\u00e8re que nous sommes devenus un nouveau pays, qui vient succ\u00e9der au vieux Royaume-Uni.\u201d<\/p><\/blockquote>\n<p>Concr\u00e8tement, le pays vivrait donc une \u201crupture historique\u201d, assure l\u2019ancien n\u00e9gociateur en chef du Brexit, devenu au mois de juin le premier homme politique de poids \u00e0 s\u2019approprier le terme. Une cons\u00e9quence, selon lui, de l\u2019immigration de masse, doubl\u00e9e d\u2019un d\u00e9litement global du tissu social, d\u2019un recul de l\u2019influe<\/p>\n","protected":false},"excerpt":{"rendered":"Des pelotons de livreurs Deliveroo au coin de la rue. Une enseigne de kebab plaqu\u00e9 sur une maison&hellip;\n","protected":false},"author":2,"featured_media":256695,"comment_status":"","ping_status":"","sticky":false,"template":"","format":"standard","meta":{"footnotes":""},"categories":[1588],"tags":[11,18744,1777,674,1061,12,473,1853,1857,1851,1850,1852],"class_list":{"0":"post-256694","1":"post","2":"type-post","3":"status-publish","4":"format-standard","5":"has-post-thumbnail","7":"category-royaume-uni","8":"tag-actualites","9":"tag-criminalitu00e9","10":"tag-eu","11":"tag-europe","12":"tag-immigration","13":"tag-news","14":"tag-royaume-uni","15":"tag-royaume-uni-de-grande-bretagne-et-dirlande-du-nord","16":"tag-sociu00e9tu00e9","17":"tag-uk","18":"tag-united-kingdom","19":"tag-united-kingdom-of-great-britain-and-northern-ireland"},"share_on_mastodon":{"url":"https:\/\/pubeurope.com\/@fr\/114875038637006172","error":""},"_links":{"self":[{"href":"https:\/\/www.europesays.com\/fr\/wp-json\/wp\/v2\/posts\/256694","targetHints":{"allow":["GET"]}}],"collection":[{"href":"https:\/\/www.europesays.com\/fr\/wp-json\/wp\/v2\/posts"}],"about":[{"href":"https:\/\/www.europesays.com\/fr\/wp-json\/wp\/v2\/types\/post"}],"author":[{"embeddable":true,"href":"https:\/\/www.europesays.com\/fr\/wp-json\/wp\/v2\/users\/2"}],"replies":[{"embeddable":true,"href":"https:\/\/www.europesays.com\/fr\/wp-json\/wp\/v2\/comments?post=256694"}],"version-history":[{"count":0,"href":"https:\/\/www.europesays.com\/fr\/wp-json\/wp\/v2\/posts\/256694\/revisions"}],"wp:featuredmedia":[{"embeddable":true,"href":"https:\/\/www.europesays.com\/fr\/wp-json\/wp\/v2\/media\/256695"}],"wp:attachment":[{"href":"https:\/\/www.europesays.com\/fr\/wp-json\/wp\/v2\/media?parent=256694"}],"wp:term":[{"taxonomy":"category","embeddable":true,"href":"https:\/\/www.europesays.com\/fr\/wp-json\/wp\/v2\/categories?post=256694"},{"taxonomy":"post_tag","embeddable":true,"href":"https:\/\/www.europesays.com\/fr\/wp-json\/wp\/v2\/tags?post=256694"}],"curies":[{"name":"wp","href":"https:\/\/api.w.org\/{rel}","templated":true}]}}