{"id":256696,"date":"2025-07-18T15:52:12","date_gmt":"2025-07-18T15:52:12","guid":{"rendered":"https:\/\/www.europesays.com\/fr\/256696\/"},"modified":"2025-07-18T15:52:12","modified_gmt":"2025-07-18T15:52:12","slug":"allemagne-81-afghans-expulses-malgre-les-critiques-de-lonu-toute-lactualite-en-france-et-dans-le-monde","status":"publish","type":"post","link":"https:\/\/www.europesays.com\/fr\/256696\/","title":{"rendered":"Allemagne : 81 Afghans expuls\u00e9s malgr\u00e9 les critiques de l&rsquo;ONU | Toute l\u2019actualit\u00e9 en France et dans le Monde"},"content":{"rendered":"\n<p>\u00ab Les renvois de d\u00e9linquants afghans vers leur pays doivent pouvoir se poursuivre \u00e0 l&rsquo;avenir. Les auteurs d&rsquo;infractions graves n&rsquo;ont pas le droit de s\u00e9journer dans notre pays \u00bb, a affirm\u00e9 le ministre allemand de l&rsquo;Int\u00e9rieur Alexander Dobrindt. Plusieurs des Afghans expuls\u00e9s avaient \u00e9t\u00e9 condamn\u00e9s pour violences sexuelles, homicides, blessures volontaires, incendies criminels et infractions li\u00e9es aux stup\u00e9fiants, selon les autorit\u00e9s r\u00e9gionales.<\/p>\n<p>L&rsquo;op\u00e9ration men\u00e9e vendredi a pu se d\u00e9rouler gr\u00e2ce \u00e0 l&rsquo;entremise du Qatar, a pr\u00e9cis\u00e9 le minist\u00e8re de l&rsquo;Int\u00e9rieur. Mais Berlin avait indiqu\u00e9 r\u00e9cemment vouloir n\u00e9gocier directement avec les autorit\u00e9s talibanes.<\/p>\n<p>M\u00e9diation qatarie n\u00e9cessaire<\/p>\n<p>\u00ab Ces discussions devront avoir lieu \u00bb, a d\u00e9clar\u00e9 vendredi Alexander Dobrindt. Pour autant, \u00ab il n&rsquo;y a pas d&rsquo;\u00e9largissement des relations ni de reconnaissance du r\u00e9gime en place \u00bb \u00e0 Kaboul, a assur\u00e9 le chef de la diplomatie allemande Johann Wadephul.<\/p>\n<p>Le pr\u00e9c\u00e9dent gouvernement dirig\u00e9 par le social-d\u00e9mocrate Olaf Scholz avait expuls\u00e9, le 30 ao\u00fbt 2024, un groupe de 28 Afghans condamn\u00e9s pour crimes. Il s&rsquo;agissait d&rsquo;une premi\u00e8re depuis le retour au pouvoir des talibans.<\/p>\n<p>Critiques internationales virulentes<\/p>\n<p>Berlin \u00ab coop\u00e8re avec un r\u00e9gime terroriste \u00bb, a fustig\u00e9 une d\u00e9put\u00e9e du parti d&rsquo;opposition de gauche radicale Die Linke, Clara B\u00fcnger. Le Haut-Commissaire de l&rsquo;ONU aux droits humains Volker T\u00fcrk a soulign\u00e9 que certains Afghans expuls\u00e9s risquaient \u00ab d&rsquo;\u00eatre pers\u00e9cut\u00e9s \u00bb dans leur pays.<\/p>\n<p>\u00ab Expulser des personnes vers des pays dangereux comme l&rsquo;Afghanistan et diaboliser les r\u00e9fugi\u00e9s est l&rsquo;expression d&rsquo;un programme autoritaire qui a malheureusement \u00e9galement trouv\u00e9 son chemin en Allemagne \u00bb, a d\u00e9nonc\u00e9 Amnesty International. L&rsquo;Allemagne souhaite \u00e9galement pouvoir proc\u00e9der \u00e0 des expulsions vers la Syrie.<\/p>\n<p>Immigration au c\u0153ur des d\u00e9bats<\/p>\n<p>Le th\u00e8me de l&rsquo;immigration est au c\u0153ur des d\u00e9bats politiques dans le pays, marqu\u00e9 par une progression sans pr\u00e9c\u00e9dent de l&rsquo;extr\u00eame droite aux l\u00e9gislatives de f\u00e9vrier dernier. \u00ab La surcharge de nos pays par la migration ill\u00e9gale contribue \u00e9galement de mani\u00e8re massive \u00e0 la polarisation de la soci\u00e9t\u00e9 \u00bb, a soulign\u00e9 Alexander Dobrindt devant ses homologues europ\u00e9ens.<\/p>\n<p>La premi\u00e8re \u00e9conomie europ\u00e9enne a accueilli plus d&rsquo;un million de r\u00e9fugi\u00e9s, dont de tr\u00e8s nombreux Syriens et Afghans, lors de la crise migratoire des ann\u00e9es 2015-2016 sous le mandat de l&rsquo;ex-chanceli\u00e8re Angela Merkel. Les gouvernements qui ont suivi ont referm\u00e9 la page de cette politique d&rsquo;accueil.<\/p>\n<p>Durcissement l\u00e9gislatif r\u00e9cent<\/p>\n<p>Au cours des derni\u00e8res semaines, la coalition de Friedrich Merz a d\u00e9cid\u00e9 le refoulement des demandeurs d&rsquo;asile aux fronti\u00e8res du pays. Elle a \u00e9galement modifi\u00e9 la l\u00e9gislation afin de limiter le regroupement familial pour certaines cat\u00e9gories de r\u00e9fugi\u00e9s et d&rsquo;allonger les d\u00e9lais d&rsquo;acc\u00e8s \u00e0 la nationalit\u00e9 allemande.<\/p>\n<p>Mais \u00ab nous ne pourrons r\u00e9soudre le probl\u00e8me \u00e0 long terme qu&rsquo;ensemble, au sein de l&rsquo;Union europ\u00e9enne \u00bb, a d\u00e9clar\u00e9 le chancelier vendredi lors d&rsquo;une conf\u00e9rence de presse. Le ministre de l&rsquo;Int\u00e9rieur mise sur une initiative europ\u00e9enne visant \u00e0 faciliter les expulsions des migrants d\u00e9bout\u00e9s de l&rsquo;asile vers des pays tiers hors Union europ\u00e9enne.<\/p>\n<p>\u00ab Nous voulons cr\u00e9er la possibilit\u00e9 de renvoyer les migrants dans des pays voisins proches de leur pays d&rsquo;origine \u00bb lorsque ce dernier refuse de reprendre ses ressortissants, a-t-il d\u00e9clar\u00e9 \u00e0 la presse.<\/p>\n<p>(AFP) Note : Cet article a \u00e9t\u00e9 \u00e9dit\u00e9 avec l&rsquo;aide de l&rsquo;Intelligence Artificielle.<\/p>\n","protected":false},"excerpt":{"rendered":"\u00ab Les renvois de d\u00e9linquants afghans vers leur pays doivent pouvoir se poursuivre \u00e0 l&rsquo;avenir. Les auteurs d&rsquo;infractions&hellip;\n","protected":false},"author":2,"featured_media":256697,"comment_status":"","ping_status":"","sticky":false,"template":"","format":"standard","meta":{"footnotes":""},"categories":[1587],"tags":[11,672,1804,1805,1803,1777,674,1801,12,9024,1802],"class_list":{"0":"post-256696","1":"post","2":"type-post","3":"status-publish","4":"format-standard","5":"has-post-thumbnail","7":"category-allemagne","8":"tag-actualites","9":"tag-allemagne","10":"tag-bundesrepublik-deutschland","11":"tag-de","12":"tag-deutschland","13":"tag-eu","14":"tag-europe","15":"tag-germany","16":"tag-news","17":"tag-politics","18":"tag-republique-federale-dallemagne"},"share_on_mastodon":{"url":"https:\/\/pubeurope.com\/@fr\/114875042636532049","error":""},"_links":{"self":[{"href":"https:\/\/www.europesays.com\/fr\/wp-json\/wp\/v2\/posts\/256696","targetHints":{"allow":["GET"]}}],"collection":[{"href":"https:\/\/www.europesays.com\/fr\/wp-json\/wp\/v2\/posts"}],"about":[{"href":"https:\/\/www.europesays.com\/fr\/wp-json\/wp\/v2\/types\/post"}],"author":[{"embeddable":true,"href":"https:\/\/www.europesays.com\/fr\/wp-json\/wp\/v2\/users\/2"}],"replies":[{"embeddable":true,"href":"https:\/\/www.europesays.com\/fr\/wp-json\/wp\/v2\/comments?post=256696"}],"version-history":[{"count":0,"href":"https:\/\/www.europesays.com\/fr\/wp-json\/wp\/v2\/posts\/256696\/revisions"}],"wp:featuredmedia":[{"embeddable":true,"href":"https:\/\/www.europesays.com\/fr\/wp-json\/wp\/v2\/media\/256697"}],"wp:attachment":[{"href":"https:\/\/www.europesays.com\/fr\/wp-json\/wp\/v2\/media?parent=256696"}],"wp:term":[{"taxonomy":"category","embeddable":true,"href":"https:\/\/www.europesays.com\/fr\/wp-json\/wp\/v2\/categories?post=256696"},{"taxonomy":"post_tag","embeddable":true,"href":"https:\/\/www.europesays.com\/fr\/wp-json\/wp\/v2\/tags?post=256696"}],"curies":[{"name":"wp","href":"https:\/\/api.w.org\/{rel}","templated":true}]}}