{"id":256698,"date":"2025-07-18T15:53:16","date_gmt":"2025-07-18T15:53:16","guid":{"rendered":"https:\/\/www.europesays.com\/fr\/256698\/"},"modified":"2025-07-18T15:53:16","modified_gmt":"2025-07-18T15:53:16","slug":"en-europe-pedro-sanchez-dernier-avatar-du-socialisme-zombie","status":"publish","type":"post","link":"https:\/\/www.europesays.com\/fr\/256698\/","title":{"rendered":"\u00abEn Europe, Pedro S\u00e1nchez,\u00a0dernier avatar du socialisme zombie\u00bb"},"content":{"rendered":"<p><strong>FIGAROVOX\/TRIBUNE &#8211; <\/strong>Le Premier ministre espagnol est emp\u00eatr\u00e9 dans de multiples scandales de corruption et otage des ind\u00e9pendantistes dont d\u00e9pend la survie de la coalition gouvernementale. Une fin de r\u00e8gne cr\u00e9pusculaire qui pourrait entra\u00eener la partition de l\u2019Espagne, redoute Rodrigo Ballester, directeur du Centre d\u2019\u00e9tudes \u00e9urop\u00e9ennes du Mathias Corvinus Collegium (MCC).<\/p>\n<p class=\"fig-paragraph\">Rodrigo Ballester dirige le Centre d\u2019\u00e9tudes \u00e9urop\u00e9ennes du Mathias Corvinus Collegium (MCC) \u00e0 Budapest. Ancien fonctionnaire europ\u00e9en issu du Coll\u00e8ge d\u2019Europe, il a notamment \u00e9t\u00e9 membre de cabinet du Commissaire \u00e0 l\u2019\u00c9ducation et \u00e0 la Culture de 2009 \u00e0 2014.<\/p>\n<p class=\"fig-paragraph\"><a href=\"http:\/\/www.lefigaro.fr\/international\/espagne-malgre-les-scandales-pedro-sanchez-affirme-qu-il-ne-va-pas-jeter-l-eponge-20250709\" target=\"_blank\" data-fig-type=\"NewsFlash\" rel=\"noopener\" data-gtm-custom-categorie=\"navigation\" data-gtm-custom-action=\"crossclick\" data-gtm-custom-label=\"Contextuel\" data-gtm-event=\"customEventSPE\" data-fig-domain=\"LEFIGARO\">Pedro S\u00e1nchez<\/a>\u00a0est un zombie politique. Depuis sa victoire \u00e0 la Pyrrhus en 2023, sa coalition bancale ne tient qu\u2019\u00e0 un fil et sa survie politique d\u00e9pend du bon vouloir du\u00a0<a href=\"http:\/\/www.lefigaro.fr\/international\/espagne-carles-puigdemont-activement-recherche-par-la-police-apres-son-retour-a-barcelone-20240808\" target=\"_blank\" data-fig-type=\"NewsFlash\" rel=\"noopener\" data-gtm-custom-categorie=\"navigation\" data-gtm-custom-action=\"crossclick\" data-gtm-custom-label=\"Contextuel\" data-gtm-event=\"customEventSPE\" data-fig-domain=\"LEFIGARO\">fugitif Puigdemont<\/a>\u00a0(qui gr\u00e2ce \u00e0 ses sept d\u00e9put\u00e9s m\u00e8ne S\u00e1nchez au doigt et \u00e0 l\u2019\u0153il depuis sa planque de Waterloo) et des h\u00e9ritiers des terroristes de l\u2019ETA. Pendant ce temps, l\u2019Espagne n\u2019est plus dirig\u00e9e et tourne au ralenti\u00a0: l\u2019ex\u00e9cutif ne s\u2019embarrasse m\u00eame plus de faire voter un nouveau budget et prolonge les comptes de 2023 au m\u00e9pris de la Constitution, le dernier d\u00e9bat sur l\u2019\u00e9tat de la nation datant de 2022. S\u00e1nchez survit \u00e0 coups de d\u00e9crets l\u00e9gislatifs, ce qui est plut\u00f4t normal pour un pr\u00e9sident pr\u00eat \u00e0 gouverner \u00abavec ou sans le Parlement\u00bb, selon sa propre formule.<\/p>\n<p>                                    <a class=\"fig-a11y-skip a11y-hidden\" href=\"#fig-a11y-skip-main-inarticle\"><br \/>\n        Passer la publicit\u00e9<br \/>\n    <\/a><\/p>\n<p class=\"fig-paragraph\">\u00c0 cette situation de pr\u00e9carit\u00e9 absolue se greffent des dysfonctionnements in\u00e9dits, comme l\u2019ahurissante passivit\u00e9 de l\u2019\u00c9tat pendant\u00a0<a href=\"http:\/\/www.lefigaro.fr\/international\/il-est-probable-qu-il-y-aura-plus-de-morts-apres-les-inondations-la-recherche-des-corps-se-poursuit-en-espagne-20241102\" target=\"_blank\" data-fig-type=\"NewsFlash\" rel=\"noopener\" data-gtm-custom-categorie=\"navigation\" data-gtm-custom-action=\"crossclick\" data-gtm-custom-label=\"Contextuel\" data-gtm-event=\"customEventSPE\" data-fig-domain=\"LEFIGARO\">les coul\u00e9es de boues<\/a>\u00a0meurtri\u00e8res d\u2019octobre dernier \u00e0 Valence, la coupure massive d\u2019\u00e9lectricit\u00e9 qui laissa l\u2019Espagne et ses voisins dans le noir, les pannes \u00e0 r\u00e9p\u00e9tition des trains \u00e0 grande vitesse et les r\u00e9voltes li\u00e9es \u00e0 la migration ill\u00e9gale. Et voil\u00e0 que dans ce marasme, S\u00e1nchez se retrouve dans l\u2019\u00e9picentre d\u2019une corruption syst\u00e9mique dans laquelle trempent sa famille, son parti et son gouvernement dans des proportions jamais vues dans un pays pourtant habitu\u00e9 aux scandales politico-financiers.<\/p>\n<p class=\"fig-paragraph\">Une interminable litanie de r\u00e9v\u00e9lations fracassantes m\u00ealant pots-de-vin, millionnaires, prostitution, prox\u00e9n\u00e9tisme, n\u00e9potisme \u00e9hont\u00e9, bourrage d\u2019urnes, financement ill\u00e9gal du parti socialiste, trafic d\u2019influence, emplois fictifs, basses man\u0153uvres contre les juges, chantages sur WhatsApp et scandales sexuels des plus graveleux. R\u00e9sultat\u00a0: la femme et le fr\u00e8re de S\u00e1nchez mis en examen ; le procureur g\u00e9n\u00e9ral bient\u00f4t jug\u00e9 par la Cour supr\u00eame ; Jos\u00e9 Luis Abalos, l\u2019ancien num\u00e9ro deux du gouvernement inculp\u00e9 et, Santos Cerd\u00e1n, son bras droit au sein du parti socialiste, \u00e9crou\u00e9. Quand S\u00e1nchez fut \u00e9ject\u00e9 de son propre parti en 2016 apr\u00e8s avoir tent\u00e9 de truquer les primaires, la l\u00e9gende urbaine veut qu\u2019il pr\u00eet le volant de sa Peugeot avec trois comp\u00e8res pour faire le tour des f\u00e9d\u00e9rations et reconqu\u00e9rir le pouvoir de mani\u00e8re triomphale en 2017. Dix ans plus tard, ces trois comp\u00e8res (Abalos et Cerd\u00e1n et un certain Koldo, ancien videur de maisons closes, garde du corps, homme \u00e0 tout faire de la bande et \u00e0 l\u2019origine du scandale apr\u00e8s avoir enregistr\u00e9 toutes ses \u00abr\u00e9unions\u00bb en douce) sont \u00e0 deux pas de la prison ou y sont d\u00e9j\u00e0. Quid du quatri\u00e8me membre de la bande \u00e0 la Peugeot\u00a0?<\/p>\n<p>La vraie question n\u2019est pas son avenir judiciaire mais bel et bien celui de l\u2019Espagne actuelle. Le pays survivra-t-il \u00e0 son d\u00e9pe\u00e7age orchestr\u00e9, l\u2019\u00c9tat \u00e0 sa liquidation programm\u00e9e et la d\u00e9mocratie espagnole aux d\u00e9rives autocratiques d\u2019un r\u00e9gime aux abois?<\/p>\n<p class=\"fig-paragraph\">Voil\u00e0 la question que des millions d\u2019Espagnols se posent et que la justice devra un jour trancher. S\u00e1nchez est cern\u00e9 de toutes parts, il est accul\u00e9 et cette fois-ci son sempiternel culot, son art de l\u2019enfumage, ses brigades m\u00e9diatiques grassement r\u00e9tribu\u00e9es et son d\u00e9ni permanent de la r\u00e9alit\u00e9 ne semblent \u00eatre d\u2019aucun secours. La fin de la baraka pour cet aventurier sans scrupules\u00a0? Pas tout de suite, car la seule certitude sur laquelle tout le monde s\u2019accorde est que S\u00e1nchez ne d\u00e9missionnera sous aucun pr\u00e9texte et que, plus que jamais, il est pr\u00eat \u00e0 tous les marchandages pour prolonger son agonie politique. La vraie question n\u2019est pas son avenir judiciaire mais bel et bien celui de l\u2019Espagne actuelle. Le pays survivra-t-il \u00e0 son d\u00e9pe\u00e7age orchestr\u00e9, l\u2019\u00c9tat \u00e0 sa liquidation programm\u00e9e et la d\u00e9mocratie espagnole aux d\u00e9rives autocratiques d\u2019un r\u00e9gime aux abois?<\/p>\n<p class=\"fig-paragraph\">Apr\u00e8s sept ans de d\u00e9tricotage de la Constitution et de privil\u00e8ges arrach\u00e9s sans vergogne, les scandales de corruption dans lesquels S\u00e1nchez est emp\u00eatr\u00e9 jusqu\u2019\u00e0 la moelle sont une aubaine pour\u00a0<a href=\"http:\/\/www.lefigaro.fr\/international\/menaces-de-demission-de-pedro-sanchez-l-espagne-suspendue-a-l-annonce-du-premier-ministre-20240429\" target=\"_blank\" data-fig-type=\"NewsFlash\" rel=\"noopener\" data-gtm-custom-categorie=\"navigation\" data-gtm-custom-action=\"crossclick\" data-gtm-custom-label=\"Contextuel\" data-gtm-event=\"customEventSPE\" data-fig-domain=\"LEFIGARO\">sa coalition<\/a>, sp\u00e9cialement pour des ind\u00e9pendantistes voraces. Ils y voient l\u2019occasion de donner l\u2019estocade \u00e0 un pays qu\u2019ils gouvernent et honnissent tout autant et d\u2019obtenir encore quelques b\u00e9n\u00e9fices tout en feignant de s\u2019offusquer des affaires en cours. Derni\u00e8res tractations en date\u00a0: la cession totale des imp\u00f4ts et la n\u00e9gociation d\u2019un syst\u00e8me judiciaire autonome en Catalogne, et la gestion des retraites au Pays basque.<\/p>\n<p class=\"fig-paragraph\">En \u00e9change de ce soutien, S\u00e1nchez n\u00e9gocie \u00e0 la h\u00e2te une r\u00e9forme du pouvoir judiciaire qui priverait les juges de leurs comp\u00e9tences d\u2019instruction au b\u00e9n\u00e9fice d\u2019un parquet qui est litt\u00e9ralement \u00e0 la botte du pouvoir, \u00e0 commencer par le procureur g\u00e9n\u00e9ral, Alvaro Ortiz, qui sera jug\u00e9 par la Cour supr\u00eame pour r\u00e9v\u00e9lations de secrets fiscaux contre une figure de l\u2019opposition&#8230; filtr\u00e9s \u00e0 la demande du cabinet de S\u00e1nchez. En somme, une man\u0153uvre grossi\u00e8re afin de d\u00e9sactiver bon nombres des scandales qui pourrissent sa vie et celle de son entourage et qui n\u2019auraient jamais vu le jour si un parquet servile \u00e9tait en charge de l\u2019instruction. Apr\u00e8s l\u2019auto-amnistie des politiciens ind\u00e9pendantistes pour une poign\u00e9e de si\u00e8ges, S\u00e1nchez ambitionne d\u00e9sormais de faire main basse sur le syst\u00e8me judiciaire pour ent\u00e9riner sa propre impunit\u00e9. Le tout dans le silence assourdissant de la Commission europ\u00e9enne, gardien autoproclam\u00e9 de l\u2019\u00c9tat de droit.<\/p>\n<p class=\"fig-body-link\">\n            \u00c0 lire aussi<br \/>\n        <a class=\"fig-body-link__link\" href=\"http:\/\/www.lefigaro.fr\/international\/espagne-pedro-sanchez-demande-pardon-et-assure-qu-il-ne-savait-rien-d-une-affaire-de-corruption-dans-son-parti-20250612\" target=\"_blank\" data-fig-type=\"Article\" rel=\"noopener\" data-gtm-custom-categorie=\"navigation\" data-gtm-custom-action=\"crossclick\" data-gtm-custom-label=\"Contextuel\" data-gtm-event=\"customEventSPE\" data-fig-domain=\"LEFIGARO\">Espagne: Pedro S\u00e1nchez demande pardon et assure qu\u2019il ne savait \u00abrien\u00bb d\u2019une affaire de corruption dans son parti<br \/>\n    <\/a>\n<\/p>\n<p>                                    <a class=\"fig-a11y-skip a11y-hidden\" href=\"#fig-a11y-skip-main-inarticle_mtf\"><br \/>\n        Passer la publicit\u00e9<br \/>\n    <\/a><\/p>\n<p class=\"fig-paragraph\">Ce \u00e9ni\u00e8me marchandage obsc\u00e8ne sera-t-il le dernier acte d\u2019un r\u00e8gne qui a plong\u00e9 l\u2019Espagne dans une crise existentielle\u00a0? Au contraire, il est bien plus probable que les ind\u00e9pendantistes fassent monter les ench\u00e8res jusqu\u2019\u00e0 la lie et qu\u2019ils arrachent un r\u00e9f\u00e9rendum d\u2019autod\u00e9termination, voire une ind\u00e9pendance de facto qui est en partie d\u00e9j\u00e0 un fait accompli. Sans oublier les \u00abdol\u00e9ances\u00bb des membres d\u2019extr\u00eame gauche de la coalition qui ont pouss\u00e9 S\u00e1nchez \u00e0 se faire remarquer au sommet de l\u2019Otan,\u00a0<a href=\"http:\/\/www.lefigaro.fr\/international\/reconnaissance-de-l-etat-palestinien-la-decision-de-l-espagne-la-norvege-et-l-irlande-peut-elle-vraiment-changer-la-donne-20240522\" target=\"_blank\" data-fig-type=\"Article\" rel=\"noopener\" data-gtm-custom-categorie=\"navigation\" data-gtm-custom-action=\"crossclick\" data-gtm-custom-label=\"Contextuel\" data-gtm-event=\"customEventSPE\" data-fig-domain=\"LEFIGARO\">\u00e0 reconna\u00eetre un \u00c9tat palestinien<\/a>\u00a0ou \u00e0 augmenter les imp\u00f4ts plus de quatre-vingt-dix fois.<\/p>\n<p class=\"fig-paragraph\">En somme, un pays pris en \u00e9tau entre les ambitions personnelles et la corruption de son premier ministre et le chantage carnassier des membres de son improbable coalition. Un sc\u00e9nario endiabl\u00e9 qui a mis l\u2019Espagne \u00e0 genoux et risque fort de la faire flancher. Car si Pedro S\u00e1nchez est un zombie politique, il compte bien vampiriser son propre pays jusqu\u2019\u00e0 son dernier souffle et l\u2019entra\u00eener dans sa chute.<\/p>\n","protected":false},"excerpt":{"rendered":"FIGAROVOX\/TRIBUNE &#8211; Le Premier ministre espagnol est emp\u00eatr\u00e9 dans de multiples scandales de corruption et otage des ind\u00e9pendantistes&hellip;\n","protected":false},"author":2,"featured_media":256699,"comment_status":"","ping_status":"","sticky":false,"template":"","format":"standard","meta":{"footnotes":""},"categories":[1586],"tags":[11,39667,123,1777,674,1011,27,12,122,25],"class_list":{"0":"post-256698","1":"post","2":"type-post","3":"status-publish","4":"format-standard","5":"has-post-thumbnail","7":"category-europe","8":"tag-actualites","9":"tag-carles-puigdemont","10":"tag-espagne","11":"tag-eu","12":"tag-europe","13":"tag-fr","14":"tag-france","15":"tag-news","16":"tag-pedro-sanchez","17":"tag-republique-francaise"},"share_on_mastodon":{"url":"https:\/\/pubeurope.com\/@fr\/114875046489103921","error":""},"_links":{"self":[{"href":"https:\/\/www.europesays.com\/fr\/wp-json\/wp\/v2\/posts\/256698","targetHints":{"allow":["GET"]}}],"collection":[{"href":"https:\/\/www.europesays.com\/fr\/wp-json\/wp\/v2\/posts"}],"about":[{"href":"https:\/\/www.europesays.com\/fr\/wp-json\/wp\/v2\/types\/post"}],"author":[{"embeddable":true,"href":"https:\/\/www.europesays.com\/fr\/wp-json\/wp\/v2\/users\/2"}],"replies":[{"embeddable":true,"href":"https:\/\/www.europesays.com\/fr\/wp-json\/wp\/v2\/comments?post=256698"}],"version-history":[{"count":0,"href":"https:\/\/www.europesays.com\/fr\/wp-json\/wp\/v2\/posts\/256698\/revisions"}],"wp:featuredmedia":[{"embeddable":true,"href":"https:\/\/www.europesays.com\/fr\/wp-json\/wp\/v2\/media\/256699"}],"wp:attachment":[{"href":"https:\/\/www.europesays.com\/fr\/wp-json\/wp\/v2\/media?parent=256698"}],"wp:term":[{"taxonomy":"category","embeddable":true,"href":"https:\/\/www.europesays.com\/fr\/wp-json\/wp\/v2\/categories?post=256698"},{"taxonomy":"post_tag","embeddable":true,"href":"https:\/\/www.europesays.com\/fr\/wp-json\/wp\/v2\/tags?post=256698"}],"curies":[{"name":"wp","href":"https:\/\/api.w.org\/{rel}","templated":true}]}}