{"id":256710,"date":"2025-07-18T16:00:10","date_gmt":"2025-07-18T16:00:10","guid":{"rendered":"https:\/\/www.europesays.com\/fr\/256710\/"},"modified":"2025-07-18T16:00:10","modified_gmt":"2025-07-18T16:00:10","slug":"jai-un-petit-bureau-dedie-a-ca-mickael-guillard-le-streamer-du-xv-de-france-lequipe","status":"publish","type":"post","link":"https:\/\/www.europesays.com\/fr\/256710\/","title":{"rendered":"\u00ab J&#039;ai un petit bureau d\u00e9di\u00e9 \u00e0 \u00e7a \u00bb : Micka\u00ebl Guillard, le streamer du XV de France &#8211; L&#039;\u00c9quipe"},"content":{"rendered":"<ol>\n<li><a href=\"https:\/\/news.google.com\/rss\/articles\/CBMiwwFBVV95cUxNV0dWbXAzRkF6RE50YzU0REpza1JmN3h6bElaNEZIOWk3eTdqdlZjVVhZbFB4blgweDNZc3U2TGd0OWRQZ0ZZeEtvbTk5NHlWc1RnNEl1cjlxR2lHWEo5elFRd0MwODhiYWhNR0U4ZjBseUktb2t4YWtwVmx0S0JmNUlFYmZyQUhWcHdlVENBX2J3b2ZuMEtYUE1WRVZkRTExajZZc2pBNE9SQXRzUjVpLUJRblhGU0g4V1FIV0g4T0RaVjQ?oc=5\" target=\"_blank\" rel=\"nofollow noopener\">\u00ab J&rsquo;ai un petit bureau d\u00e9di\u00e9 \u00e0 \u00e7a \u00bb : Micka\u00ebl Guillard, le streamer du XV de France<\/a>&nbsp;&nbsp;L&rsquo;\u00c9quipe<\/li>\n<li><a href=\"https:\/\/news.google.com\/rss\/articles\/CBMiggJBVV95cUxQcnMtLURjU2VHMU5XSWFfQ2dHcG1reVU3amhBa0pzLTJxTUZUV25yaVE3MUlkdzBESjZmM1FfRXJJTk1kSU5BT0x0MjlqVC1US1hYOEJvc3NWLTROZ2kwVW5SS29Ud1BaREM5RW1FaFMtaW1sdWVpLS1HTFU0RjVQclNkWVNvN0lhLUlXZTIwaThPZVhqell1SV9GZUMyak81RmE1aTlGa3VuYUd2Zk1UTU5KbTBIQVFKMmN4bEdTdmpUVUZUNHRqSTJMcFFVSm1lcHpGYnJEazJZcHQ2dkF3TFZjcWR0bVU4UWEydFQ3WVk3NkVIRE9fRzYwbUJ3YnRiX2c?oc=5\" target=\"_blank\" rel=\"nofollow noopener\">\u00ab J&rsquo;aimerais avoir mon style \u00e0 moi \u00bb : entre deuxi\u00e8me-ligne et troisi\u00e8me-ligne, Micka\u00ebl Guillard veut cultiver sa polyvalence avec le XV de France<\/a>&nbsp;&nbsp;L&rsquo;\u00c9quipe<\/li>\n<li><a href=\"https:\/\/news.google.com\/rss\/articles\/CBMi7wFBVV95cUxPaE1tOXJtTWxsWkNyd280bkVZZlVDM2x1UXVNWnVuaHBfOXRjaGZfS291SjEtV0lCMVNTVzlsbU91YXlhdGZybU5QYzExUkNuYXNCOUYxV0JlVGtNTTRvbE5GUzdtMGZ6SllKc0M3YUlJTElCY2lSNHJCS2VKLW13NEF1cVFSWW9zYjNzMkplQnlQeUJ4Nm9qaUlSeS1VYW1TQTRmQVk4Ukg5NkFRbUV5eVhjb3BnZ3RvSkJKSHVPNUE3RXF6Sm1SMkIydVloT01ST2Q4UGlVbGtvRU4yTWJMVG5KZGxLZUhpdE9JNHZzUQ?oc=5\" target=\"_blank\" rel=\"nofollow noopener\">XV de France &#8211; Micka\u00ebl Guillard, cadre en herbe : \u00ab\u00a0Plus le niveau monte, plus il \u00e9l\u00e8ve le sien\u00a0\u00bb<\/a>&nbsp;&nbsp;Eurosport<\/li>\n<li><a href=\"https:\/\/news.google.com\/rss\/articles\/CBMi5wFBVV95cUxPUXo5YUJsT3lOdWNHbEtxN3ZyXzkxT3BxY3RxdUYzTlY4MGItWHdSYWxwWG5uZ3JEYjZSWVBuWk5xc3U0bmFZazZDVzdHdG9Ra1ZIN0Z3RmRlZE1LUmoyMWVuSmw5Wjg3Q1gtVjdmY2ppMnJiaWEzZm9DUVBBdms4M21mdG5GMjF0QXRheUtPUEE4Z2I4Uy1KNkRwdkhVNkhvcmt5VkhObHlTVkZEU0s4Skp6T2ZibHg4aEhUYUtOYU44NS0yb2hlcjVWVWpvdVBJc3A0bGItUTNPaW9BckFuWk5wWHRlOVk?oc=5\" target=\"_blank\" rel=\"nofollow noopener\">Un joueur du XV de France envisage de lancer sa cha\u00eene Twitch : \u00ab\u00a0J\u2019adore les jeux vid\u00e9o, \u00e7a me permet aussi de penser \u00e0 autre chose !\u00a0\u00bb<\/a>&nbsp;&nbsp;Blog RCT<\/li>\n<li><a href=\"https:\/\/news.google.com\/rss\/articles\/CBMitAFBVV95cUxOb3d0VVdhc0xQS0xsZnNBaGVaMHNsdjNxU2lrU1V0UFd2bWlvNHFEQ3pvYWlQMTFPeFZ6SVhWVnU2Z2k0bzZkeE0yUzg3dVhKSzhzYXlqOFhiaWs3cUxUcExoeTFjcUFhNU03QWZ4REVsMGxaa2ZuRU9LWXp6QXFmVzlnTGI2WmJmZ29DS1VtTUFRSTF2U3B0YjF2bnZtVnItX0xSZzZLUTV3NGtfTGRQUlpFZ2Q?oc=5\" target=\"_blank\" rel=\"nofollow noopener\">Micka\u00ebl Guillard : \u00ab un jour je lancerai ma cha\u00eene Twitch \u00bb<\/a>&nbsp;&nbsp;Rugbypass.com<\/li>\n<\/ol>\n","protected":false},"excerpt":{"rendered":"\u00ab J&rsquo;ai un petit bureau d\u00e9di\u00e9 \u00e0 \u00e7a \u00bb : Micka\u00ebl Guillard, le streamer du XV de France&nbsp;&nbsp;L&rsquo;\u00c9quipe&hellip;\n","protected":false},"author":2,"featured_media":256711,"comment_status":"","ping_status":"","sticky":false,"template":"","format":"standard","meta":{"footnotes":""},"categories":[1416],"tags":[1011,27,479,1468,60],"class_list":{"0":"post-256710","1":"post","2":"type-post","3":"status-publish","4":"format-standard","5":"has-post-thumbnail","7":"category-rugby","8":"tag-fr","9":"tag-france","10":"tag-rugby","11":"tag-rugby-football","12":"tag-sports"},"share_on_mastodon":{"url":"https:\/\/pubeurope.com\/@fr\/114875074050210980","error":""},"_links":{"self":[{"href":"https:\/\/www.europesays.com\/fr\/wp-json\/wp\/v2\/posts\/256710","targetHints":{"allow":["GET"]}}],"collection":[{"href":"https:\/\/www.europesays.com\/fr\/wp-json\/wp\/v2\/posts"}],"about":[{"href":"https:\/\/www.europesays.com\/fr\/wp-json\/wp\/v2\/types\/post"}],"author":[{"embeddable":true,"href":"https:\/\/www.europesays.com\/fr\/wp-json\/wp\/v2\/users\/2"}],"replies":[{"embeddable":true,"href":"https:\/\/www.europesays.com\/fr\/wp-json\/wp\/v2\/comments?post=256710"}],"version-history":[{"count":0,"href":"https:\/\/www.europesays.com\/fr\/wp-json\/wp\/v2\/posts\/256710\/revisions"}],"wp:featuredmedia":[{"embeddable":true,"href":"https:\/\/www.europesays.com\/fr\/wp-json\/wp\/v2\/media\/256711"}],"wp:attachment":[{"href":"https:\/\/www.europesays.com\/fr\/wp-json\/wp\/v2\/media?parent=256710"}],"wp:term":[{"taxonomy":"category","embeddable":true,"href":"https:\/\/www.europesays.com\/fr\/wp-json\/wp\/v2\/categories?post=256710"},{"taxonomy":"post_tag","embeddable":true,"href":"https:\/\/www.europesays.com\/fr\/wp-json\/wp\/v2\/tags?post=256710"}],"curies":[{"name":"wp","href":"https:\/\/api.w.org\/{rel}","templated":true}]}}