{"id":256712,"date":"2025-07-18T16:01:11","date_gmt":"2025-07-18T16:01:11","guid":{"rendered":"https:\/\/www.europesays.com\/fr\/256712\/"},"modified":"2025-07-18T16:01:11","modified_gmt":"2025-07-18T16:01:11","slug":"atp-rick-macci-repond-a-john-mcenroe-sur-alcaraz-et-sinner-you-cannot-be-serious","status":"publish","type":"post","link":"https:\/\/www.europesays.com\/fr\/256712\/","title":{"rendered":"ATP > Rick Macci r\u00e9pond \u00e0 John McEnroe sur Alcaraz et Sinner : \u00ab\u00a0You cannot be serious !\u00a0\u00bb"},"content":{"rendered":"<p>Rick Macci ne pouvait certai\u00adne\u00adment pas trouver une meilleure mani\u00e8re de r\u00e9pondre \u00e0 John McEnroe.\u00a0<\/p>\n<p>Alors que ce dernier expli\u00adquait avant la finale de Wimbledon entre Alcaraz et Sinner que <a href=\"https:\/\/www.welovetennis.fr\/wimbledon\/mcenroe-avant-la-finale-entre-sinner-et-alcaraz-quand-jannik-est-au-meilleur-de-son-jeu-personne-ne-peut-le-battre-a-part-carlos-dun-autre-cote-si-carlos-nest-pas-au-meilleur-de-son-jeu\" data-wpel-link=\"internal\" rel=\"nofollow noopener\" target=\"_blank\">\u00ab\u202fsi Carlos n\u2019est pas \u00e0 son meilleur niveau, Jannik gagnera \u00e0 chaque fois\u202f\u00bb<\/a>, l\u2019an\u00adcien entra\u00ee\u00adneur des soeurs Williams, dans son style inimi\u00adtable, a exprim\u00e9 son d\u00e9sac\u00adcord en repre\u00adnant la fameuse phrase prononc\u00e9e par McEnroe \u00e0 l\u2019ar\u00adbitre de chaise lors de l\u2019\u00e9di\u00adtion 1981 du Grand Chelem londonien.<\/p>\n<blockquote class=\"twitter-tweet\" data-width=\"550\" data-dnt=\"true\">\n<p lang=\"en\" dir=\"ltr\">The great John Mac says Sinner at a different level than  Alcaraz and he probably will not win again. You cannot be serious\u202f! There is an invi\u00adsible fine line between these two and it will come down to key moments that day who will have the final say. <a href=\"https:\/\/twitter.com\/carlosalcaraz?ref_src=twsrc%5Etfw\" data-wpel-link=\"external\" target=\"_blank\" rel=\"nofollow external noopener\">@carlosalcaraz<\/a> <a href=\"https:\/\/twitter.com\/janniksin?ref_src=twsrc%5Etfw\" data-wpel-link=\"external\" target=\"_blank\" rel=\"nofollow external noopener\">@janniksin<\/a><\/p>\n<p>\u2014 Rick Macci (@RickMacci) <a href=\"https:\/\/twitter.com\/RickMacci\/status\/1945365912212693238?ref_src=twsrc%5Etfw\" data-wpel-link=\"external\" target=\"_blank\" rel=\"nofollow external noopener\">July 16,\u00a02025<\/a><\/p><\/blockquote>\n<p><strong>\u00ab\u202fLe grand Johnny Mac dit que Sinner est d\u2019un autre niveau qu\u2019Alcaraz et que Carlos ne gagnera proba\u00adble\u00adment plus face \u00e0 Jannik. You cannot be serious\u202f! Il y a une fron\u00adti\u00e8re invi\u00adsible entre ces deux\u2010l\u00e0 et il faudra attendre les moments cl\u00e9s pour savoir qui aura le dernier mot\u202f\u00bb<\/strong>, a \u00e9crit le c\u00e9l\u00e8bre entra\u00ee\u00adneur am\u00e9ri\u00adcain sur son compte Twitter.\u00a0<\/p>\n<p class=\"post-published-date\" style=\"color: silver; font-size: 75%; text-align: left;\">Publi\u00e9 le vendredi 18 juillet 2025 \u00e0 16:06<\/p>\n<p><script async src=\"https:\/\/platform.twitter.com\/widgets.js\" charset=\"utf-8\"><\/script><\/p>\n","protected":false},"excerpt":{"rendered":"Rick Macci ne pouvait certai\u00adne\u00adment pas trouver une meilleure mani\u00e8re de r\u00e9pondre \u00e0 John McEnroe.\u00a0 Alors que ce&hellip;\n","protected":false},"author":2,"featured_media":256713,"comment_status":"","ping_status":"","sticky":false,"template":"","format":"standard","meta":{"footnotes":""},"categories":[1415],"tags":[1744,1011,27,2201,2127,60,1467],"class_list":{"0":"post-256712","1":"post","2":"type-post","3":"status-publish","4":"format-standard","5":"has-post-thumbnail","7":"category-tennis","8":"tag-alcaraz","9":"tag-fr","10":"tag-france","11":"tag-serena-williams","12":"tag-sinner","13":"tag-sports","14":"tag-tennis"},"share_on_mastodon":{"url":"https:\/\/pubeurope.com\/@fr\/114875077929436086","error":""},"_links":{"self":[{"href":"https:\/\/www.europesays.com\/fr\/wp-json\/wp\/v2\/posts\/256712","targetHints":{"allow":["GET"]}}],"collection":[{"href":"https:\/\/www.europesays.com\/fr\/wp-json\/wp\/v2\/posts"}],"about":[{"href":"https:\/\/www.europesays.com\/fr\/wp-json\/wp\/v2\/types\/post"}],"author":[{"embeddable":true,"href":"https:\/\/www.europesays.com\/fr\/wp-json\/wp\/v2\/users\/2"}],"replies":[{"embeddable":true,"href":"https:\/\/www.europesays.com\/fr\/wp-json\/wp\/v2\/comments?post=256712"}],"version-history":[{"count":0,"href":"https:\/\/www.europesays.com\/fr\/wp-json\/wp\/v2\/posts\/256712\/revisions"}],"wp:featuredmedia":[{"embeddable":true,"href":"https:\/\/www.europesays.com\/fr\/wp-json\/wp\/v2\/media\/256713"}],"wp:attachment":[{"href":"https:\/\/www.europesays.com\/fr\/wp-json\/wp\/v2\/media?parent=256712"}],"wp:term":[{"taxonomy":"category","embeddable":true,"href":"https:\/\/www.europesays.com\/fr\/wp-json\/wp\/v2\/categories?post=256712"},{"taxonomy":"post_tag","embeddable":true,"href":"https:\/\/www.europesays.com\/fr\/wp-json\/wp\/v2\/tags?post=256712"}],"curies":[{"name":"wp","href":"https:\/\/api.w.org\/{rel}","templated":true}]}}