{"id":256714,"date":"2025-07-18T16:03:12","date_gmt":"2025-07-18T16:03:12","guid":{"rendered":"https:\/\/www.europesays.com\/fr\/256714\/"},"modified":"2025-07-18T16:03:12","modified_gmt":"2025-07-18T16:03:12","slug":"la-meteo-chamboule-tout-a-brno","status":"publish","type":"post","link":"https:\/\/www.europesays.com\/fr\/256714\/","title":{"rendered":"La m\u00e9t\u00e9o chamboule tout \u00e0 Brno !"},"content":{"rendered":"<p>&#13;<\/p>\n<p><strong>La s\u00e9ance Practice Moto2 du Grand Prix de R\u00e9publique-Tch\u00e8que a \u00e9t\u00e9 arr\u00eat\u00e9e quelques minutes avant la fin en raison des fortes pluies qui touchent actuellement le circuit de Brno. De quoi promettre une s\u00e9ance MotoGP mouvement\u00e9e !<\/strong><\/p>\n<p>La s\u00e9ance Practice MotoGP est logiquement d\u00e9cal\u00e9e, le temps que les choses se calment. Les 10 places qualificatives pour la Q2 pourraient se jouer sur une piste mouill\u00e9e.<\/p>\n<p>&#13;<br \/>\n           &#13;<br \/>\n&#13;<br \/>\n    &#13;<br \/>\n    &#13;<\/p>\n","protected":false},"excerpt":{"rendered":"&#13; La s\u00e9ance Practice Moto2 du Grand Prix de R\u00e9publique-Tch\u00e8que a \u00e9t\u00e9 arr\u00eat\u00e9e quelques minutes avant la fin&hellip;\n","protected":false},"author":2,"featured_media":256715,"comment_status":"","ping_status":"","sticky":false,"template":"","format":"standard","meta":{"footnotes":""},"categories":[1413],"tags":[1011,27,1457,1456,60],"class_list":{"0":"post-256714","1":"post","2":"type-post","3":"status-publish","4":"format-standard","5":"has-post-thumbnail","7":"category-moto","8":"tag-fr","9":"tag-france","10":"tag-moto","11":"tag-motocycle","12":"tag-sports"},"share_on_mastodon":{"url":"https:\/\/pubeurope.com\/@fr\/114875085815203942","error":""},"_links":{"self":[{"href":"https:\/\/www.europesays.com\/fr\/wp-json\/wp\/v2\/posts\/256714","targetHints":{"allow":["GET"]}}],"collection":[{"href":"https:\/\/www.europesays.com\/fr\/wp-json\/wp\/v2\/posts"}],"about":[{"href":"https:\/\/www.europesays.com\/fr\/wp-json\/wp\/v2\/types\/post"}],"author":[{"embeddable":true,"href":"https:\/\/www.europesays.com\/fr\/wp-json\/wp\/v2\/users\/2"}],"replies":[{"embeddable":true,"href":"https:\/\/www.europesays.com\/fr\/wp-json\/wp\/v2\/comments?post=256714"}],"version-history":[{"count":0,"href":"https:\/\/www.europesays.com\/fr\/wp-json\/wp\/v2\/posts\/256714\/revisions"}],"wp:featuredmedia":[{"embeddable":true,"href":"https:\/\/www.europesays.com\/fr\/wp-json\/wp\/v2\/media\/256715"}],"wp:attachment":[{"href":"https:\/\/www.europesays.com\/fr\/wp-json\/wp\/v2\/media?parent=256714"}],"wp:term":[{"taxonomy":"category","embeddable":true,"href":"https:\/\/www.europesays.com\/fr\/wp-json\/wp\/v2\/categories?post=256714"},{"taxonomy":"post_tag","embeddable":true,"href":"https:\/\/www.europesays.com\/fr\/wp-json\/wp\/v2\/tags?post=256714"}],"curies":[{"name":"wp","href":"https:\/\/api.w.org\/{rel}","templated":true}]}}