{"id":256725,"date":"2025-07-18T16:09:12","date_gmt":"2025-07-18T16:09:12","guid":{"rendered":"https:\/\/www.europesays.com\/fr\/256725\/"},"modified":"2025-07-18T16:09:12","modified_gmt":"2025-07-18T16:09:12","slug":"wissembourg-les-recommandations-de-lecture-des-libraires-pour-lete","status":"publish","type":"post","link":"https:\/\/www.europesays.com\/fr\/256725\/","title":{"rendered":"Wissembourg. Les recommandations de lecture des libraires pour l&rsquo;\u00e9t\u00e9"},"content":{"rendered":"<p>Comment mettre la main sur le livre qui vous fera vibrer cet \u00e9t\u00e9\u00a0? Les sp\u00e9cialistes en la mati\u00e8re de la librairie \u00c0 livre ouvert et de la Maison de la Presse de Wissembourg sont l\u00e0 pour vous conseiller\u00a0!<\/p>\n<p>Pour les adultes<\/p>\n<p><strong> Cartons rouges pour un concierge, Fabrice Linck, Vergers \u00c9dition, 14\u00a0euros.<\/strong><\/p>\n<p>Pour les adultes, Willy Hahn recommande un polar autour d\u2019un ancien footballeur professionnel qui s\u2019est reconverti dans la conciergerie de luxe. Il doit r\u00e9pondre aux demandes les plus farfelues des sportifs de haut niveau, jusqu\u2019\u00e0 ce que l\u2019un d\u2019entre eux envoie un code d\u2019alerte, le contraignant \u00e0 se transformer en d\u00e9tective amateur&#8230;.<\/p>\n","protected":false},"excerpt":{"rendered":"Comment mettre la main sur le livre qui vous fera vibrer cet \u00e9t\u00e9\u00a0? Les sp\u00e9cialistes en la mati\u00e8re&hellip;\n","protected":false},"author":2,"featured_media":256726,"comment_status":"","ping_status":"","sticky":false,"template":"","format":"standard","meta":{"footnotes":""},"categories":[1357],"tags":[1379,1687,58,4877,59,107,1011,27,1380,2410,4876,4875],"class_list":{"0":"post-256725","1":"post","2":"type-post","3":"status-publish","4":"format-standard","5":"has-post-thumbnail","7":"category-livres","8":"tag-books","9":"tag-culture-loisirs","10":"tag-divertissement","11":"tag-edition-haguenau-wissembourg","12":"tag-entertainment","13":"tag-fil-info","14":"tag-fr","15":"tag-france","16":"tag-livres","17":"tag-livres-bd","18":"tag-secteur-de-wissembourg","19":"tag-wissembourg"},"share_on_mastodon":{"url":"https:\/\/pubeurope.com\/@fr\/114875109486947050","error":""},"_links":{"self":[{"href":"https:\/\/www.europesays.com\/fr\/wp-json\/wp\/v2\/posts\/256725","targetHints":{"allow":["GET"]}}],"collection":[{"href":"https:\/\/www.europesays.com\/fr\/wp-json\/wp\/v2\/posts"}],"about":[{"href":"https:\/\/www.europesays.com\/fr\/wp-json\/wp\/v2\/types\/post"}],"author":[{"embeddable":true,"href":"https:\/\/www.europesays.com\/fr\/wp-json\/wp\/v2\/users\/2"}],"replies":[{"embeddable":true,"href":"https:\/\/www.europesays.com\/fr\/wp-json\/wp\/v2\/comments?post=256725"}],"version-history":[{"count":0,"href":"https:\/\/www.europesays.com\/fr\/wp-json\/wp\/v2\/posts\/256725\/revisions"}],"wp:featuredmedia":[{"embeddable":true,"href":"https:\/\/www.europesays.com\/fr\/wp-json\/wp\/v2\/media\/256726"}],"wp:attachment":[{"href":"https:\/\/www.europesays.com\/fr\/wp-json\/wp\/v2\/media?parent=256725"}],"wp:term":[{"taxonomy":"category","embeddable":true,"href":"https:\/\/www.europesays.com\/fr\/wp-json\/wp\/v2\/categories?post=256725"},{"taxonomy":"post_tag","embeddable":true,"href":"https:\/\/www.europesays.com\/fr\/wp-json\/wp\/v2\/tags?post=256725"}],"curies":[{"name":"wp","href":"https:\/\/api.w.org\/{rel}","templated":true}]}}