{"id":256727,"date":"2025-07-18T16:10:13","date_gmt":"2025-07-18T16:10:13","guid":{"rendered":"https:\/\/www.europesays.com\/fr\/256727\/"},"modified":"2025-07-18T16:10:13","modified_gmt":"2025-07-18T16:10:13","slug":"adrien-secret-story-apres-son-elimination-ses-revelations-exclusives-sur-sa-soeur-cachee-sa-famille-en-danger","status":"publish","type":"post","link":"https:\/\/www.europesays.com\/fr\/256727\/","title":{"rendered":"Adrien (Secret Story) apr\u00e8s son \u00e9limination, ses r\u00e9v\u00e9lations exclusives sur sa s\u0153ur cach\u00e9e, sa famille en danger ?"},"content":{"rendered":"<p>S\u2019il n\u2019a pas fait l\u2019unanimit\u00e9 dans le c\u0153ur des t\u00e9l\u00e9spectateurs de <strong><a href=\"https:\/\/www.public.fr\/tag\/secret-story\" target=\"_blank\" rel=\"noopener\">Secret Story<\/a><\/strong>, nombre d\u2019entre eux auraient tout de m\u00eame esp\u00e9r\u00e9 avoir quelques informations sur son secret. De fait, en assistant \u00e0 son \u00e9limination, on aurait pu penser qu\u2019Adrien allait lever le voile sur son secret et r\u00e9v\u00e9ler de quelle mani\u00e8re il avait appris <strong>l\u2019existence de sa s\u0153ur lorsqu\u2019il avait 16 ans.\u00a0<\/strong><\/p>\n<p>Cela n\u2019a jamais eu lieu. En effet, Adrien s\u2019est montr\u00e9 tr\u00e8s \u00e9vasif lorsque <a href=\"https:\/\/www.public.fr\/tag\/christophe-beaugrand\" target=\"_blank\" rel=\"noopener\">Christophe Beaugrand<\/a> l\u2019a interrog\u00e9 sur <a href=\"https:\/\/www.public.fr\/secret-story-bientot-la-finale-et-les-internautes-sont-furax\" target=\"_blank\" rel=\"noopener\">son secret<\/a>. Une situation qui a frustr\u00e9 nombre d\u2019internautes, faisant part de leur col\u00e8re sur les divers r\u00e9seaux sociaux.<\/p>\n<p>Adrien \u00e9vasif sur son secret \u00e0 la sortie de la maison des secrets <\/p>\n<p>Quelques heures apr\u00e8s sa sortie de<strong> Secret Story<\/strong>, le principal int\u00e9ress\u00e9 a donn\u00e9 les raisons de son mutisme. Pour rappel, le jeune homme, rapidement en couple avec Pimprenelle dans la maison des secrets, n\u2019a jamais \u00e9t\u00e9 inqui\u00e9t\u00e9 par les enqu\u00eates de ses colocataires.<\/p>\n<p>Aucun d\u2019entre eux n\u2019a touch\u00e9 de pr\u00e8s, ou de loin, le fait qu\u2019il ait appris l\u2019existence de sa propre s\u0153ur \u00e0 l\u2019\u00e2ge de 16 ans. S\u2019agit-il des membres de sa famille qui l\u2019ont mis au courant ? Ses amis ? Lorsqu\u2019il a fait cette d\u00e9couverte, a-t-il tent\u00e9 d\u2019entrer en contact tout de suite avec celle qui partage son sang ? Ou celle-ci a fait le premier pas ?\u00a0<\/p>\n<p>Autant de questions que les fans de <strong>Secret Story<\/strong> se posaient et auxquelles Adrien n\u2019a pas r\u00e9pondu \u00e0 l\u2019instant T. Interrog\u00e9 par nos confr\u00e8res de <a href=\"https:\/\/www.sudinfo.be\/id1019152\/article\/2025-07-18\/je-ne-voulais-pas-mettre-ma-famille-en-danger-adrien-revele-comment-il-decouvert\" target=\"_blank\" rel=\"noopener\">Cin\u00e9 T\u00e9l\u00e9 Revue<\/a>, le principal int\u00e9ress\u00e9 a souhait\u00e9 s\u2019expliquer et se d\u00e9fendre sur son mutisme sur le plateau de l\u2019\u00e9mission.<\/p>\n<p>\u00ab\u00a0Quand je sors du sas, \u00e0 chaud, c\u2019est tr\u00e8s impressionnant. Et comme il s\u2019agit d\u2019une affaire familiale qui implique de nombreuses autres personnes. J\u2019avais <strong>peur de dire un mot de travers en direct.<\/strong> Je ne voulais pas <strong>mettre en danger quelqu\u2019un de ma famille<\/strong>\u00ab\u00a0, explique le candidat \u00e9limin\u00e9 \u00e0 nos confr\u00e8res belges.<\/p>\n<p>Le candidat de \u00ab\u00a0Secret Story\u00a0\u00bb s&rsquo;explique enfin<\/p>\n<p>Finalement, quelques heures apr\u00e8s sa sortie de<strong> Secret Story<\/strong>, Adrien a accept\u00e9 d\u2019en dire plus sur son secret. \u00ab\u00a0Il se trouve que dans les familles, les parents sont parfois amen\u00e9s \u00e0 faire des choses qui ne regardent pas les enfants. Des choses qu\u2019on ne peut pas juger et qui arrivent dans plein de familles je pense. J\u2019ai crois\u00e9 un camarade de classe en intercours qui m\u2019assure <strong>avoir pass\u00e9 l\u2019\u00e9t\u00e9 avec une fille qui a le m\u00eame nom que moi<\/strong> et les m\u00eames traits de visage que moi\u00a0\u00bb, explique-t-il.<\/p>\n<p>Face \u00e0 la situation, le jeune homme ayant eu un crush pour Pimprenelle \u00e0 alors commenc\u00e9 \u00e0 se \u00ab\u00a0renseigner\u00a0\u00bb a pu se rendre \u00ab\u00a0compte que <strong>cette fille qui [lui] ressemble tant se situe \u00e0 peine \u00e0 10 kilom\u00e8tres de chez [lui]<\/strong> et va dans un coll\u00e8ge voisin de [son] lyc\u00e9e\u00a0\u00bb.\u00a0<\/p>\n<p>\u00ab\u00a0J\u2019en ai parl\u00e9 avec mes autres s\u0153urs. Je ne suis pas all\u00e9 voir mes parents directement, j\u2019ai pris du recul dans un premier temps. <strong>Je viens \u00e0 rencontrer pour la premi\u00e8re fois cette fille, qui s\u2019est av\u00e9r\u00e9e \u00eatre ma s\u0153ur<\/strong>. Aujourd\u2019hui on est fier l\u2019un de l\u2019autre et elle fait partie int\u00e9grante de notre famille\u00a0\u00bb, pr\u00e9cise finalement l\u2019ancien candidat de <strong>Secret Story.<\/strong> Enfin les r\u00e9ponses aux questions que les fans se posaient.\u00a0<\/p>\n<p>      Mentionn\u00e9s dans cet article<\/p>\n<p>\u00c0 lire aussi<\/p>\n","protected":false},"excerpt":{"rendered":"S\u2019il n\u2019a pas fait l\u2019unanimit\u00e9 dans le c\u0153ur des t\u00e9l\u00e9spectateurs de Secret Story, nombre d\u2019entre eux auraient tout&hellip;\n","protected":false},"author":2,"featured_media":256728,"comment_status":"","ping_status":"","sticky":false,"template":"","format":"standard","meta":{"footnotes":""},"categories":[1356],"tags":[5410,58,59,1011,27,29901,252,1364],"class_list":{"0":"post-256727","1":"post","2":"type-post","3":"status-publish","4":"format-standard","5":"has-post-thumbnail","7":"category-television","8":"tag-christophe-beaugrand","9":"tag-divertissement","10":"tag-entertainment","11":"tag-fr","12":"tag-france","13":"tag-secret-story","14":"tag-television","15":"tag-tv"},"share_on_mastodon":{"url":"https:\/\/pubeurope.com\/@fr\/114875113329650312","error":""},"_links":{"self":[{"href":"https:\/\/www.europesays.com\/fr\/wp-json\/wp\/v2\/posts\/256727","targetHints":{"allow":["GET"]}}],"collection":[{"href":"https:\/\/www.europesays.com\/fr\/wp-json\/wp\/v2\/posts"}],"about":[{"href":"https:\/\/www.europesays.com\/fr\/wp-json\/wp\/v2\/types\/post"}],"author":[{"embeddable":true,"href":"https:\/\/www.europesays.com\/fr\/wp-json\/wp\/v2\/users\/2"}],"replies":[{"embeddable":true,"href":"https:\/\/www.europesays.com\/fr\/wp-json\/wp\/v2\/comments?post=256727"}],"version-history":[{"count":0,"href":"https:\/\/www.europesays.com\/fr\/wp-json\/wp\/v2\/posts\/256727\/revisions"}],"wp:featuredmedia":[{"embeddable":true,"href":"https:\/\/www.europesays.com\/fr\/wp-json\/wp\/v2\/media\/256728"}],"wp:attachment":[{"href":"https:\/\/www.europesays.com\/fr\/wp-json\/wp\/v2\/media?parent=256727"}],"wp:term":[{"taxonomy":"category","embeddable":true,"href":"https:\/\/www.europesays.com\/fr\/wp-json\/wp\/v2\/categories?post=256727"},{"taxonomy":"post_tag","embeddable":true,"href":"https:\/\/www.europesays.com\/fr\/wp-json\/wp\/v2\/tags?post=256727"}],"curies":[{"name":"wp","href":"https:\/\/api.w.org\/{rel}","templated":true}]}}