{"id":256733,"date":"2025-07-18T16:13:12","date_gmt":"2025-07-18T16:13:12","guid":{"rendered":"https:\/\/www.europesays.com\/fr\/256733\/"},"modified":"2025-07-18T16:13:12","modified_gmt":"2025-07-18T16:13:12","slug":"ces-7-plantes-que-les-moustiques-detestent-vont-sauver-vos-soirees-dete","status":"publish","type":"post","link":"https:\/\/www.europesays.com\/fr\/256733\/","title":{"rendered":"Ces 7 plantes que les moustiques d\u00e9testent vont sauver vos soir\u00e9es d\u2019\u00e9t\u00e9"},"content":{"rendered":"<p>                    Citronnelle et ses variantes aromatiques <\/p>\n<p data-start=\"530\" data-end=\"1071\">Impossible de dresser une liste de plantes <strong><a href=\"https:\/\/www.modesettravaux.fr\/trucs-et-astuces\/fallait-le-savoir\/cette-plante-anti-moustique-pousse-chez-vous-mais-vous-larrachez-sans-le-savoir-144030.html\" target=\"_blank\" rel=\"noopener\">anti-moustiques<\/a><\/strong> sans \u00e9voquer la <strong data-start=\"605\" data-end=\"620\">citronnelle<\/strong>. Son parfum frais et acidul\u00e9 est un r\u00e9pulsif redoutable. Pour maximiser son efficacit\u00e9, associez-la avec du <strong data-start=\"729\" data-end=\"746\">thym citronn\u00e9<\/strong>, de la <strong data-start=\"754\" data-end=\"778\">verveine citronnelle<\/strong> ou de la <strong data-start=\"788\" data-end=\"811\">m\u00e9lisse citronnelle<\/strong>. Une voisine de fen\u00eatre m\u2019a confi\u00e9 : \u00ab J\u2019ai plac\u00e9 un pot de citronnelle et deux de thym citronn\u00e9 sur ma terrasse\u2009; depuis, je n\u2019ai plus vu un seul moustique ! \u00bb Ces plantes s\u2019int\u00e8grent ais\u00e9ment en pots ou massifs et diffusent une barri\u00e8re olfactive naturelle.<\/p>\n<p>    Tabac d\u2019ornement (Nicotiana) <\/p>\n<p data-start=\"1106\" data-end=\"1457\">Avec son odeur prononc\u00e9e, le <strong data-start=\"1135\" data-end=\"1155\">tabac d\u2019ornement<\/strong> devient particuli\u00e8rement piquant au cr\u00e9puscule \u2013 moment favori des moustiques pour chasser. Vivace ou cultiv\u00e9 en bacs, il fleurit en couleurs vives tout l\u2019\u00e9t\u00e9. Un de mes voisins, amateur de botanique, m\u2019a avou\u00e9 avoir adopt\u00e9 cette plante apr\u00e8s avoir vu ses jambes \u00e9pargn\u00e9es lors d\u2019un barbecue nocturne.<\/p>\n<p> Lavande, le bouclier violet <\/p>\n<p data-start=\"1491\" data-end=\"1895\">Au-del\u00e0 de sa fragrance envo\u00fbtante qui attire papillons et abeilles, la <a href=\"https:\/\/www.modesettravaux.fr\/jardinage\/tuto-des-petits-berlingots-de-lavande-8030.html\" target=\"_blank\" rel=\"noopener\"><strong data-start=\"1563\" data-end=\"1574\">lavande<\/strong><\/a> agit comme un v\u00e9ritable <strong data-start=\"1599\" data-end=\"1611\">bouclier<\/strong> contre les moustiques. Ses fleurs pourpres, faciles \u00e0 cultiver en massifs ou en pots, apportent \u00e9galement une touche d\u00e9corative. Plusieurs \u00e9tudes soulignent l\u2019efficacit\u00e9 de son huile essentielle pour \u00e9loigner les insectes, une information confirm\u00e9e par des jardiniers professionnels.<\/p>\n<p>    Menthe poivr\u00e9e, polyvalence aromatique <\/p>\n<p data-start=\"1940\" data-end=\"2348\">Parmi les plantes aromatiques, la <strong data-start=\"1974\" data-end=\"1992\">menthe poivr\u00e9e<\/strong> se distingue par son double atout : elle repousse moustiques, gu\u00eapes, fourmis et m\u00eame araign\u00e9es, tout en agr\u00e9mentant vos tisanes et cocktails. Mieux vaut la cultiver en pot pour \u00e9viter sa <strong data-start=\"2181\" data-end=\"2196\">propagation<\/strong> incontr\u00f4l\u00e9e. Une amie barmaid m\u2019a racont\u00e9 que ses mojitos estivaux, garnis de menthe fra\u00eeche de son balcon, restaient intacts des assauts des insectes.<\/p>\n<p> P\u00e9largonium, le g\u00e9ranium anti-moustiques <\/p>\n<p data-start=\"2395\" data-end=\"2770\">Souvent confondu avec le g\u00e9ranium, le <strong data-start=\"2433\" data-end=\"2448\">p\u00e9largonium<\/strong> appartient \u00e0 la m\u00eame famille et se d\u00e9cline en une multitude de coloris, du blanc au pourpre. Plac\u00e9 en jardini\u00e8re, il d\u00e9gage un parfum subtilement citronn\u00e9 que les moustiques fuient. Un couple d\u2019amis, install\u00e9s en Provence, m\u2019a confi\u00e9 l\u2019avoir adopt\u00e9 apr\u00e8s avoir constat\u00e9 une nette diminution des piq\u00fbres sur leur terrasse.<\/p>\n<p>    Romarin, l\u2019aromate m\u00e9diterran\u00e9en <\/p>\n<p data-start=\"2809\" data-end=\"3184\">Incontournable en cuisine, le <strong data-start=\"2839\" data-end=\"2850\">romarin<\/strong> ne supporte pas l\u2019assaut des moustiques. Plantez-en quelques touffes pr\u00e8s de votre coin repas ext\u00e9rieur, et l\u2019<strong data-start=\"2961\" data-end=\"2970\">ar\u00f4me<\/strong> puissant de ses aiguilles suffira \u00e0 vous garantir un \u00e9t\u00e9 sans d\u00e9sagr\u00e9ment. Les herboristes recommandent \u00e9galement de frotter une feuille entre les mains pour une protection imm\u00e9diate lors d\u2019une promenade en for\u00eat.<\/p>\n<p> N\u00e9p\u00e9ta, le plaisir des chats\u2026 et la dissuasion des moustiques <\/p>\n<p data-start=\"3252\" data-end=\"3608\">Pour qui aime ses chats autant que d\u00e9teste les moustiques, la <strong data-start=\"3314\" data-end=\"3324\">n\u00e9p\u00e9ta<\/strong> (ou herbe \u00e0 chat) est l\u2019option id\u00e9ale. Rustique, elle prosp\u00e8re en plein soleil ou \u00e0 mi-ombre, en massifs ou en pots. Son parfum frais, proche de la menthe, repousse efficacement les moustiques et offre, en prime, quelques s\u00e9ances de <strong data-start=\"3558\" data-end=\"3565\">jeu<\/strong> f\u00e9lin pour vos compagnons \u00e0 quatre pattes.<\/p>\n<p data-start=\"3610\" data-end=\"3976\" data-is-last-node=\"\" data-is-only-node=\"\">En combinant ces sept plantes, vous cr\u00e9erez un v\u00e9ritable <strong data-start=\"3667\" data-end=\"3687\">bouclier v\u00e9g\u00e9tal<\/strong> autour de votre espace ext\u00e9rieur. De la citronnelle au romarin, chaque esp\u00e8ce apporte son lot de <a href=\"https:\/\/www.modesettravaux.fr\/beaute-bien-etre\/soins-visage-et-corps\/quels-sont-les-bienfaits-du-baume-a-levres-58945.html\" target=\"_blank\" rel=\"noopener\"><strong data-start=\"3785\" data-end=\"3798\">bienfaits<\/strong><\/a> et de couleurs, tout en pr\u00e9servant l\u2019environnement. Alors, sortez vos pots, pr\u00e9parez vos massifs et profitez pleinement de vos soir\u00e9es estivales\u2026 sans un seul moustique g\u00eanant !<\/p>\n","protected":false},"excerpt":{"rendered":"Citronnelle et ses variantes aromatiques Impossible de dresser une liste de plantes anti-moustiques sans \u00e9voquer la citronnelle. Son&hellip;\n","protected":false},"author":2,"featured_media":256734,"comment_status":"","ping_status":"","sticky":false,"template":"","format":"standard","meta":{"footnotes":""},"categories":[10],"tags":[39668,1011,27,72,71],"class_list":{"0":"post-256733","1":"post","2":"type-post","3":"status-publish","4":"format-standard","5":"has-post-thumbnail","7":"category-sante","8":"tag-discop","9":"tag-fr","10":"tag-france","11":"tag-health","12":"tag-sante"},"share_on_mastodon":{"url":"https:\/\/pubeurope.com\/@fr\/114875125202600145","error":""},"_links":{"self":[{"href":"https:\/\/www.europesays.com\/fr\/wp-json\/wp\/v2\/posts\/256733","targetHints":{"allow":["GET"]}}],"collection":[{"href":"https:\/\/www.europesays.com\/fr\/wp-json\/wp\/v2\/posts"}],"about":[{"href":"https:\/\/www.europesays.com\/fr\/wp-json\/wp\/v2\/types\/post"}],"author":[{"embeddable":true,"href":"https:\/\/www.europesays.com\/fr\/wp-json\/wp\/v2\/users\/2"}],"replies":[{"embeddable":true,"href":"https:\/\/www.europesays.com\/fr\/wp-json\/wp\/v2\/comments?post=256733"}],"version-history":[{"count":0,"href":"https:\/\/www.europesays.com\/fr\/wp-json\/wp\/v2\/posts\/256733\/revisions"}],"wp:featuredmedia":[{"embeddable":true,"href":"https:\/\/www.europesays.com\/fr\/wp-json\/wp\/v2\/media\/256734"}],"wp:attachment":[{"href":"https:\/\/www.europesays.com\/fr\/wp-json\/wp\/v2\/media?parent=256733"}],"wp:term":[{"taxonomy":"category","embeddable":true,"href":"https:\/\/www.europesays.com\/fr\/wp-json\/wp\/v2\/categories?post=256733"},{"taxonomy":"post_tag","embeddable":true,"href":"https:\/\/www.europesays.com\/fr\/wp-json\/wp\/v2\/tags?post=256733"}],"curies":[{"name":"wp","href":"https:\/\/api.w.org\/{rel}","templated":true}]}}