{"id":256735,"date":"2025-07-18T16:14:10","date_gmt":"2025-07-18T16:14:10","guid":{"rendered":"https:\/\/www.europesays.com\/fr\/256735\/"},"modified":"2025-07-18T16:14:10","modified_gmt":"2025-07-18T16:14:10","slug":"la-programmation-tv-de-la-1re-journee-de-ligue-1-sportune","status":"publish","type":"post","link":"https:\/\/www.europesays.com\/fr\/256735\/","title":{"rendered":"La programmation TV de la 1re journ\u00e9e de Ligue 1 &#8211; Sportune"},"content":{"rendered":"<ol>\n<li><a href=\"https:\/\/news.google.com\/rss\/articles\/CBMijgFBVV95cUxQWU5RY29EMVIyQnF6ZFRRZjI4aXRHYWwzaXJiRDg2WGdvSDdHaGdSM0VGNGliVU1KdmtZQkVVaGhoMXlrZ2d2MkVLUDhheGxUTzUzdlZjY3F3MkprT0FvdElYYjV0S2JQSnRuQjYtX1dRZWZ6TjZiaFp1VWNpTEM0dWZuZVQ5NDZMMjRxbEJB?oc=5\" target=\"_blank\" rel=\"noopener\">La programmation TV de la 1re journ\u00e9e de Ligue 1<\/a>&nbsp;&nbsp;Sportune<\/li>\n<li><a href=\"https:\/\/news.google.com\/rss\/articles\/CBMirwFBVV95cUxQekM0aHlDdVIwS1Nmc3FzSHhxV3d3MGhTZjdrQXhqVDdzSGNFV09qSGg1N1M5ZDhMOTdraXZHRmcxeEdCaEoyQkdfeU9NbFRzb2JuWlVPa1B6OE5wRDFYWnRHdV9qMGRUNVlHZXlGNnZaRWNyM1dBWk14dFJCbjF3ZGhpdEgtT3RQaU4ybTVTZVA4UUxKZ19PVEREd2Z3eWpzbzlSN1VHWmFDU3NTQVdv?oc=5\" target=\"_blank\" rel=\"noopener\">La LFP d\u00e9voile la programmation de la 1\u00e8re journ\u00e9e de Ligue 1<\/a>&nbsp;&nbsp;Foot Mercato<\/li>\n<li><a href=\"https:\/\/news.google.com\/rss\/articles\/CBMipwFBVV95cUxQSFIzSTl0M014YjEwYlFBRE1Ga1pQM3JaY0dWbEVkbFRYY0MtRFllSVJadjZXY3pkRnBTTUQtbDFEa1Z4RUJYNHlMZVhuYUk1clVTdlJELVpYUl9DRldpc2dodWlCQWUxcTRFckVLc3p4QmdneERhVl9qczFtVUFWNHJtQ2VUZ0JjcU5DTUhpd01PSWltSE9lY3Z3Y0FmSFlLTWJBQXp0Zw?oc=5\" target=\"_blank\" rel=\"noopener\">Nice &#8211; TFC : d\u00e9couvrez le jour et l&rsquo;heure de la premi\u00e8re rencontre<\/a>&nbsp;&nbsp;LesViolets.Com<\/li>\n<li><a href=\"https:\/\/news.google.com\/rss\/articles\/CBMisAFBVV95cUxPZ1dhNHRjZE5QWXVIN3VmcmNlcGhvd1pUc0RqOWVWOUxKYWhsNUhHY3J1NTVid3J5X00yMFZQeExNcjk4VG1XRU9OekVWdnBPNWxjR0R3SVNPRVp3TDlVU0owd2Jxc2ZPZkRQWEZpLTBxd1hlb211ektwT1hKd2dyOVlRamRLQnJOM09aalhIOVdZWklKNnc0XzNtcDVyOFhMVUR5YUd1VVpqMVJMaENoYw?oc=5\" target=\"_blank\" rel=\"noopener\">Ligue 1. Derby FC Metz &#8211; RC Strasbourg : la date et l\u2019heure sont connues<\/a>&nbsp;&nbsp;republicain-lorrain<\/li>\n<li><a href=\"https:\/\/news.google.com\/rss\/articles\/CBMi7gFBVV95cUxPOHVIN0xOVWpZbEpxa25UZTl0ejRmQk5YUU1fZFR0QjlrSGc5VGdlNHJGRWYzUk1mUmhsQ0VIOXlwWkhodjdBOHA5OUt4RGNzMHUyeTl4aDdWWEhjaTVqeGlHNTlsZmZfX3N3cEE5aG02bW5FRlh0QWlUSnRSdDBGV2pBRlBnankwU1JXaDAwcjVTYzhiUDJVVE5jclhvZHliRElqY2pxWExtWDdSdHFsTjBxanI3NVRrcnI5SUVOblZPRExvWjRpNUxma3p1YXFDcTlXTlBlam10R1pKdmo4VEd5V3F4djB2aWtZMFZR?oc=5\" target=\"_blank\" rel=\"noopener\">Ligue 1: on conna\u00eet enfin la programmation de la premi\u00e8re journ\u00e9e avec Rennes-OM en ouverture<\/a>&nbsp;&nbsp;RMC Sport<\/li>\n<\/ol>\n","protected":false},"excerpt":{"rendered":"La programmation TV de la 1re journ\u00e9e de Ligue 1&nbsp;&nbsp;Sportune La LFP d\u00e9voile la programmation de la 1\u00e8re&hellip;\n","protected":false},"author":2,"featured_media":256736,"comment_status":"","ping_status":"","sticky":false,"template":"","format":"standard","meta":{"footnotes":""},"categories":[9],"tags":[1011,27,2267,241,149,93,60],"class_list":{"0":"post-256735","1":"post","2":"type-post","3":"status-publish","4":"format-standard","5":"has-post-thumbnail","7":"category-sports","8":"tag-fr","9":"tag-france","10":"tag-losc","11":"tag-ol","12":"tag-om","13":"tag-psg","14":"tag-sports"},"share_on_mastodon":{"url":"https:\/\/pubeurope.com\/@fr\/114875129235934326","error":""},"_links":{"self":[{"href":"https:\/\/www.europesays.com\/fr\/wp-json\/wp\/v2\/posts\/256735","targetHints":{"allow":["GET"]}}],"collection":[{"href":"https:\/\/www.europesays.com\/fr\/wp-json\/wp\/v2\/posts"}],"about":[{"href":"https:\/\/www.europesays.com\/fr\/wp-json\/wp\/v2\/types\/post"}],"author":[{"embeddable":true,"href":"https:\/\/www.europesays.com\/fr\/wp-json\/wp\/v2\/users\/2"}],"replies":[{"embeddable":true,"href":"https:\/\/www.europesays.com\/fr\/wp-json\/wp\/v2\/comments?post=256735"}],"version-history":[{"count":0,"href":"https:\/\/www.europesays.com\/fr\/wp-json\/wp\/v2\/posts\/256735\/revisions"}],"wp:featuredmedia":[{"embeddable":true,"href":"https:\/\/www.europesays.com\/fr\/wp-json\/wp\/v2\/media\/256736"}],"wp:attachment":[{"href":"https:\/\/www.europesays.com\/fr\/wp-json\/wp\/v2\/media?parent=256735"}],"wp:term":[{"taxonomy":"category","embeddable":true,"href":"https:\/\/www.europesays.com\/fr\/wp-json\/wp\/v2\/categories?post=256735"},{"taxonomy":"post_tag","embeddable":true,"href":"https:\/\/www.europesays.com\/fr\/wp-json\/wp\/v2\/tags?post=256735"}],"curies":[{"name":"wp","href":"https:\/\/api.w.org\/{rel}","templated":true}]}}