{"id":256737,"date":"2025-07-18T16:15:14","date_gmt":"2025-07-18T16:15:14","guid":{"rendered":"https:\/\/www.europesays.com\/fr\/256737\/"},"modified":"2025-07-18T16:15:14","modified_gmt":"2025-07-18T16:15:14","slug":"il-a-mange-la-banane-le-visiteur-dun-musee-de-metz-epluche-et-deguste-la-partie-dune-oeuvre-a-plus-dun-million-deuros","status":"publish","type":"post","link":"https:\/\/www.europesays.com\/fr\/256737\/","title":{"rendered":"Il \u00ab a mang\u00e9 la banane \u00bb : le visiteur d\u2019un mus\u00e9e de Metz \u00e9pluche et d\u00e9guste la partie d\u2019une \u0153uvre \u00e0 plus d\u2019un million d\u2019euros"},"content":{"rendered":"<p class=\"paragraph text_align_left lp-f-body-02\">Curieux visiteur que cet homme qui a, samedi, \u00ab mang\u00e9 \u00bb <a href=\"https:\/\/www.leparisien.fr\/societe\/la-banane-scotchee-a-un-mur-une-oeuvre-dart-estimee-a-plus-d1-million-de-dollars-07-11-2024-VYCA2Q7Y75DNHKD26Q2FKUOJCE.php\" target=\"_blank\" rel=\"noreferrer nofollow noopener\">une banane, appartenant \u00e0 une \u0153uvre estim\u00e9e \u00e0 plus d\u2019un million d\u2019euros<\/a> expos\u00e9e au Centre Pompidou-Metz, selon une information du <a href=\"https:\/\/www.republicain-lorrain.fr\/faits-divers-justice\/2025\/07\/18\/la-banane-de-maurizio-cattelan-exposee-a-pompidou-mangee-par-un-visiteur\" target=\"_blank\" rel=\"noreferrer nofollow noopener\">R\u00e9publicain Lorrain<\/a>, confirm\u00e9e au Parisien par le mus\u00e9e. <\/p>\n<p class=\"paragraph text_align_left lp-f-body-02\">Samedi, \u00ab un visiteur a mang\u00e9 la banane faisant partie de l\u2019\u0153uvre Comedian de Maurizio Cattelan\u00bb, d\u00e9plore le centre Pompidou. L\u2019\u00e9quipe de surveillance est alors intervenue \u00ab rapidement et avec calme \u00bb. Puis l\u2019\u0153uvre a \u00e9t\u00e9 r\u00e9install\u00e9e dans la foul\u00e9e, ajoute le mus\u00e9e, qui pr\u00e9cise que l\u2019incident \u00ab n\u2019a en rien alt\u00e9r\u00e9 l\u2019int\u00e9grit\u00e9 de l\u2019\u0153uvre ni le bon d\u00e9roulement de l\u2019exposition, qui reste pleinement accessible au public \u00bb. <\/p>\n<p class=\"paragraph text_align_left lp-f-body-02\">C\u2019est que le fameux fruit d\u00e9gust\u00e9 par le visiteur \u00ab n\u2019est qu\u2019un \u00e9l\u00e9ment p\u00e9rissable, r\u00e9guli\u00e8rement remplac\u00e9 selon un protocole pr\u00e9cis d\u00e9fini par l\u2019artiste \u00bb, d\u00e9taille le mus\u00e9e. <\/p>\n<p class=\"paragraph text_align_left lp-f-body-02\">Un brin ironique, l\u2019artiste italien Maurizio Cattelan \u00ab regrette que l\u2019on confonde le fruit avec l\u2019\u0153uvre elle-m\u00eame : plut\u00f4t que de manger la banane avec sa peau et son scotch le visiteur s\u2019est content\u00e9 de consommer le fruit \u00bb.<\/p>\n<p class=\"lp-card-podcast-highlighting__title  lp-f-subtitle-05\">[2\/4] L\u2019attentat du \u00ab Rainbow Warrior \u00bb : un scandale d\u2019\u00c9tat<\/p>\n<p class=\"lp-card-podcast-highlighting__description lp-f-ui-05\">Crime story raconte chaque semaine les grandes affaires criminelles.<\/p>\n<p><a class=\"lp-card-podcast-highlighting__call-to-action\" data-page-type=\"HP\" data-block-name=\"podcast-highlight\">\u00c9couter<\/a><\/p>\n<p class=\"paragraph text_align_left lp-f-body-02\">\u00ab Comedian \u00bb est une \u0153uvre conceptuelle embl\u00e9matique, expos\u00e9e pour la premi\u00e8re fois \u00e0 Art Basel Miami en 2019. Elle y avait \u00e0 l\u2019\u00e9poque d\u00e9fray\u00e9 la chronique et suscit\u00e9 un vif d\u00e9bat sur<a href=\"https:\/\/www.leparisien.fr\/culture-loisirs\/la-banane-collee-au-mur-vendue-120-000-dollars-a-fini-mangee-par-un-artiste-08-12-2019-8212191.php\" target=\"_blank\" rel=\"noreferrer nofollow noopener\"> ce qui peut \u00eatre consid\u00e9r\u00e9 comme une \u0153uvre d\u2019art<\/a>. En novembre dernier, l\u2019une de ses \u00e9ditions avait \u00e9t\u00e9 estim\u00e9e \u00e0 <a href=\"https:\/\/www.leparisien.fr\/societe\/la-banane-scotchee-a-un-mur-une-oeuvre-dart-estimee-a-plus-d1-million-de-dollars-07-11-2024-VYCA2Q7Y75DNHKD26Q2FKUOJCE.php\" target=\"_blank\" rel=\"noreferrer nofollow noopener\">plus d\u2019un million d\u2019euros<\/a> par la maison Sotheby\u2019s. Son acheteur, un investisseur en cryptomonnaies, <a href=\"https:\/\/www.leparisien.fr\/culture-loisirs\/justin-sun-mange-le-jour-meme-la-banane-quil-a-achetee-a-6-millions-deuros-29-11-2024-HRVDFJAYIFDYBMTGDJTMIZXLQY.php\" target=\"_blank\" rel=\"noreferrer nofollow noopener\">l\u2019avait d\u00e9croch\u00e9e pour 6 millions de dollars et l\u2019avait mang\u00e9e<\/a>. <\/p>\n<p class=\"paragraph text_align_left lp-f-body-02\">Maurizio Cattelan est habitu\u00e9 des pol\u00e9miques. L\u2019artiste de 64 ans, connu pour ses \u0153uvres provocantes et humoristiques, avait install\u00e9 en 2016 des toilettes fonctionnelles en or massif au Guggenheim de New York, deux mois avant la premi\u00e8re \u00e9lection de <a href=\"https:\/\/www.leparisien.fr\/international\/etats-unis\/cest-le-meilleur-come-back-de-lhistoire-des-etats-unis-du-capitole-a-la-maison-blanche-donald-trump-le-ressuscite-06-11-2024-EVV36BD6PFGGPBEUP5H5NBX3ZU.php\" rel=\"nofollow noopener\" target=\"_blank\">Donald Trump<\/a>. La conservatrice du mus\u00e9e <a href=\"https:\/\/www.leparisien.fr\/international\/maison-blanche-trump-demande-un-van-gogh-le-musee-lui-propose-des-toilettes-en-or-26-01-2018-7523574.php\" rel=\"nofollow noopener\" target=\"_blank\">avait propos\u00e9 l\u2019\u0153uvre <\/a>d\u00e9non\u00e7ant les in\u00e9galit\u00e9s et baptis\u00e9e \u00ab America \u00bb au pr\u00e9sident qui souhaitait emprunter un tableau de Van Gogh.<\/p>\n","protected":false},"excerpt":{"rendered":"Curieux visiteur que cet homme qui a, samedi, \u00ab mang\u00e9 \u00bb une banane, appartenant \u00e0 une \u0153uvre estim\u00e9e&hellip;\n","protected":false},"author":2,"featured_media":256738,"comment_status":"","ping_status":"","sticky":false,"template":"","format":"standard","meta":{"footnotes":""},"categories":[8],"tags":[459,58,59,118,1011,27],"class_list":{"0":"post-256737","1":"post","2":"type-post","3":"status-publish","4":"format-standard","5":"has-post-thumbnail","7":"category-divertissement","8":"tag-departements-horsidfo","9":"tag-divertissement","10":"tag-entertainment","11":"tag-faits-divers","12":"tag-fr","13":"tag-france"},"share_on_mastodon":{"url":"https:\/\/pubeurope.com\/@fr\/114875133183602138","error":""},"_links":{"self":[{"href":"https:\/\/www.europesays.com\/fr\/wp-json\/wp\/v2\/posts\/256737","targetHints":{"allow":["GET"]}}],"collection":[{"href":"https:\/\/www.europesays.com\/fr\/wp-json\/wp\/v2\/posts"}],"about":[{"href":"https:\/\/www.europesays.com\/fr\/wp-json\/wp\/v2\/types\/post"}],"author":[{"embeddable":true,"href":"https:\/\/www.europesays.com\/fr\/wp-json\/wp\/v2\/users\/2"}],"replies":[{"embeddable":true,"href":"https:\/\/www.europesays.com\/fr\/wp-json\/wp\/v2\/comments?post=256737"}],"version-history":[{"count":0,"href":"https:\/\/www.europesays.com\/fr\/wp-json\/wp\/v2\/posts\/256737\/revisions"}],"wp:featuredmedia":[{"embeddable":true,"href":"https:\/\/www.europesays.com\/fr\/wp-json\/wp\/v2\/media\/256738"}],"wp:attachment":[{"href":"https:\/\/www.europesays.com\/fr\/wp-json\/wp\/v2\/media?parent=256737"}],"wp:term":[{"taxonomy":"category","embeddable":true,"href":"https:\/\/www.europesays.com\/fr\/wp-json\/wp\/v2\/categories?post=256737"},{"taxonomy":"post_tag","embeddable":true,"href":"https:\/\/www.europesays.com\/fr\/wp-json\/wp\/v2\/tags?post=256737"}],"curies":[{"name":"wp","href":"https:\/\/api.w.org\/{rel}","templated":true}]}}