{"id":256739,"date":"2025-07-18T16:16:11","date_gmt":"2025-07-18T16:16:11","guid":{"rendered":"https:\/\/www.europesays.com\/fr\/256739\/"},"modified":"2025-07-18T16:16:11","modified_gmt":"2025-07-18T16:16:11","slug":"la-nasa-va-lancer-deux-satellites-tracers-pour-sauver-la-terre-dun-blackout-mondial-annonce","status":"publish","type":"post","link":"https:\/\/www.europesays.com\/fr\/256739\/","title":{"rendered":"la NASA va lancer deux satellites TRACERS pour sauver la Terre d\u2019un blackout mondial annonc\u00e9"},"content":{"rendered":"<p><img fetchpriority=\"high\" decoding=\"async\" width=\"1024\" height=\"586\" src=\"https:\/\/www.europesays.com\/fr\/wp-content\/uploads\/2025\/07\/nasa-satellite-tracers-envoi-1024x586.webp.webp\" alt=\"Satellites en orbite au-dessus de la Terre, capturant les flux atmosph\u00e9riques depuis l\u2019espace\" class=\"wp-image-983371\" style=\"width:840px;height:auto\"  \/>La NASA va lancer de nouveaux satellites pour cartographier les flux d\u2019air autour du globe avec une pr\u00e9cision in\u00e9dite \u2013 Source DailyGeekShow.com<\/p>\n<p><strong>Et si notre avenir technologique d\u00e9pendait\u2026 d\u2019un champ magn\u00e9tique invisible ? C\u2019est exactement ce que la NASA s\u2019appr\u00eate \u00e0 scruter avec ses satellites TRACERS. Une mission aussi fascinante qu\u2019essentielle.<\/strong><\/p>\n<p><strong>Un mur invisible nous prot\u00e8ge : la NASA veut comprendre comment<\/strong><\/p>\n<p>Depuis la nuit des temps, la Terre est envelopp\u00e9e d\u2019un <strong>champ magn\u00e9tique<\/strong> invisible \u00e0 l\u2019\u0153il nu. C\u2019est lui qui fait danser les <strong>aurores bor\u00e9ales<\/strong>, mais aussi \u2013 et surtout \u2013 qui nous prot\u00e8ge des <strong>temp\u00eates <a href=\"https:\/\/dailygeekshow.com\/la-transition-energetique-ne-viendra-ni-du-solaire-ni-des-eoliennes-une-technologie-marine-pourrait-tout-changer\/\" target=\"_blank\" rel=\"noreferrer noopener nofollow\">solaires<\/a><\/strong>. Ces rafales de <strong>vent solaire<\/strong>, compos\u00e9es de <strong>particules charg\u00e9es<\/strong> \u00e9ject\u00e9es par le Soleil, peuvent transformer nos satellites en grille-pain et plonger des continents entiers dans le noir. Litt\u00e9ralement.<\/p>\n<p>Lire aussi <a href=\"https:\/\/dailygeekshow.com\/mars-vie-curiosity\/\" rel=\"nofollow noopener\" target=\"_blank\">Cette d\u00e9couverte de la NASA pourrait expliquer pourquoi nous ne trouvons pas de vie sur Mars<\/a><\/p>\n<p>On pense souvent \u00e0 la science-fiction quand on entend \u00ab\u00a0blackout global\u00a0\u00bb. Et pourtant, <strong>en 1989<\/strong>, une simple \u00e9ruption solaire a provoqu\u00e9 une <strong>panne <a href=\"https:\/\/dailygeekshow.com\/tesla-defiee-en-plein-ciel-le-streetwing-lincroyable-vehicule-qui-transforme-le-vent-en-energie-et-personne-ny-croyait\/\" target=\"_blank\" rel=\"noreferrer noopener nofollow\">\u00e9lectrique<\/a> massive au Qu\u00e9bec<\/strong>. Ce n\u2019\u00e9tait qu\u2019un avant-go\u00fbt.<\/p>\n<p>C\u2019est l\u00e0 que la mission <strong><a href=\"https:\/\/dailygeekshow.com\/elon-musk-bombarde-lespace-avec-28-nouveaux-starlink-pendant-que-trump-sabre-les-budgets-de-la-nasa\/\" target=\"_blank\" rel=\"noreferrer noopener nofollow\">TRACERS<\/a><\/strong> entre en jeu. Deux satellites jumeaux seront envoy\u00e9s en orbite <strong>\u00e0 la fin du mois de juillet<\/strong>. Leur but ? Observer de pr\u00e8s la <strong>magn\u00e9tosph\u00e8re<\/strong>, ce bouclier qui absorbe l\u2019\u00e9nergie solaire avant qu\u2019elle ne frappe la surface terrestre. Ils voleront c\u00f4te \u00e0 c\u00f4te de p\u00f4le en p\u00f4le, comme deux espions du cosmos.<\/p>\n<p><strong>Des images in\u00e9dites du Soleil et un risque de plus en plus r\u00e9el<\/strong><\/p>\n<p>En parall\u00e8le, la NASA a r\u00e9v\u00e9l\u00e9 des <strong>images extraordinaires du <a href=\"https:\/\/dailygeekshow.com\/egypte-antique-ce-que-revele-cette-eclipse-sur-le-chaos-religieux-fascine-les-historiens-aujourdhui\/\" target=\"_blank\" rel=\"noreferrer noopener nofollow\">Soleil<\/a><\/strong>, prises par la sonde <strong>Parker Solar Probe<\/strong>. Ces clich\u00e9s sont les plus proches jamais r\u00e9alis\u00e9s. On y distingue des <strong>\u00e9jections de masse coronale (CME)<\/strong> en haute r\u00e9solution, des gerbes g\u00e9antes de plasma qui s\u2019\u00e9chappent de la couronne solaire.<\/p>\n<p>Lire aussi <a href=\"https:\/\/dailygeekshow.com\/une-fusion-de-trous-noirs-pulverise-les-lois-deinstein-ce-que-les-scientifiques-navaient-jamais-imagine\/\" rel=\"nofollow noopener\" target=\"_blank\">Une fusion de trous noirs pulv\u00e9rise les lois d\u2019Einstein : ce que les scientifiques n\u2019avaient jamais imagin\u00e9<\/a><\/p>\n<p>Ces \u00e9ruptions sont \u00e0 l\u2019origine des <strong>aurores bor\u00e9ales<\/strong>, mais aussi des <strong>temp\u00eates solaires<\/strong> capables de d\u00e9sorienter les GPS, de griller les satellites, voire de menacer les <strong>astronautes<\/strong> expos\u00e9s aux radiations. Et avec l\u2019envoi massif de satellites dans les ann\u00e9es \u00e0 venir, la <strong>cohabitation orbitale<\/strong> s\u2019annonce de plus en plus fragile.<\/p>\n<p>Comme le rappelle <strong><a href=\"https:\/\/science.nasa.gov\/people\/nicola-fox\/\" target=\"_blank\" rel=\"noreferrer noopener nofollow\">Nicky Fox<\/a><\/strong>, scientifique \u00e0 la NASA, \u00ab\u00a0<strong>nous observons enfin ces menaces avec nos yeux<\/strong>\u00ab\u00a0. On ne se contente plus de mod\u00e8les : les donn\u00e9es arrivent en temps r\u00e9el. Et elles sont pr\u00e9cieuses. Tr\u00e8s pr\u00e9cieuses.<\/p>\n<\/p>\n<p>Gr\u00e2ce \u00e0 TRACERS, la NASA esp\u00e8re pouvoir <strong>pr\u00e9dire<\/strong> les comportements du vent solaire, et <strong>prot\u00e9ger<\/strong> notre plan\u00e8te et nos infrastructures. La m\u00e9t\u00e9o spatiale n\u2019est plus un gadget pour initi\u00e9s : c\u2019est un enjeu concret pour notre quotidien.<\/p>\n<p>Lire aussi <a href=\"https:\/\/dailygeekshow.com\/origine-visiteur-interstellaire\/\" rel=\"nofollow noopener\" target=\"_blank\">Les astronomes ont retrac\u00e9 l\u2019origine de notre nouveau visiteur interstellaire, et c\u2019est une premi\u00e8re<\/a><\/p>\n<p><strong>Les satellites TRACERS, un rempart scientifique contre le chaos solaire<\/strong><\/p>\n<p>Il fut un temps o\u00f9 parler de \u00ab\u00a0blackout solaire\u00a0\u00bb relevait de la science-fiction. Aujourd\u2019hui, c\u2019est une <strong>possibilit\u00e9 s\u00e9rieuse<\/strong>, \u00e9tudi\u00e9e par les meilleurs esprits scientifiques de la plan\u00e8te. Avec <strong>TRACERS<\/strong>, la <a href=\"https:\/\/dailygeekshow.com\/changement-de-cible-pour-lasteroide-la-nasa-surveille-un-point-inattendu-du-systeme-solaire\/\" target=\"_blank\" rel=\"noreferrer noopener nofollow\">NASA<\/a> ne cherche pas \u00e0 nous faire peur, mais \u00e0 nous <strong>pr\u00e9parer intelligemment<\/strong>. Car dans un monde ultra-connect\u00e9, <strong>le Soleil est \u00e0 la fois source de vie\u2026 et de risque<\/strong>.<\/p>\n<p>Alors, oui, deux petits satellites lanc\u00e9s dans le silence de l\u2019espace pourraient bien sauver nos r\u00e9seaux, nos donn\u00e9es et notre mode de vie. Et \u00e7a, ce n\u2019est pas de la fiction : c\u2019est de la science, au service de la pr\u00e9voyance.<\/p>\n","protected":false},"excerpt":{"rendered":"La NASA va lancer de nouveaux satellites pour cartographier les flux d\u2019air autour du globe avec une pr\u00e9cision&hellip;\n","protected":false},"author":2,"featured_media":256740,"comment_status":"","ping_status":"","sticky":false,"template":"","format":"standard","meta":{"footnotes":""},"categories":[7],"tags":[1011,27,43,40,41,39,42,44],"class_list":{"0":"post-256739","1":"post","2":"type-post","3":"status-publish","4":"format-standard","5":"has-post-thumbnail","7":"category-sciences-et-technologies","8":"tag-fr","9":"tag-france","10":"tag-science","11":"tag-science-and-technology","12":"tag-sciences","13":"tag-sciences-et-technologies","14":"tag-technologies","15":"tag-technology"},"share_on_mastodon":{"url":"https:\/\/pubeurope.com\/@fr\/114875137146831965","error":""},"_links":{"self":[{"href":"https:\/\/www.europesays.com\/fr\/wp-json\/wp\/v2\/posts\/256739","targetHints":{"allow":["GET"]}}],"collection":[{"href":"https:\/\/www.europesays.com\/fr\/wp-json\/wp\/v2\/posts"}],"about":[{"href":"https:\/\/www.europesays.com\/fr\/wp-json\/wp\/v2\/types\/post"}],"author":[{"embeddable":true,"href":"https:\/\/www.europesays.com\/fr\/wp-json\/wp\/v2\/users\/2"}],"replies":[{"embeddable":true,"href":"https:\/\/www.europesays.com\/fr\/wp-json\/wp\/v2\/comments?post=256739"}],"version-history":[{"count":0,"href":"https:\/\/www.europesays.com\/fr\/wp-json\/wp\/v2\/posts\/256739\/revisions"}],"wp:featuredmedia":[{"embeddable":true,"href":"https:\/\/www.europesays.com\/fr\/wp-json\/wp\/v2\/media\/256740"}],"wp:attachment":[{"href":"https:\/\/www.europesays.com\/fr\/wp-json\/wp\/v2\/media?parent=256739"}],"wp:term":[{"taxonomy":"category","embeddable":true,"href":"https:\/\/www.europesays.com\/fr\/wp-json\/wp\/v2\/categories?post=256739"},{"taxonomy":"post_tag","embeddable":true,"href":"https:\/\/www.europesays.com\/fr\/wp-json\/wp\/v2\/tags?post=256739"}],"curies":[{"name":"wp","href":"https:\/\/api.w.org\/{rel}","templated":true}]}}