{"id":256750,"date":"2025-07-18T16:22:13","date_gmt":"2025-07-18T16:22:13","guid":{"rendered":"https:\/\/www.europesays.com\/fr\/256750\/"},"modified":"2025-07-18T16:22:13","modified_gmt":"2025-07-18T16:22:13","slug":"saint-etienne-couvre-feu-pour-les-epiceries-nocturnes-fin-de-points-de-vie-rassurants","status":"publish","type":"post","link":"https:\/\/www.europesays.com\/fr\/256750\/","title":{"rendered":"SAINT-\u00c9TIENNE : COUVRE-FEU POUR LES \u00c9PICERIES NOCTURNES, FIN DE POINTS DE VIE RASSURANTS"},"content":{"rendered":"<p>                <a href=\"https:\/\/cadenceradio.fr\" target=\"_blank\" aria-label=\"Banni\u00e8re Cadence 2025\" rel=\"nofollow noopener\"><img loading=\"lazy\" decoding=\"async\" src=\"https:\/\/www.europesays.com\/fr\/wp-content\/uploads\/2025\/07\/Banniere-Cadence-2025-scaled.jpg\" alt=\"\"   width=\"2560\" height=\"738\"\/><\/a><\/p>\n<p>La mesure, effective d\u00e8s le 25 juillet pour une dur\u00e9e d\u2019un an, r\u00e9pond directement aux revendications des riverains de la rue Antoine-Durafour. Leur p\u00e9tition, lanc\u00e9e il y a quelques semaines, avait recueilli pr\u00e8s de 500 signatures, t\u00e9moignant de l\u2019exasp\u00e9ration grandissante face aux nuisances nocturnes.<\/p>\n<p>Cette mobilisation fait \u00e9cho \u00e0 des plaintes similaires formul\u00e9es en octobre dernier par les habitants de la rue Victor-Duchamp \u00e0 Jacquard, illustrant l\u2019ampleur g\u00e9ographique du probl\u00e8me dans le centre-ville.<\/p>\n<p><strong>Un p\u00e9rim\u00e8tre d\u2019application cibl\u00e9<\/strong><\/p>\n<p>L\u2019arr\u00eat\u00e9 municipal sign\u00e9 par Ga\u00ebl Perdriau vendredi 18 juillet concerne sp\u00e9cifiquement plusieurs art\u00e8res du centre : les rues Antoine-Durafour, Pointe-Cadet, Victor-Duchamp, des Alli\u00e9s, des Docteurs-Charcot, du 11-Novembre, la place Jacquard et leurs voies adjacentes.<\/p>\n<p>Cette r\u00e9glementation s\u2019\u00e9tend \u00e0 la fois aux ventes sur place et \u00e0 emporter, cr\u00e9ant une zone de tranquillit\u00e9 nocturne dans les secteurs les plus affect\u00e9s par les troubles.<\/p>\n<p>Le maire justifie sa d\u00e9cision par un inventaire d\u00e9taill\u00e9 des probl\u00e8mes recens\u00e9s : circulation incessante, stationnement anarchique, incidents li\u00e9s aux regroupements de client\u00e8le, consommation excessive d\u2019alcool et accumulation quotidienne de d\u00e9chets alimentaires et d\u2019emballages.<\/p>\n<p>Cette \u00e9num\u00e9ration refl\u00e8te la d\u00e9gradation progressive de la qualit\u00e9 de vie des r\u00e9sidents, contraints de subir ces d\u00e9sagr\u00e9ments nuit apr\u00e8s nuit.<\/p>\n<p><strong>Des chiffres qui parlent<\/strong><\/p>\n<p>L\u2019argumentaire municipal s\u2019appuie sur des donn\u00e9es concr\u00e8tes particuli\u00e8rement parlantes. Depuis 2019, plus de 500 demandes d\u2019intervention entre 21h et 6h concernaient directement ces \u00e9tablissements ou leur client\u00e8le. Parall\u00e8lement, 74 infractions ont \u00e9t\u00e9 relev\u00e9es, touchant la l\u00e9gislation sur les d\u00e9bits de boissons, les nuisances sonores et le travail dissimul\u00e9.<\/p>\n<p>Cette fermeture nocturne constitue le second volet d\u2019une strat\u00e9gie municipale coordonn\u00e9e. En avril dernier, la pr\u00e9fecture avait d\u00e9j\u00e0 interdit la vente d\u2019alcool entre 22h et 6h, mesure que la ville compl\u00e8te aujourd\u2019hui par cette fermeture totale.<\/p>\n<p>Le collectif de la rue Durafour salue cette premi\u00e8re r\u00e9ponse concr\u00e8te tout en maintenant sa vigilance. Les habitants pointent la persistance d\u2019autres \u00e9tablissements de restauration rapide dans le secteur et conditionnent l\u2019arr\u00eat de leur mobilisation \u00e0 une am\u00e9lioration tangible de la situation.<\/p>\n<p><strong>Une question s\u00e9curitaire en suspens<\/strong><\/p>\n<p>Cette d\u00e9cision soul\u00e8ve n\u00e9anmoins des interrogations sur la s\u00e9curit\u00e9 nocturne du centre-ville. Ces commerces constituaient des points de vie rassurrants pour les noctambules, leur fermeture risquant de cr\u00e9er des zones moins fr\u00e9quent\u00e9es et potentiellement plus vuln\u00e9rables.<\/p>\n","protected":false},"excerpt":{"rendered":"La mesure, effective d\u00e8s le 25 juillet pour une dur\u00e9e d\u2019un an, r\u00e9pond directement aux revendications des riverains&hellip;\n","protected":false},"author":2,"featured_media":256751,"comment_status":"","ping_status":"","sticky":false,"template":"","format":"standard","meta":{"footnotes":""},"categories":[9653],"tags":[1111,11,2430,33,1777,674,1011,27,3367,12,25,4001],"class_list":{"0":"post-256750","1":"post","2":"type-post","3":"status-publish","4":"format-standard","5":"has-post-thumbnail","7":"category-saint-etienne","8":"tag-actu","9":"tag-actualites","10":"tag-auvergne-rhone-alpes","11":"tag-economie","12":"tag-eu","13":"tag-europe","14":"tag-fr","15":"tag-france","16":"tag-loire","17":"tag-news","18":"tag-republique-francaise","19":"tag-saint-etienne"},"share_on_mastodon":{"url":"https:\/\/pubeurope.com\/@fr\/114875160629487417","error":""},"_links":{"self":[{"href":"https:\/\/www.europesays.com\/fr\/wp-json\/wp\/v2\/posts\/256750","targetHints":{"allow":["GET"]}}],"collection":[{"href":"https:\/\/www.europesays.com\/fr\/wp-json\/wp\/v2\/posts"}],"about":[{"href":"https:\/\/www.europesays.com\/fr\/wp-json\/wp\/v2\/types\/post"}],"author":[{"embeddable":true,"href":"https:\/\/www.europesays.com\/fr\/wp-json\/wp\/v2\/users\/2"}],"replies":[{"embeddable":true,"href":"https:\/\/www.europesays.com\/fr\/wp-json\/wp\/v2\/comments?post=256750"}],"version-history":[{"count":0,"href":"https:\/\/www.europesays.com\/fr\/wp-json\/wp\/v2\/posts\/256750\/revisions"}],"wp:featuredmedia":[{"embeddable":true,"href":"https:\/\/www.europesays.com\/fr\/wp-json\/wp\/v2\/media\/256751"}],"wp:attachment":[{"href":"https:\/\/www.europesays.com\/fr\/wp-json\/wp\/v2\/media?parent=256750"}],"wp:term":[{"taxonomy":"category","embeddable":true,"href":"https:\/\/www.europesays.com\/fr\/wp-json\/wp\/v2\/categories?post=256750"},{"taxonomy":"post_tag","embeddable":true,"href":"https:\/\/www.europesays.com\/fr\/wp-json\/wp\/v2\/tags?post=256750"}],"curies":[{"name":"wp","href":"https:\/\/api.w.org\/{rel}","templated":true}]}}