{"id":256762,"date":"2025-07-18T16:28:11","date_gmt":"2025-07-18T16:28:11","guid":{"rendered":"https:\/\/www.europesays.com\/fr\/256762\/"},"modified":"2025-07-18T16:28:11","modified_gmt":"2025-07-18T16:28:11","slug":"le-parcours-complet-du-peloton-jusqua-prades-le-lez","status":"publish","type":"post","link":"https:\/\/www.europesays.com\/fr\/256762\/","title":{"rendered":"le parcours complet du peloton jusqu&rsquo;\u00e0 Prades-le-Lez"},"content":{"rendered":"<p>            Par<br \/>\n        <strong><br \/>\n            <a href=\"https:\/\/actu.fr\/auteur\/t-delbreil\" title=\"Consulter tous les articles de Th\u00e9o Delbreil\" rel=\"nofollow noopener\" target=\"_blank\">Th\u00e9o Delbreil<\/a><br \/>\n        <\/strong><\/p>\n<p>        Publi\u00e9 le<\/p>\n<p>            18 juil. 2025 \u00e0 16h27<br \/>\n        ; mis \u00e0 jour le 18 juil. 2025 \u00e0 16h32    <\/p>\n<p>Neuf ans ! Voil\u00e0 neuf ans que le <strong>Tour de France<\/strong> n\u2019\u00e9tait plus pass\u00e9 par <strong>Montpellier<\/strong>. Ce <strong>mardi 22 juillet<\/strong>, la 7e ville de France a l\u2019honneur d\u2019h\u00e9berger les coureurs lors de la journ\u00e9e de repos, avant que le peloton ne s\u2019\u00e9lance depuis l\u2019<strong>esplanade de l\u2019Europe<\/strong> pour la <strong>16e \u00e9tape<\/strong> du Tour.\u00a0<\/p>\n<p>13 kilom\u00e8tres fictifs jusqu\u2019au d\u00e9part r\u00e9el\u00a0<\/p>\n<p class=\" wall-content\">Les 160 coureurs encore en lice partiront donc de l\u2019esplanade de l\u2019Europe et passeront sur les rails du tramway, et longeront la piscine Angelotti avant de traverser la fontaine de la place de Thessalie et de tourner \u00e0 droite sur la rue L\u00e9on Blum pour rejoindre l\u2019avenue Jean Mermoz.\u00a0<\/p>\n<p class=\" wall-content\">De l\u00e0, les cyclistes remonteront l\u2019avenue pour aller jusqu\u2019au Corum par la rue du professeur L\u00e9on Vallois. Le parcours poursuit son chemin dans la continuit\u00e9 de la route en empruntant le Quai du Verdanson seulement pour quelques dizaines de m\u00e8tres. Car tr\u00e8s vite, un virage \u00e0 angle droit am\u00e8nera le peloton dans la rue Proudhon, avant de la quitter pour une poign\u00e9e de m\u00e8tres avant un double virage droite-gauche, comme une chicane, entre la rue de la Cavalerie et de nouveau Proudhon.<\/p>\n<p>    <img   decoding=\"async\" loading=\"lazy\" src=\"https:\/\/www.europesays.com\/fr\/wp-content\/uploads\/2025\/07\/parcours-tdf-1-960x640.jpg\" alt=\"v&#10;\" width=\"960\" height=\"640\"\/><br \/>\n    Le parcours complet du parcours fictif, de Montpellier \u00e0 Prades-le-Lez. (\u00a9Ville de Montpellier)D\u00e9fil\u00e9 sur la route de Mende avant le lancement de l\u2019\u00e9tape<\/p>\n<p class=\" wall-content\">Une fois les rues du 81e r\u00e9giment d\u2019infanterie et Saint-Vincent-de-Paul, les coureurs tireront tout droit au rond-point Odette Branger Capion pour entrer sur la route de Mende qu\u2019ils suivront pendant plus de 10 kilom\u00e8tres. De Boutonnet \u00e0 Montferrier-sur-Lez, jusqu\u2019\u00e0 Prades-le-Lez, o\u00f9 le d\u00e9part r\u00e9el de l\u2019\u00e9tape sera donn\u00e9.\u00a0<\/p>\n<p>Vid\u00e9os : en ce moment sur Actu<\/p>\n<p class=\" wall-content\">C\u2019est \u00e0 la sortie du village, au niveau de la rue de la Combe de Garaste, que les grimpeurs, baroudeurs, rouleurs et autres sprinteurs se lanceront \u00e0 l\u2019assaut des 171 kilom\u00e8tres jusqu\u2019au l\u00e9gendaire Mont Ventoux.\u00a0<\/p>\n<p class=\" wall-content\">Suivez toute l\u2019actualit\u00e9 de vos villes et m\u00e9dias favoris en vous inscrivant \u00e0 <a href=\"https:\/\/moncompte.actu.fr\" title=\"D\u00e9couvez Mon Actu\" rel=\"nofollow noopener\" data-trk=\"{&quot;cta&quot;:{&quot;action&quot;:&quot;https:\\\/\\\/moncompte.actu.fr&quot;,&quot;category&quot;:&quot;mon compte&quot;,&quot;from&quot;:&quot;article footer&quot;,&quot;name&quot;:&quot;Mon actu&quot;,&quot;type&quot;:&quot;cta&quot;}}\" target=\"_blank\">Mon Actu<\/a>.<\/p>\n","protected":false},"excerpt":{"rendered":"Par Th\u00e9o Delbreil Publi\u00e9 le 18 juil. 2025 \u00e0 16h27 ; mis \u00e0 jour le 18 juil. 2025&hellip;\n","protected":false},"author":2,"featured_media":256763,"comment_status":"","ping_status":"","sticky":false,"template":"","format":"standard","meta":{"footnotes":""},"categories":[9599],"tags":[1111,11,1777,674,3696,1011,27,2208,12,2680,25,210],"class_list":{"0":"post-256762","1":"post","2":"type-post","3":"status-publish","4":"format-standard","5":"has-post-thumbnail","7":"category-montpellier","8":"tag-actu","9":"tag-actualites","10":"tag-eu","11":"tag-europe","12":"tag-evenements","13":"tag-fr","14":"tag-france","15":"tag-montpellier","16":"tag-news","17":"tag-occitanie","18":"tag-republique-francaise","19":"tag-tour-de-france"},"share_on_mastodon":{"url":"https:\/\/pubeurope.com\/@fr\/114875184327528237","error":""},"_links":{"self":[{"href":"https:\/\/www.europesays.com\/fr\/wp-json\/wp\/v2\/posts\/256762","targetHints":{"allow":["GET"]}}],"collection":[{"href":"https:\/\/www.europesays.com\/fr\/wp-json\/wp\/v2\/posts"}],"about":[{"href":"https:\/\/www.europesays.com\/fr\/wp-json\/wp\/v2\/types\/post"}],"author":[{"embeddable":true,"href":"https:\/\/www.europesays.com\/fr\/wp-json\/wp\/v2\/users\/2"}],"replies":[{"embeddable":true,"href":"https:\/\/www.europesays.com\/fr\/wp-json\/wp\/v2\/comments?post=256762"}],"version-history":[{"count":0,"href":"https:\/\/www.europesays.com\/fr\/wp-json\/wp\/v2\/posts\/256762\/revisions"}],"wp:featuredmedia":[{"embeddable":true,"href":"https:\/\/www.europesays.com\/fr\/wp-json\/wp\/v2\/media\/256763"}],"wp:attachment":[{"href":"https:\/\/www.europesays.com\/fr\/wp-json\/wp\/v2\/media?parent=256762"}],"wp:term":[{"taxonomy":"category","embeddable":true,"href":"https:\/\/www.europesays.com\/fr\/wp-json\/wp\/v2\/categories?post=256762"},{"taxonomy":"post_tag","embeddable":true,"href":"https:\/\/www.europesays.com\/fr\/wp-json\/wp\/v2\/tags?post=256762"}],"curies":[{"name":"wp","href":"https:\/\/api.w.org\/{rel}","templated":true}]}}