{"id":256764,"date":"2025-07-18T16:29:09","date_gmt":"2025-07-18T16:29:09","guid":{"rendered":"https:\/\/www.europesays.com\/fr\/256764\/"},"modified":"2025-07-18T16:29:09","modified_gmt":"2025-07-18T16:29:09","slug":"des-enfants-en-danger-la-prefecture-ordonne-la-fermeture-dune-creche-pres-de-rouen","status":"publish","type":"post","link":"https:\/\/www.europesays.com\/fr\/256764\/","title":{"rendered":"Des enfants en danger ? La pr\u00e9fecture ordonne la fermeture d&rsquo;une cr\u00e8che pr\u00e8s de Rouen"},"content":{"rendered":"<p>            Par<br \/>\n        <strong><br \/>\n            <a href=\"https:\/\/actu.fr\/auteur\/thomas-rideau\" title=\"Consulter tous les articles de Thomas Rideau\" target=\"_blank\" rel=\"noopener\">Thomas Rideau<\/a><br \/>\n        <\/strong><\/p>\n<p>        Publi\u00e9 le<\/p>\n<p>            18 juil. 2025 \u00e0 18h01        <\/p>\n<p>Temp\u00e9rature \u00e9lev\u00e9e, risque d\u2019intrusion\u2026 <strong>La liste des griefs<\/strong> dress\u00e9s \u00e0 l\u2019encontre d\u2019une cr\u00e8che de l\u2019agglo de <a href=\"https:\/\/actu.fr\/normandie\/rouen_76540\" target=\"_blank\" rel=\"noopener\">Rouen<\/a> par la pr\u00e9fecture de <a href=\"https:\/\/actu.fr\/76actu\/\" target=\"_blank\" rel=\"noopener\">la Seine-Maritime<\/a>, dans un arr\u00eat\u00e9 publi\u00e9 le 17\u00a0juillet 2025, est particuli\u00e8rement longue. <strong>Les services de l\u2019\u00c9tat<\/strong> ont d\u00e9cid\u00e9 de fermer l\u2019\u00e9tablissement pour trois mois, le temps que des mesures soient prises par les diff\u00e9rents responsables des lieux.<\/p>\n<p>Hygi\u00e8ne, s\u00e9curit\u00e9, normes\u2026 Une cr\u00e8che de Bihorel point\u00e9e du doigt<\/p>\n<p class=\" wall-content\">La visite de l\u2019inspection du travail du<strong> Globe Color\u00e9e<\/strong>, micro-cr\u00e8che Montessori \u00e0 Bihorel, ne s\u2019est pas tr\u00e8s bien d\u00e9roul\u00e9e. \u00c0 tel point, que, dans la foul\u00e9e, la pr\u00e9fecture a publi\u00e9 un arr\u00eat\u00e9 pour fermer imm\u00e9diatement et pour une dur\u00e9e de trois mois, l\u2019\u00e9tablissement qui re\u00e7oit des enfants de 0 \u00e0 3\u00a0ans.<\/p>\n<p class=\" wall-content\">Et que trouve-t-on dans cet arr\u00eat\u00e9\u2009? Notamment que \u00ab\u2009les temp\u00e9ratures relev\u00e9es dans les espaces de sommeil ne permettent pas d\u2019assurer <strong>la pr\u00e9vention de la mort inattendue<\/strong> du nourrisson\u2009\u00bb, ou encore que \u00ab\u2009l\u2019acc\u00e8s libre et non contr\u00f4l\u00e9, au 2\u1d49 \u00e9tage, de la micro-cr\u00e8che et de sa porte d\u2019entr\u00e9e comporte un risque majeur d\u2019intrusion de toute personne au sein de la structure\u2009\u00bb, sans oublier l\u2019absence de syst\u00e8me d\u2019alarme incendie.<\/p>\n<p>\u00ab\u2009On va travailler en bonne intelligence avec la pr\u00e9fecture \u00bb<\/p>\n<p class=\" wall-content\">Si la s\u00e9curit\u00e9 semble pouvoir \u00eatre am\u00e9lior\u00e9e, il appara\u00eet que l\u2019hygi\u00e8ne est aussi point\u00e9e du doigt par les services de l\u2019\u00c9tat. \u00ab\u2009Le<strong> non-respect<\/strong> de relev\u00e9s bi-quotidiens de temp\u00e9rature du r\u00e9frig\u00e9rateur accueillant les repas des enfants constitue un risque de rupture de la cha\u00eene du froid, de conservation desdits repas et a fortiori pour la sant\u00e9 des enfants\u2009\u00bb, et de pr\u00e9ciser que \u00ab\u2009les <strong>r\u00e8gles d\u2019hygi\u00e8ne<\/strong> et de s\u00e9curit\u00e9 sont entrav\u00e9es en raison de normes de qualification des professionnelles non respect\u00e9es\u2009\u00bb.<\/p>\n<p>Assurer la continuit\u00e9 de l\u2019accueil de ces enfants<\/p>\n<p>De son c\u00f4t\u00e9, la pr\u00e9fecture pr\u00e9cise que \u00ab\u00a0les services de la Caisse d&rsquo;Allocations familiales (Caf) et de la Ville de Bihorel ont \u00e9t\u00e9 imm\u00e9diatement inform\u00e9s et se sont engag\u00e9s aux c\u00f4t\u00e9s des services de l\u2019\u00c9tat pour accompagner les familles concern\u00e9es et proposer des solutions de relogement des enfants, dans des conditions optimales de s\u00e9curit\u00e9 et de qualit\u00e9 \u00e9ducative \u00bb.<br \/>\u00ab\u00a0Le soutien et la coop\u00e9ration de la communaut\u00e9 \u00e9ducative et des relais petite enfance sont \u00e9galement sollicit\u00e9s pour assurer la continuit\u00e9 de l\u2019accueil de ces enfants et minimiser l\u2019impact de cette fermeture sur les familles. \u00bb<\/p>\n<p class=\" wall-content\">L\u2019arr\u00eat\u00e9 \u00e9voque aussi un manque de communication avec les autorit\u00e9s comp\u00e9tentes ainsi que les \u00ab\u2009fausses d\u00e9clarations de la directrice g\u00e9n\u00e9rale [qui sont] susceptibles de compromettre la s\u00e9curit\u00e9 physique et le bien-\u00eatre des jeunes enfants\u2009\u00bb.<\/p>\n<p class=\" wall-content\">Une multitude de raisons, \u00ab\u2009qui<strong> mettent en danger les enfants accueillis<\/strong>\u2009\u00bb et qui poussent donc la pr\u00e9fecture \u00e0 fermer l\u2019\u00e9tablissement pour trois mois. Une fermeture qui doit permettre au Globe Color\u00e9 de se mettre aux normes.<\/p>\n<p class=\" wall-content\">\u00ab\u2009On va travailler en bonne intelligence avec les services de la pr\u00e9fecture pour <strong>rouvrir au plus vite\u2009<\/strong>\u00bb, indique la directrice H\u00e9l\u00e8ne Spinola qui pr\u00e9cise que l\u2019\u00e9tablissement ne fera pas appel de cet arr\u00eat\u00e9, mais qu\u2019une \u00ab\u2009demande de pr\u00e9cisions\u2009\u00bb sera tout de m\u00eame formul\u00e9e concernant les \u00ab\u2009fausses d\u00e9clarations\u2009\u00bb mises en exergue par les services de l\u2019\u00c9tat. \u00ab\u2009On ne voit pas \u00e0 quoi cela fait r\u00e9f\u00e9rence\u2009\u00bb, conclut-elle.<\/p>\n<p>Suivez l\u2019actualit\u00e9 de Rouen <a href=\"https:\/\/www.whatsapp.com\/channel\/0029VaKfnf99hXF2ddApFB1D\" target=\"_blank\" rel=\"noopener\">sur notre cha\u00eene WhatsApp<\/a> et <a href=\"https:\/\/www.tiktok.com\/@76actu.fr?lang=fr\" target=\"_blank\" rel=\"noopener\">sur notre compte TikTok<\/a><\/p>\n<p class=\" wall-content\">Suivez toute l\u2019actualit\u00e9 de vos villes et m\u00e9dias favoris en vous inscrivant \u00e0 <a href=\"https:\/\/moncompte.actu.fr\" title=\"D\u00e9couvez Mon Actu\" rel=\"nofollow noopener\" data-trk=\"{&quot;cta&quot;:{&quot;action&quot;:&quot;https:\\\/\\\/moncompte.actu.fr&quot;,&quot;category&quot;:&quot;mon compte&quot;,&quot;from&quot;:&quot;article footer&quot;,&quot;name&quot;:&quot;Mon actu&quot;,&quot;type&quot;:&quot;cta&quot;}}\" target=\"_blank\">Mon Actu<\/a>.<\/p>\n<p>                    <script async src=\"\/\/www.tiktok.com\/embed.js\"><\/script><\/p>\n","protected":false},"excerpt":{"rendered":"Par Thomas Rideau Publi\u00e9 le 18 juil. 2025 \u00e0 18h01 Temp\u00e9rature \u00e9lev\u00e9e, risque d\u2019intrusion\u2026 La liste des griefs&hellip;\n","protected":false},"author":2,"featured_media":256765,"comment_status":"","ping_status":"","sticky":false,"template":"","format":"standard","meta":{"footnotes":""},"categories":[9587],"tags":[1111,11,1719,1777,674,1011,27,12,5161,10585,25,9590,104],"class_list":{"0":"post-256764","1":"post","2":"type-post","3":"status-publish","4":"format-standard","5":"has-post-thumbnail","7":"category-rouen","8":"tag-actu","9":"tag-actualites","10":"tag-enfants","11":"tag-eu","12":"tag-europe","13":"tag-fr","14":"tag-france","15":"tag-news","16":"tag-normandie","17":"tag-petite-enfance","18":"tag-republique-francaise","19":"tag-rouen","20":"tag-societe"},"share_on_mastodon":{"url":"https:\/\/pubeurope.com\/@fr\/114875188072774050","error":""},"_links":{"self":[{"href":"https:\/\/www.europesays.com\/fr\/wp-json\/wp\/v2\/posts\/256764","targetHints":{"allow":["GET"]}}],"collection":[{"href":"https:\/\/www.europesays.com\/fr\/wp-json\/wp\/v2\/posts"}],"about":[{"href":"https:\/\/www.europesays.com\/fr\/wp-json\/wp\/v2\/types\/post"}],"author":[{"embeddable":true,"href":"https:\/\/www.europesays.com\/fr\/wp-json\/wp\/v2\/users\/2"}],"replies":[{"embeddable":true,"href":"https:\/\/www.europesays.com\/fr\/wp-json\/wp\/v2\/comments?post=256764"}],"version-history":[{"count":0,"href":"https:\/\/www.europesays.com\/fr\/wp-json\/wp\/v2\/posts\/256764\/revisions"}],"wp:featuredmedia":[{"embeddable":true,"href":"https:\/\/www.europesays.com\/fr\/wp-json\/wp\/v2\/media\/256765"}],"wp:attachment":[{"href":"https:\/\/www.europesays.com\/fr\/wp-json\/wp\/v2\/media?parent=256764"}],"wp:term":[{"taxonomy":"category","embeddable":true,"href":"https:\/\/www.europesays.com\/fr\/wp-json\/wp\/v2\/categories?post=256764"},{"taxonomy":"post_tag","embeddable":true,"href":"https:\/\/www.europesays.com\/fr\/wp-json\/wp\/v2\/tags?post=256764"}],"curies":[{"name":"wp","href":"https:\/\/api.w.org\/{rel}","templated":true}]}}