{"id":256766,"date":"2025-07-18T16:30:10","date_gmt":"2025-07-18T16:30:10","guid":{"rendered":"https:\/\/www.europesays.com\/fr\/256766\/"},"modified":"2025-07-18T16:30:10","modified_gmt":"2025-07-18T16:30:10","slug":"football-le-match-amical-du-sm-caen-contre-quevilly-rouen-finalement-annule","status":"publish","type":"post","link":"https:\/\/www.europesays.com\/fr\/256766\/","title":{"rendered":"Football. Le match amical du SM Caen contre Quevilly-Rouen finalement annul\u00e9"},"content":{"rendered":"<p>            Par<br \/>\n        <strong><br \/>\n            <a href=\"https:\/\/actu.fr\/auteur\/gregory-maucorps\" title=\"Consulter tous les articles de Gr\u00e9gory Maucorps\" rel=\"nofollow noopener\" target=\"_blank\">Gr\u00e9gory Maucorps<\/a><br \/>\n        <\/strong><\/p>\n<p>        Publi\u00e9 le<\/p>\n<p>            18 juil. 2025 \u00e0 18h21        <\/p>\n<p>Finalement, le <a href=\"https:\/\/actu.fr\/tag\/stade-malherbe-de-caen\" rel=\"nofollow noopener\" target=\"_blank\">Stade Malherbe Caen<\/a> (Calvados) ne disputera <b>que quatre matchs de pr\u00e9paration<\/b> cet \u00e9t\u00e9.<\/p>\n<p>Match annul\u00e9 apr\u00e8s la sortie du calendrier de National<\/p>\n<p class=\" wall-content\"><b>Rel\u00e9gu\u00e9 en National<\/b>, le SM Caen a annonc\u00e9 ce vendredi 18 juillet 2025 que son match pr\u00e9vu le 2 ao\u00fbt prochain<b> contre Quevilly-Rouen<\/b>, qui \u00e9volue \u00e9galement en National, \u00e9tait<b> annul\u00e9<\/b>.<\/p>\n<blockquote class=\"ac-article-quote wall-content\">\n<p>Compte-tenu du calendrier sorti hier, le match amical face \u00e0 QRM est annul\u00e9.<\/p>\n<p>Le SM Caen<\/p><\/blockquote>\n<p class=\" wall-content\">\n<p>Caen et Quevilly-Rouen s\u2019affrontent d\u00e8s la 2e journ\u00e9e<\/p>\n<p class=\" wall-content\">En effet, les joueurs de Maxime d\u2019Ornano vont en effet affronter l\u2019\u00e9quipe de <b>Quevilly-Rouen d\u00e8s la 2e journ\u00e9e <\/b>en championnat, en Seine-Maritime. <a href=\"https:\/\/actu.fr\/normandie\/caen_14118\/football-le-calendrier-du-national-devoile-le-sm-caen-debute-a-domicile-avant-un-mois-de-septembre-complique_62924399.html\" rel=\"nofollow noopener\" target=\"_blank\">Le calendrier complet a \u00e9t\u00e9 d\u00e9voil\u00e9<\/a> ce jeudi 17 juillet. Les deux clubs ont donc pr\u00e9f\u00e9r\u00e9 ne pas s\u2019affronter juste avant.\u00a0<\/p>\n<p class=\" wall-content\">Apr\u00e8s une <b>premi\u00e8re d\u00e9faite contre Paris 13 Atletico<\/b> (0-1), les Malherbistes d\u00e9fient <b>Angers <\/b>ce samedi 19 juillet \u00e0 Alen\u00e7on, avant d\u2019affronter <b>Concarneau <\/b>le 26 juillet \u00e0 huis clos et <b>Le Mans<\/b> le 1er ao\u00fbt.<\/p>\n<p>Les matches de pr\u00e9paration du SM Caen<\/p>\n<ul class=\" wall-content\">\n<li>Samedi 19 juillet (15h) : <b>SM Caen \u2013 Angers<\/b> (Ligue 1), \u00e0 Alen\u00e7on.<\/li>\n<li>Samedi 26 juillet (14h) :<b> SM Caen \u2013 Concarneau<\/b> (National), \u00e0 Plo\u00ebrmel.<\/li>\n<li>Vendredi 1er ao\u00fbt (19h30) : <b>Le Mans (Ligue 2) \u2013 SM Caen<\/b>, au Mans.<\/li>\n<\/ul>\n<p>Vid\u00e9os : en ce moment sur Actu<\/p>\n<p class=\" wall-content\">Suivez toute l\u2019actualit\u00e9 de vos villes et m\u00e9dias favoris en vous inscrivant \u00e0 <a href=\"https:\/\/moncompte.actu.fr\" title=\"D\u00e9couvez Mon Actu\" rel=\"nofollow noopener\" data-trk=\"{&quot;cta&quot;:{&quot;action&quot;:&quot;https:\\\/\\\/moncompte.actu.fr&quot;,&quot;category&quot;:&quot;mon compte&quot;,&quot;from&quot;:&quot;article footer&quot;,&quot;name&quot;:&quot;Mon actu&quot;,&quot;type&quot;:&quot;cta&quot;}}\" target=\"_blank\">Mon Actu<\/a>.<\/p>\n","protected":false},"excerpt":{"rendered":"Par Gr\u00e9gory Maucorps Publi\u00e9 le 18 juil. 2025 \u00e0 18h21 Finalement, le Stade Malherbe Caen (Calvados) ne disputera&hellip;\n","protected":false},"author":2,"featured_media":256767,"comment_status":"","ping_status":"","sticky":false,"template":"","format":"standard","meta":{"footnotes":""},"categories":[9587],"tags":[1111,11,1777,674,63,1011,27,12,5161,25,9590,60,266],"class_list":{"0":"post-256766","1":"post","2":"type-post","3":"status-publish","4":"format-standard","5":"has-post-thumbnail","7":"category-rouen","8":"tag-actu","9":"tag-actualites","10":"tag-eu","11":"tag-europe","12":"tag-football","13":"tag-fr","14":"tag-france","15":"tag-news","16":"tag-normandie","17":"tag-republique-francaise","18":"tag-rouen","19":"tag-sports","20":"tag-stade-malherbe-de-caen"},"share_on_mastodon":{"url":"https:\/\/pubeurope.com\/@fr\/114875191996544202","error":""},"_links":{"self":[{"href":"https:\/\/www.europesays.com\/fr\/wp-json\/wp\/v2\/posts\/256766","targetHints":{"allow":["GET"]}}],"collection":[{"href":"https:\/\/www.europesays.com\/fr\/wp-json\/wp\/v2\/posts"}],"about":[{"href":"https:\/\/www.europesays.com\/fr\/wp-json\/wp\/v2\/types\/post"}],"author":[{"embeddable":true,"href":"https:\/\/www.europesays.com\/fr\/wp-json\/wp\/v2\/users\/2"}],"replies":[{"embeddable":true,"href":"https:\/\/www.europesays.com\/fr\/wp-json\/wp\/v2\/comments?post=256766"}],"version-history":[{"count":0,"href":"https:\/\/www.europesays.com\/fr\/wp-json\/wp\/v2\/posts\/256766\/revisions"}],"wp:featuredmedia":[{"embeddable":true,"href":"https:\/\/www.europesays.com\/fr\/wp-json\/wp\/v2\/media\/256767"}],"wp:attachment":[{"href":"https:\/\/www.europesays.com\/fr\/wp-json\/wp\/v2\/media?parent=256766"}],"wp:term":[{"taxonomy":"category","embeddable":true,"href":"https:\/\/www.europesays.com\/fr\/wp-json\/wp\/v2\/categories?post=256766"},{"taxonomy":"post_tag","embeddable":true,"href":"https:\/\/www.europesays.com\/fr\/wp-json\/wp\/v2\/tags?post=256766"}],"curies":[{"name":"wp","href":"https:\/\/api.w.org\/{rel}","templated":true}]}}