{"id":256770,"date":"2025-07-18T16:32:12","date_gmt":"2025-07-18T16:32:12","guid":{"rendered":"https:\/\/www.europesays.com\/fr\/256770\/"},"modified":"2025-07-18T16:32:12","modified_gmt":"2025-07-18T16:32:12","slug":"le-recours-de-lime-rejete","status":"publish","type":"post","link":"https:\/\/www.europesays.com\/fr\/256770\/","title":{"rendered":"le recours de Lime rejet\u00e9"},"content":{"rendered":"<p>Si les nouveaux v\u00e9los et trottinettes de la soci\u00e9t\u00e9 Voi <a href=\"https:\/\/www.ledauphine.com\/transport\/2025\/06\/30\/isere-metropole-de-grenoble-des-velos-equipes-de-porte-skis-un-voi-store-la-nouvelle-flotte-de-trottinettes-et-velos-electriques-arrive-ce-mardi\" target=\"_blank\" rel=\"nofollow noopener\">sont en fonction dans Grenoble et 17 autres communes de la m\u00e9tropole depuis le 1er\u00a0juillet<\/a>, les actions en justice contre l\u2019appel d\u2019offres lanc\u00e9 par le Smmag continuent\u2026 Avec des d\u00e9cisions toujours en faveur du Syndicat mixte des mobilit\u00e9s de l\u2019aire grenobloise.<\/p>\n<p><a href=\"https:\/\/www.ledauphine.com\/transport\/2025\/06\/27\/metropole-de-grenoble-la-requete-de-dott-rejetee-par-le-tribunal-administratif-les-trottinettes-et-velos-roses-de-voi-debarquent-bientot\" target=\"_blank\" rel=\"nofollow noopener\">Apr\u00e8s avoir rejet\u00e9 la\u00a0requ\u00eate de Dott<\/a>, l\u2019ancien op\u00e9rateur de mobilit\u00e9s douces qui a offici\u00e9 jusqu\u2019au 30\u00a0juin, le tribunal administratif a, cette fois, rejet\u00e9 celle de Lime. La candidature de l\u2019entreprise am\u00e9ricaine avait \u00e9t\u00e9 class\u00e9e en troisi\u00e8me position dans le cadre de l\u2019appel d\u2019offres. Comme c\u2019\u00e9tait le cas pour Dott, le tribunal a estim\u00e9 que la l\u00e9galit\u00e9 de la proc\u00e9dure avait bien \u00e9t\u00e9 respect\u00e9e.<\/p>\n","protected":false},"excerpt":{"rendered":"Si les nouveaux v\u00e9los et trottinettes de la soci\u00e9t\u00e9 Voi sont en fonction dans Grenoble et 17 autres&hellip;\n","protected":false},"author":2,"featured_media":256771,"comment_status":"","ping_status":"","sticky":false,"template":"","format":"standard","meta":{"footnotes":""},"categories":[9566],"tags":[1111,11,2430,3542,112,1777,674,274,1011,27,2731,2732,108,12,25,2803,800],"class_list":{"0":"post-256770","1":"post","2":"type-post","3":"status-publish","4":"format-standard","5":"has-post-thumbnail","7":"category-grenoble","8":"tag-actu","9":"tag-actualites","10":"tag-auvergne-rhone-alpes","11":"tag-circulation","12":"tag-edition-grenoble-agglomeration","13":"tag-eu","14":"tag-europe","15":"tag-faits-divers-justice","16":"tag-fr","17":"tag-france","18":"tag-grenoble","19":"tag-grenoble-bassin","20":"tag-isere","21":"tag-news","22":"tag-republique-francaise","23":"tag-transport","24":"tag-transports"},"share_on_mastodon":{"url":"https:\/\/pubeurope.com\/@fr\/114875199904118205","error":""},"_links":{"self":[{"href":"https:\/\/www.europesays.com\/fr\/wp-json\/wp\/v2\/posts\/256770","targetHints":{"allow":["GET"]}}],"collection":[{"href":"https:\/\/www.europesays.com\/fr\/wp-json\/wp\/v2\/posts"}],"about":[{"href":"https:\/\/www.europesays.com\/fr\/wp-json\/wp\/v2\/types\/post"}],"author":[{"embeddable":true,"href":"https:\/\/www.europesays.com\/fr\/wp-json\/wp\/v2\/users\/2"}],"replies":[{"embeddable":true,"href":"https:\/\/www.europesays.com\/fr\/wp-json\/wp\/v2\/comments?post=256770"}],"version-history":[{"count":0,"href":"https:\/\/www.europesays.com\/fr\/wp-json\/wp\/v2\/posts\/256770\/revisions"}],"wp:featuredmedia":[{"embeddable":true,"href":"https:\/\/www.europesays.com\/fr\/wp-json\/wp\/v2\/media\/256771"}],"wp:attachment":[{"href":"https:\/\/www.europesays.com\/fr\/wp-json\/wp\/v2\/media?parent=256770"}],"wp:term":[{"taxonomy":"category","embeddable":true,"href":"https:\/\/www.europesays.com\/fr\/wp-json\/wp\/v2\/categories?post=256770"},{"taxonomy":"post_tag","embeddable":true,"href":"https:\/\/www.europesays.com\/fr\/wp-json\/wp\/v2\/tags?post=256770"}],"curies":[{"name":"wp","href":"https:\/\/api.w.org\/{rel}","templated":true}]}}