{"id":256772,"date":"2025-07-18T16:33:09","date_gmt":"2025-07-18T16:33:09","guid":{"rendered":"https:\/\/www.europesays.com\/fr\/256772\/"},"modified":"2025-07-18T16:33:09","modified_gmt":"2025-07-18T16:33:09","slug":"tout-ce-quil-faut-savoir-sur-les-illuminations-du-parlement-a-rennes-cet-ete","status":"publish","type":"post","link":"https:\/\/www.europesays.com\/fr\/256772\/","title":{"rendered":"Tout ce qu\u2019il faut savoir sur les illuminations du Parlement \u00e0 Rennes cet \u00e9t\u00e9"},"content":{"rendered":"<p>Apr\u00e8s une phase de tests et des derniers d\u00e9tails \u00e0 peaufiner, le Parlement de Bretagne \u00e0 Rennes s\u2019illuminera pendant tout l\u2019\u00e9t\u00e9 avec une projection \u00ab monumentale \u00bb \u00e0 partir de ce samedi 19 juillet.<\/p>\n<p>Combien de temps \u00e7a dure ?<\/p>\n<p>Ce projet, intitul\u00e9 Regards, s\u2019inscrit dans le cadre du dispositif Cet \u00c9t\u00e9. \u00ab C\u2019est un clin d\u2019\u0153il \u00e0 l\u2019exposition Exporama et en partie \u00e0 celle des Yeux dans les yeux au Couvent des Jacobins, explique Beno\u00eet Qu\u00e9ro, pr\u00e9sident de Spectaculaires &#8211; Allumeurs d\u2019images, entreprise en charge de la cr\u00e9ation des visuels. Il y a eu un travail tr\u00e8s pr\u00e9cis pour que nos images s\u2019inscrivent sur les murs du parlement. \u00bb<\/p>\n<p>Tous les soirs \u00e0 partir de ce samedi 19 juillet jusqu\u2019au 23 ao\u00fbt, le public pourra regarder les 18 minutes de la projection. Cette derni\u00e8re d\u00e9butera \u00ab \u00e0 23 h jusqu\u2019au 2 ao\u00fbt, puis \u00e0 22 h 30 \u00e0 partir du 3 ao\u00fbt \u00bb, pr\u00e9vient l\u2019organisation.<\/p>\n<p>De la peinture bretonne<\/p>\n<p>Ce spectacle immersif s\u2019appuiera cette ann\u00e9e sur le travail <a href=\"https:\/\/www.letelegramme.fr\/ille-et-vilaine\/rennes-35000\/un-reve-de-gosse-dans-ce-quartier-de-rennes-comment-ce-mur-est-devenu-un-temple-du-street-art-6643643.php\" target=\"_blank\" rel=\"nofollow noopener\">du street artiste<\/a> bretillien H\u00e9ol avec l\u2019aide de six vid\u00e9os projecteur pour la diffusion. \u00ab Il a fait une installation d\u00e9di\u00e9e \u00e0 ce spectacle, avec une progression en direct de son \u0153uvre \u00bb, annonce Benoit Qu\u00e9ro.<\/p>\n<p>Le Mus\u00e9e de Bretagne a \u00e9galement ouvert certaines de cette collection pour la cr\u00e9ation de l\u2019\u0153uvre visuelle. \u00ab Ils ont un fond important de peintures et de portraits que nous avons utilis\u00e9 comme mati\u00e8re. \u00bb Neuf tableaux seront visibles pour les promeneurs tous les soirs.<\/p>\n<p>L\u2019appui de l\u2019IA<\/p>\n<p>Pour sa cr\u00e9ation, les artistes ont \u00e9galement utilis\u00e9 l\u2019intelligence artificielle. \u00ab Nous avons tous vu dans nos familles, sur les chemin\u00e9es, ces vieilles photos de portraits. Nous voulions mettre de la vie dans ces photos. C\u2019est un voyage th\u00e9matique avec cette technique que nous avons voulu faire. \u00bb<\/p>\n<p>Pour Benoit Qu\u00e9ro, durant cette p\u00e9riode estivale, le Parlement de Bretagne va devenir \u00ab le reflet de nos portraits \u00bb.<\/p>\n","protected":false},"excerpt":{"rendered":"Apr\u00e8s une phase de tests et des derniers d\u00e9tails \u00e0 peaufiner, le Parlement de Bretagne \u00e0 Rennes s\u2019illuminera&hellip;\n","protected":false},"author":2,"featured_media":256773,"comment_status":"","ping_status":"","sticky":false,"template":"","format":"standard","meta":{"footnotes":""},"categories":[2821],"tags":[1111,11,829,1777,674,1011,27,848,12,584,25],"class_list":{"0":"post-256772","1":"post","2":"type-post","3":"status-publish","4":"format-standard","5":"has-post-thumbnail","7":"category-rennes","8":"tag-actu","9":"tag-actualites","10":"tag-bretagne","11":"tag-eu","12":"tag-europe","13":"tag-fr","14":"tag-france","15":"tag-ille-et-vilaine","16":"tag-news","17":"tag-rennes","18":"tag-republique-francaise"},"share_on_mastodon":{"url":"https:\/\/pubeurope.com\/@fr\/114875203843606582","error":""},"_links":{"self":[{"href":"https:\/\/www.europesays.com\/fr\/wp-json\/wp\/v2\/posts\/256772","targetHints":{"allow":["GET"]}}],"collection":[{"href":"https:\/\/www.europesays.com\/fr\/wp-json\/wp\/v2\/posts"}],"about":[{"href":"https:\/\/www.europesays.com\/fr\/wp-json\/wp\/v2\/types\/post"}],"author":[{"embeddable":true,"href":"https:\/\/www.europesays.com\/fr\/wp-json\/wp\/v2\/users\/2"}],"replies":[{"embeddable":true,"href":"https:\/\/www.europesays.com\/fr\/wp-json\/wp\/v2\/comments?post=256772"}],"version-history":[{"count":0,"href":"https:\/\/www.europesays.com\/fr\/wp-json\/wp\/v2\/posts\/256772\/revisions"}],"wp:featuredmedia":[{"embeddable":true,"href":"https:\/\/www.europesays.com\/fr\/wp-json\/wp\/v2\/media\/256773"}],"wp:attachment":[{"href":"https:\/\/www.europesays.com\/fr\/wp-json\/wp\/v2\/media?parent=256772"}],"wp:term":[{"taxonomy":"category","embeddable":true,"href":"https:\/\/www.europesays.com\/fr\/wp-json\/wp\/v2\/categories?post=256772"},{"taxonomy":"post_tag","embeddable":true,"href":"https:\/\/www.europesays.com\/fr\/wp-json\/wp\/v2\/tags?post=256772"}],"curies":[{"name":"wp","href":"https:\/\/api.w.org\/{rel}","templated":true}]}}