{"id":256776,"date":"2025-07-18T16:35:12","date_gmt":"2025-07-18T16:35:12","guid":{"rendered":"https:\/\/www.europesays.com\/fr\/256776\/"},"modified":"2025-07-18T16:35:12","modified_gmt":"2025-07-18T16:35:12","slug":"bas-rhin-huit-pompiers-decores-pour-acte-de-courage-et-de-devouement","status":"publish","type":"post","link":"https:\/\/www.europesays.com\/fr\/256776\/","title":{"rendered":"Bas-Rhin. Huit pompiers d\u00e9cor\u00e9s pour acte de courage et de d\u00e9vouement"},"content":{"rendered":"<p class=\"insetTitle\">29 m\u00e9dailles d\u2019honneur<\/p>\n<p>Dix-sept pompiers ont re\u00e7u la m\u00e9daille d\u2019honneur avec rosette, \u00e9chelon argent, pour services exceptionnels\u00a0: le commandant Nathana\u00ebl Winkelsass, les capitaines Nicolas H\u00e9mion, Guillaume Wagner et Steeves Waldeck, les lieutenants 1 re classe Thomas Glardon et Julien Jessel, les lieutenants 2 e classe Aymeric Florent et Marc Richert, le lieutenant Marc Westphal, l\u2019infirmi\u00e8re en chef Laurence Andritt, l\u2019infirmier en chef Yves Mosbach, les adjudants-chefs Rapha\u00ebl Beinze, Matthieu Fehlmann, David Lafon, Ren\u00e9 Pinon et Jean-Charles Rosaye et le sergent Corentin Meyer.<\/p>\n<p>Douze pompiers ont re\u00e7u la m\u00e9daille d\u2019honneur pour anciennet\u00e9, \u00e9chelon grand or, pour 40 ann\u00e9es de service\u00a0: le lieutenant 1re\u00a0classe Vincent Heiligenstein, les lieutenants Alain Gerwig, Pierre Jehl et Michel Rey, les adjudants-chefs R\u00e9my Hietter et Laurent Schoenn, l\u2019adjudant Jean-Pierre Fix, les sergents-chefs Dominique Bertrand et David Freymann, les caporaux-chefs Daniel Blatz, Bernard Gilg et Pascal Herrmann.<\/p>\n","protected":false},"excerpt":{"rendered":"29 m\u00e9dailles d\u2019honneur Dix-sept pompiers ont re\u00e7u la m\u00e9daille d\u2019honneur avec rosette, \u00e9chelon argent, pour services exceptionnels\u00a0: le&hellip;\n","protected":false},"author":2,"featured_media":256777,"comment_status":"","ping_status":"","sticky":false,"template":"","format":"standard","meta":{"footnotes":""},"categories":[2820],"tags":[1111,11,5644,2880,1777,674,274,107,1011,27,775,12,25,640,2879],"class_list":{"0":"post-256776","1":"post","2":"type-post","3":"status-publish","4":"format-standard","5":"has-post-thumbnail","7":"category-strasbourg","8":"tag-actu","9":"tag-actualites","10":"tag-edition-saverne-sarre-union","11":"tag-edition-strasbourg","12":"tag-eu","13":"tag-europe","14":"tag-faits-divers-justice","15":"tag-fil-info","16":"tag-fr","17":"tag-france","18":"tag-grand-est","19":"tag-news","20":"tag-republique-francaise","21":"tag-strasbourg","22":"tag-strasbourg-ville"},"share_on_mastodon":{"url":"https:\/\/pubeurope.com\/@fr\/114875211624513579","error":""},"_links":{"self":[{"href":"https:\/\/www.europesays.com\/fr\/wp-json\/wp\/v2\/posts\/256776","targetHints":{"allow":["GET"]}}],"collection":[{"href":"https:\/\/www.europesays.com\/fr\/wp-json\/wp\/v2\/posts"}],"about":[{"href":"https:\/\/www.europesays.com\/fr\/wp-json\/wp\/v2\/types\/post"}],"author":[{"embeddable":true,"href":"https:\/\/www.europesays.com\/fr\/wp-json\/wp\/v2\/users\/2"}],"replies":[{"embeddable":true,"href":"https:\/\/www.europesays.com\/fr\/wp-json\/wp\/v2\/comments?post=256776"}],"version-history":[{"count":0,"href":"https:\/\/www.europesays.com\/fr\/wp-json\/wp\/v2\/posts\/256776\/revisions"}],"wp:featuredmedia":[{"embeddable":true,"href":"https:\/\/www.europesays.com\/fr\/wp-json\/wp\/v2\/media\/256777"}],"wp:attachment":[{"href":"https:\/\/www.europesays.com\/fr\/wp-json\/wp\/v2\/media?parent=256776"}],"wp:term":[{"taxonomy":"category","embeddable":true,"href":"https:\/\/www.europesays.com\/fr\/wp-json\/wp\/v2\/categories?post=256776"},{"taxonomy":"post_tag","embeddable":true,"href":"https:\/\/www.europesays.com\/fr\/wp-json\/wp\/v2\/tags?post=256776"}],"curies":[{"name":"wp","href":"https:\/\/api.w.org\/{rel}","templated":true}]}}