{"id":256798,"date":"2025-07-18T16:46:13","date_gmt":"2025-07-18T16:46:13","guid":{"rendered":"https:\/\/www.europesays.com\/fr\/256798\/"},"modified":"2025-07-18T16:46:13","modified_gmt":"2025-07-18T16:46:13","slug":"rennes-marseille-en-ouverture-brest-lille-le-dimanche-la-programmation-complete-de-la-1ere-journee-de-ligue-1","status":"publish","type":"post","link":"https:\/\/www.europesays.com\/fr\/256798\/","title":{"rendered":"Rennes &#8211; Marseille en ouverture, Brest &#8211; Lille le dimanche\u2026 la programmation compl\u00e8te de la 1\u00e8re journ\u00e9e de Ligue\u00a01"},"content":{"rendered":"<p>La premi\u00e8re journ\u00e9e de Ligue 1 est programm\u00e9e. Le duel entre Rennes et Marseille lancera la saison, le vendredi 15 ao\u00fbt, \u00e0 20h45 sur <a href=\"https:\/\/footamateur.letelegramme.fr\/6853268\/quels-jours-et-a-quelle-heure-auront-lieu-les-matchs-de-ligue-1-lors-de-la-saison-2025-2026\/\" target=\"_blank\" rel=\"nofollow noopener\">la nouvelle cha\u00eene diffuseuse de la comp\u00e9tition, Ligue 1 +<\/a>. Les autres clubs auront rendez-vous le dimanche 17 ao\u00fbt, avec Brest &#8211; Lille \u00e0 15h et Auxerre &#8211; Lorient \u00e0 17h, en multiplex. Le dernier match de la journ\u00e9e opposera Nantes au Paris Saint-Germain et sera diffus\u00e9 gratuitement sur Ligue 1 +.<\/p>\n<p><strong class=\"tech\">La programmation TV de la 1\u00e8re journ\u00e9e de Ligue<\/strong> 1<\/p>\n<p class=\"tech\"><strong class=\"tech\">Vendredi 15<\/strong><strong class=\"tech\">ao\u00fbt<\/strong><\/p>\n<p class=\"tech\">Rennes &#8211; Marseille, 20h45, sur Ligue 1 +<\/p>\n<p class=\"tech\"><strong class=\"tech\">Samedi 16<\/strong><strong class=\"tech\">ao\u00fbt<\/strong><\/p>\n<p class=\"tech\">Lens &#8211; Lyon, 17h, sur beIn Sports 1<\/p>\n<p class=\"tech\">Monaco &#8211; Le Havre, 19h, sur Ligue 1 +<\/p>\n<p class=\"tech\">Nice &#8211; Toulouse, 21h05, sur Ligue 1 +<\/p>\n<p class=\"tech\"><strong class=\"tech\">Dimanche 17 ao\u00fbt<\/strong><\/p>\n<p class=\"tech\">Brest &#8211; Lille, 15h sur Ligue 1 +<\/p>\n<p class=\"tech\">Metz &#8211; Strasbourg, 17h sur Ligue 1 +<\/p>\n<p class=\"tech\">Angers &#8211; Paris FC, 17h sur Ligue 1 +<\/p>\n<p class=\"tech\">Auxerre &#8211; Lorient, 17h sur Ligue 1 +<\/p>\n<p class=\"tech\">Nantes &#8211; PSG, 20h45 sur Ligue 1 +<\/p>\n","protected":false},"excerpt":{"rendered":"La premi\u00e8re journ\u00e9e de Ligue 1 est programm\u00e9e. Le duel entre Rennes et Marseille lancera la saison, le&hellip;\n","protected":false},"author":2,"featured_media":256799,"comment_status":"","ping_status":"","sticky":false,"template":"","format":"standard","meta":{"footnotes":""},"categories":[2815],"tags":[1111,11,3166,1777,674,3317,63,1011,27,811,66,1307,12,25,60,4449,3087],"class_list":{"0":"post-256798","1":"post","2":"type-post","3":"status-publish","4":"format-standard","5":"has-post-thumbnail","7":"category-lille","8":"tag-actu","9":"tag-actualites","10":"tag-en-continu-sports","11":"tag-eu","12":"tag-europe","13":"tag-fc-lorient","14":"tag-football","15":"tag-fr","16":"tag-france","17":"tag-hauts-de-france","18":"tag-ligue-1","19":"tag-lille","20":"tag-news","21":"tag-republique-francaise","22":"tag-sports","23":"tag-stade-brestois","24":"tag-stade-rennais"},"share_on_mastodon":{"url":"https:\/\/pubeurope.com\/@fr\/114875255101222905","error":""},"_links":{"self":[{"href":"https:\/\/www.europesays.com\/fr\/wp-json\/wp\/v2\/posts\/256798","targetHints":{"allow":["GET"]}}],"collection":[{"href":"https:\/\/www.europesays.com\/fr\/wp-json\/wp\/v2\/posts"}],"about":[{"href":"https:\/\/www.europesays.com\/fr\/wp-json\/wp\/v2\/types\/post"}],"author":[{"embeddable":true,"href":"https:\/\/www.europesays.com\/fr\/wp-json\/wp\/v2\/users\/2"}],"replies":[{"embeddable":true,"href":"https:\/\/www.europesays.com\/fr\/wp-json\/wp\/v2\/comments?post=256798"}],"version-history":[{"count":0,"href":"https:\/\/www.europesays.com\/fr\/wp-json\/wp\/v2\/posts\/256798\/revisions"}],"wp:featuredmedia":[{"embeddable":true,"href":"https:\/\/www.europesays.com\/fr\/wp-json\/wp\/v2\/media\/256799"}],"wp:attachment":[{"href":"https:\/\/www.europesays.com\/fr\/wp-json\/wp\/v2\/media?parent=256798"}],"wp:term":[{"taxonomy":"category","embeddable":true,"href":"https:\/\/www.europesays.com\/fr\/wp-json\/wp\/v2\/categories?post=256798"},{"taxonomy":"post_tag","embeddable":true,"href":"https:\/\/www.europesays.com\/fr\/wp-json\/wp\/v2\/tags?post=256798"}],"curies":[{"name":"wp","href":"https:\/\/api.w.org\/{rel}","templated":true}]}}