{"id":256800,"date":"2025-07-18T16:47:10","date_gmt":"2025-07-18T16:47:10","guid":{"rendered":"https:\/\/www.europesays.com\/fr\/256800\/"},"modified":"2025-07-18T16:47:10","modified_gmt":"2025-07-18T16:47:10","slug":"marseille-la-salete-dans-le-metro-partie-pour-durer-les-usagers-exasperes-envie-de-vomir","status":"publish","type":"post","link":"https:\/\/www.europesays.com\/fr\/256800\/","title":{"rendered":"Marseille. La salet\u00e9 dans le m\u00e9tro partie pour durer, les usagers exasp\u00e9r\u00e9s : \u00ab Envie de vomir"},"content":{"rendered":"<p>            Par<br \/>\n        <strong><br \/>\n            <a href=\"https:\/\/actu.fr\/auteur\/thomas-blanc\" title=\"Consulter tous les articles de Thomas Blanc\" rel=\"nofollow noopener\" target=\"_blank\">Thomas Blanc<\/a><br \/>\n        <\/strong><\/p>\n<p>        Publi\u00e9 le<\/p>\n<p>            18 juil. 2025 \u00e0 17h52        <\/p>\n<p><strong>La rage<\/strong> accumul\u00e9e en ligne par les usagers de la <a href=\"https:\/\/actu.fr\/tag\/rtm\" rel=\"nofollow noopener\" target=\"_blank\">R\u00e9gie des Transports M\u00e9tropolitains<\/a> descend d\u00e9sormais dans les couloirs du <a href=\"https:\/\/actu.fr\/tag\/metro-de-marseille\" rel=\"nofollow noopener\" target=\"_blank\">m\u00e9tro<\/a> \u00e0 <a href=\"https:\/\/actu.fr\/marseille\/\" rel=\"nofollow noopener\" target=\"_blank\">Marseille<\/a>. Nombreux sont ceux \u00e0 ne plus supporter l\u2019\u00e9tat dans lequel sont d\u00e9laiss\u00e9es les stations du r\u00e9seau. Face \u00e0 cette situation, <strong>qui dure depuis plusieurs ann\u00e9es<\/strong>, certains ont d\u00e9j\u00e0 donn\u00e9 leur chance aux alternatives de <a href=\"https:\/\/actu.fr\/tag\/transport\" rel=\"nofollow noopener\" target=\"_blank\">transport<\/a> ou esp\u00e8rent un geste de la RTM.<\/p>\n<p>Un ras-le-bol caract\u00e9ris\u00e9<\/p>\n<p class=\" wall-content\">Sur <a href=\"https:\/\/www.facebook.com\/groups\/409618393292366\/permalink\/1818684369052421\/\" rel=\"nofollow noopener\" target=\"_blank\">Facebook<\/a>, ils sont nombreux \u00e0 <a href=\"https:\/\/actu.fr\/provence-alpes-cote-d-azur\/marseille_13055\/rtm-a-marseille-pourquoi-les-poubelles-des-stations-de-metro-debordent-a-nouveau_62860555.html\" rel=\"nofollow noopener\" target=\"_blank\">s\u2019agacer de la salet\u00e9 dans les stations les plus \u00e9loign\u00e9es du centre-ville<\/a> et \u00e0 parler de \u00ab\u2009locaux et de rames de m\u00e9tro dans un \u00e9tat <strong>d\u2019insalubrit\u00e9 totale<\/strong>.\u2009\u00bb Mais aujourd\u2019hui, m\u00eame en plein centre-ville, \u00e0 la station du <a href=\"https:\/\/actu.fr\/tag\/vieux-port\" rel=\"nofollow noopener\" target=\"_blank\">Vieux-Port<\/a>, les poubelles d\u00e9bordent et le blanc originel du sol dispara\u00eet sous la crasse noire qui s\u2019accumule.<\/p>\n<p class=\" wall-content\">\u00ab\u2009Le m\u00e9tro ici souffre de la comparaison avec des m\u00e9tros dans des pays plus pauvres qui sont en meilleur \u00e9tat\u2009\u00bb, lance un couple d\u2019Avignonnais, de passage \u00e0 Marseille.<\/p>\n<p class=\" wall-content\">Mais, <strong>cet \u00e9tat de d\u00e9laissement,<\/strong> ce sont bien les Marseillais et les Marseillaises qui en souffrent le plus. \u00ab\u2009C\u2019est assez simple, je ne le supporte plus. J\u2019ai arr\u00eat\u00e9 de payer ma carte et j\u2019ai achet\u00e9 une trottinette \u00e9lectrique pour faire mon trajet de P\u00e9rier \u00e0 La Timone tous les jours\u2009\u00bb, enrage M\u00e9lanie, occasionnellement de passage dans le m\u00e9tro avec des amies. Car oui, <strong>les v\u00e9ritables m\u00e9contents du service l\u2019ont d\u00e9j\u00e0 quitt\u00e9<\/strong>\u2026<\/p>\n<p>Pas de prestataire avant la fin de l\u2019ann\u00e9e\u2026<\/p>\n<p class=\" wall-content\">Pour certains, c\u2019est un faux probl\u00e8me. \u00ab\u2009C\u2019est comme \u00e7a, on paie pour se d\u00e9placer et en plus \u00e7a ne concerne que quelques stations. Il y a toujours le bus sinon\u2009!\u2009\u00bb lance \u00e0 la vol\u00e9e, un passant press\u00e9.<\/p>\n<p class=\" wall-content\">Malgr\u00e9 tout, cette situation va durer. La RTM ne devrait pas retrouver de nouveau prestataire pour le nettoyage d\u2019ici <strong>\u00e0 la fin de l\u2019ann\u00e9e 2025<\/strong>.<\/p>\n<p class=\" wall-content\">\n<p class=\" wall-content\">Une information que la RTM a confirm\u00e9e dans ces termes, \u00ab\u2009Les d\u00e9lais de proc\u00e9dure fix\u00e9s par le code de la commande publique conduisent \u00e0 consid\u00e9rer que de nouveaux march\u00e9s de nettoyage des rames et des stations seront op\u00e9rationnels \u00e0 la fin de l\u2019ann\u00e9e.\u2009\u00bb<\/p>\n<p class=\" wall-content\">Pour les usagers, c\u2019est le choc. \u00ab\u2009Et dire que l\u2019on paie pour \u00e7a\u2026\u2009\u00bb se d\u00e9sole Mathieu, 29\u00a0ans. M\u00e9lanie, elle, n\u2019est pas surprise et s\u2019en moque, \u00ab\u2009je ne prends presque plus le m\u00e9tro, l\u2019absence de prestataire, je m\u2019en fiche\u2009\u00bb, d\u00e9clare-t-elle apr\u00e8s avoir appris la nouvelle.<\/p>\n<p>\u2026et pas de remise sur le tarif<\/p>\n<p class=\" wall-content\">\u00ab\u2009Au prix de<strong> 49\u00a0euros par mois<\/strong>, quand est-ce que le m\u00e9nage sera fait en gare\u2009? Parce que l\u00e0 \u00e7a donne envie de vomir\u2009\u00bb, <a href=\"https:\/\/www.facebook.com\/groups\/409618393292366\/permalink\/1819650068955851\/\" rel=\"nofollow noopener\" target=\"_blank\">peut-on lire sur un groupe Facebook<\/a> d\u2019usagers m\u00e9contents.<\/p>\n<p class=\" wall-content\">Il faut tout de m\u00eame souligner que la RTM a mandat\u00e9 une entreprise pour assurer un service minimum de nettoyage. En effet, depuis <a href=\"https:\/\/actu.fr\/provence-alpes-cote-d-azur\/marseille_13055\/poubelles-qui-debordent-dans-le-metro-a-marseille-la-rtm-prend-une-decision-radicale_62783370.html\" rel=\"nofollow noopener\" target=\"_blank\">la fin anticip\u00e9e du contrat avec Atalian<\/a>, c\u2019est l\u2019entreprise <strong>Onet<\/strong> qui est charg\u00e9e d\u2019assurer la propret\u00e9 dans les stations de m\u00e9tro. Cette situation avait \u00e9t\u00e9 prise \u00e0 la suite d\u2019une <a href=\"https:\/\/actu.fr\/provence-alpes-cote-d-azur\/marseille_13055\/greve-a-la-rtm-le-metro-de-marseille-encore-a-l-arret-benoit-payan-reagit-vivement-insupportable_62814852.html\" rel=\"nofollow noopener\" target=\"_blank\">nouvelle gr\u00e8ve fin juin<\/a>.<\/p>\n<p>    <a href=\"https:\/\/www.facebook.com\/plugins\/post.php?href=https%3A%2F%2Fwww.facebook.com%2Fpermalink.php%3Fstory_fbid%3Dpfbid027Lm9fRzjzrKesB7RmnG2chbX9Z1PJm3xkQKSDmXs3K8sekCZSdqWvji3DVDxahwGl%26id%3D100083300044556&amp;show_text=true&amp;width=350\" title=\"Ouvrie le lien\" rel=\"nofollow noopener\" target=\"_blank\">Cliquez ici pour visualiser le contenu<\/a><\/p>\n<p class=\" wall-content\">Mais sur les quais, le sentiment d\u2019insatisfaction monte. \u00ab\u2009Nous payons un prix normal pour obtenir un service anormal, quand on y pense, <strong>c\u2019est assez fou\u2009<\/strong>\u00bb, se d\u00e9sesp\u00e8re un petit peu Sonia qui elle ne peut pas se passer du m\u00e9tro.<\/p>\n<p class=\" wall-content\">Contact\u00e9e par actu Marseille, la RTM n\u2019a pas r\u00e9pondu quant \u00e0 la possibilit\u00e9 d\u2019une<strong> r\u00e9duction du prix de l\u2019abonnement<\/strong>\u00a0d\u2019ici \u00e0 la fin 2025.<\/p>\n<p class=\" wall-content\">Suivez toute l\u2019actualit\u00e9 de vos villes et m\u00e9dias favoris en vous inscrivant \u00e0 <a href=\"https:\/\/moncompte.actu.fr\" title=\"D\u00e9couvez Mon Actu\" rel=\"nofollow noopener\" data-trk=\"{&quot;cta&quot;:{&quot;action&quot;:&quot;https:\\\/\\\/moncompte.actu.fr&quot;,&quot;category&quot;:&quot;mon compte&quot;,&quot;from&quot;:&quot;article footer&quot;,&quot;name&quot;:&quot;Mon actu&quot;,&quot;type&quot;:&quot;cta&quot;}}\" target=\"_blank\">Mon Actu<\/a>.<\/p>\n","protected":false},"excerpt":{"rendered":"Par Thomas Blanc Publi\u00e9 le 18 juil. 2025 \u00e0 17h52 La rage accumul\u00e9e en ligne par les usagers&hellip;\n","protected":false},"author":2,"featured_media":256801,"comment_status":"","ping_status":"","sticky":false,"template":"","format":"standard","meta":{"footnotes":""},"categories":[2814],"tags":[1111,11,1777,674,1011,27,884,39669,12,882,25,10783,104,2803],"class_list":{"0":"post-256800","1":"post","2":"type-post","3":"status-publish","4":"format-standard","5":"has-post-thumbnail","7":"category-marseille","8":"tag-actu","9":"tag-actualites","10":"tag-eu","11":"tag-europe","12":"tag-fr","13":"tag-france","14":"tag-marseille","15":"tag-metro-de-marseille","16":"tag-news","17":"tag-provence-alpes-cote-dazur","18":"tag-republique-francaise","19":"tag-rtm","20":"tag-societe","21":"tag-transport"},"share_on_mastodon":{"url":"https:\/\/pubeurope.com\/@fr\/114875258912724610","error":""},"_links":{"self":[{"href":"https:\/\/www.europesays.com\/fr\/wp-json\/wp\/v2\/posts\/256800","targetHints":{"allow":["GET"]}}],"collection":[{"href":"https:\/\/www.europesays.com\/fr\/wp-json\/wp\/v2\/posts"}],"about":[{"href":"https:\/\/www.europesays.com\/fr\/wp-json\/wp\/v2\/types\/post"}],"author":[{"embeddable":true,"href":"https:\/\/www.europesays.com\/fr\/wp-json\/wp\/v2\/users\/2"}],"replies":[{"embeddable":true,"href":"https:\/\/www.europesays.com\/fr\/wp-json\/wp\/v2\/comments?post=256800"}],"version-history":[{"count":0,"href":"https:\/\/www.europesays.com\/fr\/wp-json\/wp\/v2\/posts\/256800\/revisions"}],"wp:featuredmedia":[{"embeddable":true,"href":"https:\/\/www.europesays.com\/fr\/wp-json\/wp\/v2\/media\/256801"}],"wp:attachment":[{"href":"https:\/\/www.europesays.com\/fr\/wp-json\/wp\/v2\/media?parent=256800"}],"wp:term":[{"taxonomy":"category","embeddable":true,"href":"https:\/\/www.europesays.com\/fr\/wp-json\/wp\/v2\/categories?post=256800"},{"taxonomy":"post_tag","embeddable":true,"href":"https:\/\/www.europesays.com\/fr\/wp-json\/wp\/v2\/tags?post=256800"}],"curies":[{"name":"wp","href":"https:\/\/api.w.org\/{rel}","templated":true}]}}