{"id":256806,"date":"2025-07-18T16:50:18","date_gmt":"2025-07-18T16:50:18","guid":{"rendered":"https:\/\/www.europesays.com\/fr\/256806\/"},"modified":"2025-07-18T16:50:18","modified_gmt":"2025-07-18T16:50:18","slug":"roanne-les-gens-du-voyage-squattent-un-terrain-il-ny-avait-pas-assez-de-place-sur-laire-daccueil","status":"publish","type":"post","link":"https:\/\/www.europesays.com\/fr\/256806\/","title":{"rendered":"Roanne. Les gens du voyage squattent un terrain\u00a0: \u00ab\u00a0Il n\u2019y avait pas assez de place sur l\u2019aire d\u2019accueil\u00a0\u00bb"},"content":{"rendered":"<p>\u00ab\u00a080 caravanes, c\u2019est impossible\u00a0! Avec les voitures et les auvents, \u00e7a ne tient pas\u00a0!\u00a0\u00bb. David Gimenez vient de se lever pour porter la parole, devant le tribunal administratif de Lyon, des familles qui se sont install\u00e9es le 14\u00a0juillet, sur un terrain\u00a0\u00e0 Saint-Germain-Lespinasse.<\/p>\n<p>Haute stature, carrure imposante, il explique pourquoi ils ont pr\u00e9f\u00e9r\u00e9 ce pr\u00e9 proche du stade de football plut\u00f4t que l\u2019aire de grand passage de Mably\u00a0: \u00ab\u00a0Il y avait d\u00e9j\u00e0 du monde. On nous a dit qu\u2019on ne pouvait pas stationner. De toute fa\u00e7on, il n\u2019y a pas assez de place pour les deux\u00a0groupes et on a eu l\u2019accord de l\u2019adjoint.\u00a0\u00bb Il pr\u00e9cise que les occupants des autres caravanes sont des locaux alors qu\u2019eux sont en mission \u00e9vang\u00e9lique se rendant \u00e0 Toulouse. L\u2019aire aurait d\u00fb leur \u00eatre r\u00e9serv\u00e9e, estime-t-il.<\/p>\n<p>  \u00ab\u00a0Ils ne voulaient pas se m\u00e9langer \u00e0 l\u2019autre groupe\u00a0!\u00a0\u00bb<\/p>\n<p>La repr\u00e9sentante de la pr\u00e9fecture de la Loire conteste cette version\u00a0: \u00ab\u00a0L\u2019aire d\u2019accueil peut tout \u00e0 fait accueillir les deux groupes (47 d\u2019un c\u00f4t\u00e9 et 24 de l\u2019autre). Ils se sont install\u00e9s de mani\u00e8re ill\u00e9gale parce qu\u2019ils ne voulaient pas se m\u00e9langer\u00a0! De plus, la commune ne leur a d\u00e9livr\u00e9 aucune autorisation ni n\u2019a accept\u00e9 les raccordements en eau et \u00e9lectricit\u00e9. Ce qu\u2019il prend comme un accord \u00e9tait purement temporaire\u00a0!\u00a0\u00bb.<\/p>\n<p>  \u00a0<\/p>\n<p>La communaut\u00e9 d\u2019agglom\u00e9ration du Roannais va dans le m\u00eame sens\u00a0: \u00ab\u00a0On n\u2019a aucune trace de cette autorisation. L\u2019aire peut accueillir 82 caravanes. Il y a un trouble \u00e0 l\u2019ordre public.\u00a0\u00bb<\/p>\n<p>Cette implantation sauvage avait justifi\u00e9\u00a0un arr\u00eat\u00e9 de mise en demeure de quitter les lieux. <a href=\"https:\/\/www.leprogres.fr\/faits-divers-justice\/2025\/07\/16\/les-gens-du-voyage-mis-en-demeure-de-quitter-saint-germain-lespinasse\" target=\"_blank\" rel=\"noopener\">L\u2019arr\u00eat\u00e9 sign\u00e9 par le sous-pr\u00e9fet de Roanne Herv\u00e9 Gerin leur avait \u00e9t\u00e9 notifi\u00e9 <\/a> mercredi, avec un d\u00e9lai de 24 heures pour quitter les lieux. Mais jeudi apr\u00e8s-midi, les 41 caravanes \u00e9taient toujours pr\u00e9sentes sur place. Et <a href=\"https:\/\/www.leprogres.fr\/faits-divers-justice\/2025\/07\/16\/les-gens-du-voyage-mis-en-demeure-de-quitter-saint-germain-lespinasse\" target=\"_blank\" rel=\"noopener\">les gens du voyage avaient d\u00e9pos\u00e9 un recours<\/a> devant le tribunal administratif de Lyon. Vendredi, David Gimenez a d\u00e9clar\u00e9 qu\u2019ils l\u00e8veraient le camp dimanche.<\/p>\n<p>La d\u00e9cision de la juridiction n\u2019a pas \u00e9t\u00e9 rendue ce vendredi\u00a0; elle devrait l\u2019\u00eatre dans les jours qui viennent.<\/p>\n","protected":false},"excerpt":{"rendered":"\u00ab\u00a080 caravanes, c\u2019est impossible\u00a0! Avec les voitures et les auvents, \u00e7a ne tient pas\u00a0!\u00a0\u00bb. David Gimenez vient de&hellip;\n","protected":false},"author":2,"featured_media":256807,"comment_status":"","ping_status":"","sticky":false,"template":"","format":"standard","meta":{"footnotes":""},"categories":[1889],"tags":[1111,11,2430,271,272,1777,674,274,1011,27,2428,2756,12,25],"class_list":{"0":"post-256806","1":"post","2":"type-post","3":"status-publish","4":"format-standard","5":"has-post-thumbnail","7":"category-lyon","8":"tag-actu","9":"tag-actualites","10":"tag-auvergne-rhone-alpes","11":"tag-crime","12":"tag-delit-et-contravention","13":"tag-eu","14":"tag-europe","15":"tag-faits-divers-justice","16":"tag-fr","17":"tag-france","18":"tag-lyon","19":"tag-lyon-bassin","20":"tag-news","21":"tag-republique-francaise"},"share_on_mastodon":{"url":"https:\/\/pubeurope.com\/@fr\/114875270643362262","error":""},"_links":{"self":[{"href":"https:\/\/www.europesays.com\/fr\/wp-json\/wp\/v2\/posts\/256806","targetHints":{"allow":["GET"]}}],"collection":[{"href":"https:\/\/www.europesays.com\/fr\/wp-json\/wp\/v2\/posts"}],"about":[{"href":"https:\/\/www.europesays.com\/fr\/wp-json\/wp\/v2\/types\/post"}],"author":[{"embeddable":true,"href":"https:\/\/www.europesays.com\/fr\/wp-json\/wp\/v2\/users\/2"}],"replies":[{"embeddable":true,"href":"https:\/\/www.europesays.com\/fr\/wp-json\/wp\/v2\/comments?post=256806"}],"version-history":[{"count":0,"href":"https:\/\/www.europesays.com\/fr\/wp-json\/wp\/v2\/posts\/256806\/revisions"}],"wp:featuredmedia":[{"embeddable":true,"href":"https:\/\/www.europesays.com\/fr\/wp-json\/wp\/v2\/media\/256807"}],"wp:attachment":[{"href":"https:\/\/www.europesays.com\/fr\/wp-json\/wp\/v2\/media?parent=256806"}],"wp:term":[{"taxonomy":"category","embeddable":true,"href":"https:\/\/www.europesays.com\/fr\/wp-json\/wp\/v2\/categories?post=256806"},{"taxonomy":"post_tag","embeddable":true,"href":"https:\/\/www.europesays.com\/fr\/wp-json\/wp\/v2\/tags?post=256806"}],"curies":[{"name":"wp","href":"https:\/\/api.w.org\/{rel}","templated":true}]}}