{"id":256810,"date":"2025-07-18T16:52:11","date_gmt":"2025-07-18T16:52:11","guid":{"rendered":"https:\/\/www.europesays.com\/fr\/256810\/"},"modified":"2025-07-18T16:52:11","modified_gmt":"2025-07-18T16:52:11","slug":"activites-sans-quitter-lile-de-france-infotravel-fr","status":"publish","type":"post","link":"https:\/\/www.europesays.com\/fr\/256810\/","title":{"rendered":"activit\u00e9s sans quitter l\u2019\u00cele-de-France InfoTravel.fr &#8211;"},"content":{"rendered":"<p>\t\t\t\t\t\t\t\tCroisi\u00e8res, balades en plein air, jardins cach\u00e9s : une s\u00e9lection d\u2019activit\u00e9s pour s\u2019\u00e9vader sans quitter l\u2019\u00cele-de-France avec Explore Paris<\/p>\n<p>\u00a0<\/p>\n<p>\u00a0<\/p>\n<p>Quand les temp\u00e9ratures grimpent et que l\u2019agitation citadine se fait plus intense, une envie revient chaque \u00e9t\u00e9 chez de nombreux Franciliens : celle de s\u2019\u00e9chapper, de respirer, de d\u00e9crocher\u2026 sans pour autant partir loin.<\/p>\n<p><img loading=\"lazy\" decoding=\"async\" src=\"data:image\/svg+xml,%3Csvg%20xmlns=\" http:=\"\" alt=\"EXPLORE PARIS\" width=\"1000\" height=\"666\" data-lazy- data-lazy- data-lazy-src=\"https:\/\/www.europesays.com\/fr\/wp-content\/uploads\/2025\/07\/the-seine-river-4275721_1280-1000x666.jpg\"\/><\/p>\n<p>En 2024, 4 Fran\u00e7ais sur 10 avait pr\u00e9vu de privil\u00e9gier les courts s\u00e9jours, selon une \u00e9tude ADN Tourisme \/ Ifop (+3 points vs 2023). Une tendance qui se confirme particuli\u00e8rement en \u00cele-de-France, o\u00f9 les citadins cherchent de plus en plus \u00e0 d\u00e9connecter sans quitter la r\u00e9gion, en explorant des alternatives locales.<\/p>\n<p>Port\u00e9e par les agences de d\u00e9veloppement touristique du Grand Paris, <a href=\"https:\/\/www.infotravel.fr\/bons-plans\/les-balades-passerelles-par-explore-paris\/\" rel=\"nofollow noopener\" target=\"_blank\">Explore Paris<\/a> r\u00e9unit sur une plateforme des id\u00e9es d\u2019activit\u00e9s originales, guid\u00e9es et accessibles \u00e0 tous. Croisi\u00e8res urbaines, escapades \u00e0 v\u00e9lo ou jardins m\u00e9connus : plus de 450 propositions culturelles et nature sont disponibles \u00e0 la r\u00e9servation sur les mois de juillet et ao\u00fbt, sur des formats courts et \u00e0 des prix mod\u00e9r\u00e9s.<\/p>\n<p>Focus sur une s\u00e9lection d\u2019exp\u00e9riences embl\u00e9matiques, \u00e0 d\u00e9couvrir tout l\u2019\u00e9t\u00e9, r\u00e9parties autour de deux grandes th\u00e9matiques\u2009: croisi\u00e8res et plein air.<\/p>\n<p><img loading=\"lazy\" decoding=\"async\" src=\"data:image\/svg+xml,%3Csvg%20xmlns=\" http:=\"\" alt=\"EXPLORE PARIS\" width=\"300\" height=\"300\" data-lazy- data-lazy- data-lazy-src=\"https:\/\/www.europesays.com\/fr\/wp-content\/uploads\/2025\/07\/la-croisiere-escapade-sur-le-canal-de-lourcq-de-paris-a-sevran-en-bateau-etou-en-velo.jpg\"\/><\/p>\n<p style=\"text-align: center\"><strong>Cap sur l\u2019eau : 3 croisi\u00e8res pour explorer autrement les rivi\u00e8res et canaux franciliens<\/strong><\/p>\n<p><strong>Croisi\u00e8re \u00ab L\u2019Appel de la for\u00eat \u00bb<\/strong><\/p>\n<p>De Pantin au parc de la Poudrerie Dans le cadre de l\u2019op\u00e9ration estivale L\u2019\u00c9t\u00e9 du Canal, cette croisi\u00e8re de deux heures au d\u00e9part de Pantin invite \u00e0 une lente travers\u00e9e entre patrimoine fluvial et nature retrouv\u00e9e. Guid\u00e9e par le matelot du bateau Pierre-Simon Girard, la balade d\u00e9bute en milieu urbain, au c\u0153ur des anciennes Halles Pouchard, avant de gagner les paysages arbor\u00e9s d\u2019Aulnay-sous-Bois, Livry-Gargan et Sevran. L\u2019arriv\u00e9e se fait au parc forestier de la Poudrerie (137 hectares), v\u00e9ritable poumon vert de la Seine-Saint-Denis.<\/p>\n<p><strong>Le petit +<\/strong> : il est possible d\u2019embarquer avec son v\u00e9lo pour rentrer via les pistes cyclables le long du canal de l\u2019Ourcq.<\/p>\n<ul>\n<li><strong>Dur\u00e9e<\/strong> : 2h<\/li>\n<li><strong> Tarif normal<\/strong> : 20 \u20ac (15 \u20ac pour les -12 ans)<\/li>\n<li><strong>Dates<\/strong> : le 20 et 26 juillet et le 02 et 09 ao\u00fbt<\/li>\n<\/ul>\n<p>Plus d\u2019infos : exploreparis.com\/146<\/p>\n<p><strong>Croisi\u00e8re au fil du canal Saint-Martin et de la Seine<\/strong><\/p>\n<p>Cette croisi\u00e8re relie le parc de la Villette \u00e0 l\u2019\u00eele Saint-Louis via les \u00e9cluses du canal Saint-Martin, le port de l\u2019Arsenal et le centre historique de Paris. Un itin\u00e9raire fluvial embl\u00e9matique qui m\u00eale patrimoine industriel, architecture haussmannienne et vues imprenables sur les quais.<\/p>\n<ul>\n<li><strong>Dur\u00e9e<\/strong> : 2h30<\/li>\n<li><strong>Tarif normal<\/strong> : \u00e0 partir de 23 \u20ac (15 \u20ac pour les -14 ans)<\/li>\n<li><strong>Dates<\/strong> : tout au long de l\u2019\u00e9t\u00e9 les jeudis, vendredis et week-ends jusqu\u2019\u00e0 mi-septembre<\/li>\n<\/ul>\n<p>Plus d\u2019infos : exploreparis.com\/4905 <\/p>\n<p><strong>Croisi\u00e8re comment\u00e9e de la Boucle de la Marne<\/strong><\/p>\n<p>Cette croisi\u00e8re \u00e0 bord d\u2019un catamaran \u00e0 fond plat propose une exploration des paysages de la Marne, de son patrimoine fluvial et de la R\u00e9serve naturelle d\u00e9partementale des \u00eeles de la Marne. Le parcours est comment\u00e9 par des b\u00e9n\u00e9voles ou des animateur\u00b7rice\u00b7s en insertion de l\u2019association Au Fil de l\u2019Eau, agr\u00e9\u00e9e entreprise solidaire d\u2019utilit\u00e9 sociale, qui assurent une m\u00e9diation autour de l\u2019histoire locale, de la faune, de la flore et des am\u00e9nagements des berges.<\/p>\n<ul>\n<li><strong>Dur\u00e9e<\/strong> : 1h<\/li>\n<li><strong>Tarif normal<\/strong> : \u00e0 partir de 8 \u20ac (5 \u20ac pour les -12 ans)<\/li>\n<li><strong>Dates<\/strong> : tout au long de l\u2019\u00e9t\u00e9 les samedi et dimanche<\/li>\n<\/ul>\n<p>Plus d\u2019infos : exploreparis.com\/6139<\/p>\n<p><img loading=\"lazy\" decoding=\"async\" src=\"data:image\/svg+xml,%3Csvg%20xmlns=\" http:=\"\" alt=\"EXPLORE PARIS\" width=\"1000\" height=\"666\" data-lazy- data-lazy- data-lazy-src=\"https:\/\/www.europesays.com\/fr\/wp-content\/uploads\/2025\/07\/flow-1265960_1280-1000x666.jpg\"\/><\/p>\n<p style=\"text-align: center\"><strong>Zoom sur les activit\u00e9s nautiques<\/strong><\/p>\n<p>Pour celles et ceux qui pr\u00e9f\u00e8rent pagayer plut\u00f4t que naviguer, Explore Paris propose \u00e9galement une s\u00e9rie de balades en cano\u00eb et en kayak, accessibles \u00e0 tous les niveaux. Que ce soit sur la Marne ou sur le canal de l\u2019Ourcq, ces randonn\u00e9es aquatiques offrent un autre regard sur le territoire : plus proche de l\u2019eau, plus libre aussi.<\/p>\n<p>Quelques id\u00e9es \u00e0 d\u00e9couvrir :<\/p>\n<ul>\n<li>Balade en cano\u00eb sur la Marne<\/li>\n<li>Rando\u2019kayak sur le canal de l\u2019Ourcq<\/li>\n<li>D\u00e9couverte du cano\u00eb kayak sur la Marne \u2013 Nosyka<\/li>\n<li>Randonn\u00e9es en kayak \u00e0 Nogent-sur-Marne<\/li>\n<\/ul>\n<p>Depuis 2007, l\u2019\u00c9t\u00e9 du Canal transforme les <a href=\"https:\/\/www.infotravel.fr\/bons-plans\/canal-2025-redecouvrir-les-canaux-parisiens\/\" rel=\"nofollow noopener\" target=\"_blank\">canaux du nord-est parisien<\/a> en terrain de jeu estival, entre croisi\u00e8res festives, balades urbaines et animations pour tous.<\/p>\n<p><img loading=\"lazy\" decoding=\"async\" src=\"data:image\/svg+xml,%3Csvg%20xmlns=\" http:=\"\" alt=\"EXPLORE PARIS\" width=\"300\" height=\"300\" data-lazy- data-lazy- data-lazy-src=\"https:\/\/www.europesays.com\/fr\/wp-content\/uploads\/2025\/07\/decouverte-du-canoe-kayak-sur-la-marne-nosyka.jpg\"\/><\/p>\n<p style=\"text-align: center\">Toutes les activit\u00e9s sont \u00e0 retrouver sur Explore Paris : exploreparis.com\/fr\/36-ete-du-canal <\/p>\n<p style=\"text-align: center\">Toutes les croisi\u00e8res sont \u00e0 retrouv\u00e9es ici : exploreparis.com\/fr\/33-croisiere<\/p>\n","protected":false},"excerpt":{"rendered":"Croisi\u00e8res, balades en plein air, jardins cach\u00e9s : une s\u00e9lection d\u2019activit\u00e9s pour s\u2019\u00e9vader sans quitter l\u2019\u00cele-de-France avec Explore&hellip;\n","protected":false},"author":2,"featured_media":256811,"comment_status":"","ping_status":"","sticky":false,"template":"","format":"standard","meta":{"footnotes":""},"categories":[1592],"tags":[1111,11,7552,1134,5975,4987,2883,1777,674,652,1011,27,662,17782,12,626,25,602,10030,2528,586],"class_list":{"0":"post-256810","1":"post","2":"type-post","3":"status-publish","4":"format-standard","5":"has-post-thumbnail","7":"category-ile-de-france","8":"tag-actu","9":"tag-actualites","10":"tag-balade","11":"tag-bon-plan","12":"tag-decouverte","13":"tag-detente","14":"tag-ete","15":"tag-eu","16":"tag-europe","17":"tag-famille","18":"tag-fr","19":"tag-france","20":"tag-ile-de-france","21":"tag-infotravel","22":"tag-news","23":"tag-paris","24":"tag-republique-francaise","25":"tag-tourisme","26":"tag-travel","27":"tag-vacances","28":"tag-voyage"},"share_on_mastodon":{"url":"https:\/\/pubeurope.com\/@fr\/114875278738008968","error":""},"_links":{"self":[{"href":"https:\/\/www.europesays.com\/fr\/wp-json\/wp\/v2\/posts\/256810","targetHints":{"allow":["GET"]}}],"collection":[{"href":"https:\/\/www.europesays.com\/fr\/wp-json\/wp\/v2\/posts"}],"about":[{"href":"https:\/\/www.europesays.com\/fr\/wp-json\/wp\/v2\/types\/post"}],"author":[{"embeddable":true,"href":"https:\/\/www.europesays.com\/fr\/wp-json\/wp\/v2\/users\/2"}],"replies":[{"embeddable":true,"href":"https:\/\/www.europesays.com\/fr\/wp-json\/wp\/v2\/comments?post=256810"}],"version-history":[{"count":0,"href":"https:\/\/www.europesays.com\/fr\/wp-json\/wp\/v2\/posts\/256810\/revisions"}],"wp:featuredmedia":[{"embeddable":true,"href":"https:\/\/www.europesays.com\/fr\/wp-json\/wp\/v2\/media\/256811"}],"wp:attachment":[{"href":"https:\/\/www.europesays.com\/fr\/wp-json\/wp\/v2\/media?parent=256810"}],"wp:term":[{"taxonomy":"category","embeddable":true,"href":"https:\/\/www.europesays.com\/fr\/wp-json\/wp\/v2\/categories?post=256810"},{"taxonomy":"post_tag","embeddable":true,"href":"https:\/\/www.europesays.com\/fr\/wp-json\/wp\/v2\/tags?post=256810"}],"curies":[{"name":"wp","href":"https:\/\/api.w.org\/{rel}","templated":true}]}}