{"id":256814,"date":"2025-07-18T16:54:12","date_gmt":"2025-07-18T16:54:12","guid":{"rendered":"https:\/\/www.europesays.com\/fr\/256814\/"},"modified":"2025-07-18T16:54:12","modified_gmt":"2025-07-18T16:54:12","slug":"iron-maiden-ouvre-son-eddies-dive-bar-a-paris-news-rockurlife","status":"publish","type":"post","link":"https:\/\/www.europesays.com\/fr\/256814\/","title":{"rendered":"Iron Maiden ouvre son Eddie&rsquo;s Dive Bar \u00e0 Paris ! &#8211; News &#8211; RockUrLife"},"content":{"rendered":"<p>\u00c0 l\u2019approche de sa <a href=\"https:\/\/www.rockurlife.net\/news\/iron-maiden-ajoute-une-date-supplementaire-a-paris-la-defense-arena-en-juillet-2025\/\" target=\"_blank\" rel=\"noopener\">double date \u00e0 la <strong>Paris La D\u00e9fense Arena<\/strong> les 19 et 20 juillet<\/a> dans le cadre du <strong>Run For Your Lives World Tour 2025<\/strong>, <strong>Iron Maiden<\/strong> g\u00e2te ses fans franciliens avec une exp\u00e9rience immersive in\u00e9dite : l\u2019ouverture d\u2019un <strong>Eddie\u2019s Dive Bar<\/strong> en plein c\u0153ur du quartier d\u2019affaires !<\/p>\n<p>Ce bar \u00e9ph\u00e9m\u00e8re, imagin\u00e9 comme un v\u00e9ritable repaire de fans, prendra ses quartiers<strong> <\/strong>au<strong> Oxygen La D\u00e9fense (Esplanade de La D\u00e9fense, 92800 Puteaux)<\/strong> pour trois jours de c\u00e9l\u00e9brations metalleuses :<\/p>\n<ul>\n<li>Jeudi 18 juillet : 18h \u00e0 00h<\/li>\n<li>Vendredi 19 juillet : 12h \u00e0 2h<\/li>\n<li>Samedi 20 juillet : 12h \u00e0 2h<\/li>\n<\/ul>\n<p>L\u2019entr\u00e9e est libre et ouverte \u00e0 tous, que vous ayez vos billets pour les concerts ou non. Une belle occasion de se plonger dans l\u2019univers du groupe, d\u2019\u00e9changer avec d\u2019autres fans, et de trinquer \u00e0 la sant\u00e9 d\u2019<strong>Eddie<\/strong> avec une pinte de <strong>Trooper<\/strong>, un verre de <strong>Darkest Red<\/strong>, ou un snack dans une ambiance 100% <strong>Maiden<\/strong>.<\/p>\n<p>Le lieu proposera \u00e9galement du merchandising exclusif, dont des produits en \u00e9dition limit\u00e9e disponibles uniquement sur place, sans file d\u2019attente. Un bon moyen de repartir avec un souvenir collector ou de compl\u00e9ter sa collection avant le show.<\/p>\n<p>D\u00e9j\u00e0 pass\u00e9 par plusieurs villes europ\u00e9ennes au fil de la tourn\u00e9e \u2013 notamment <strong>Budapest<\/strong>, <strong>Oslo<\/strong>, <strong>Stockholm<\/strong> ou <strong>Barcelone<\/strong>, le <strong>Eddie\u2019s Dive Bar<\/strong> s\u2019impose comme le point de ralliement incontournable des die hard fans.<\/p>\n<p>Rendez-vous d\u00e8s aujourd\u2019hui pour vivre l\u2019exp\u00e9rience<strong> Eddie<\/strong> comme si vous y \u00e9tiez. Up the Irons, <strong>Paris<\/strong>!<\/p>\n<p>Toutes les infos sur <a href=\"https:\/\/www.ironmaiden.com\/eddies-dive-bar\/\" target=\"_blank\" rel=\"noopener\">ironmaiden.com\/eddies-dive-bar<\/a>.<\/p>\n<p><img loading=\"lazy\" decoding=\"async\" width=\"819\" height=\"1024\" src=\"https:\/\/www.europesays.com\/fr\/wp-content\/uploads\/2025\/07\/520746970_18514786477005146_6710641504978838567_n-819x1024.jpg\" alt=\"\" class=\"wp-image-224403\"\/><\/p>\n","protected":false},"excerpt":{"rendered":"\u00c0 l\u2019approche de sa double date \u00e0 la Paris La D\u00e9fense Arena les 19 et 20 juillet dans&hellip;\n","protected":false},"author":2,"featured_media":256815,"comment_status":"","ping_status":"","sticky":false,"template":"","format":"standard","meta":{"footnotes":""},"categories":[1888],"tags":[1111,1928,11,1927,39670,1777,674,1011,27,25292,12,1926,39671,626,1925,25],"class_list":{"0":"post-256814","1":"post","2":"type-post","3":"status-publish","4":"format-standard","5":"has-post-thumbnail","7":"category-paris","8":"tag-actu","9":"tag-actu-paris","10":"tag-actualites","11":"tag-actualites-paris","12":"tag-eddies-dive-bar","13":"tag-eu","14":"tag-europe","15":"tag-fr","16":"tag-france","17":"tag-iron-maiden","18":"tag-news","19":"tag-news-paris","20":"tag-oxygen","21":"tag-paris","22":"tag-paris-news","23":"tag-republique-francaise"},"share_on_mastodon":{"url":"https:\/\/pubeurope.com\/@fr\/114875286451220400","error":""},"_links":{"self":[{"href":"https:\/\/www.europesays.com\/fr\/wp-json\/wp\/v2\/posts\/256814","targetHints":{"allow":["GET"]}}],"collection":[{"href":"https:\/\/www.europesays.com\/fr\/wp-json\/wp\/v2\/posts"}],"about":[{"href":"https:\/\/www.europesays.com\/fr\/wp-json\/wp\/v2\/types\/post"}],"author":[{"embeddable":true,"href":"https:\/\/www.europesays.com\/fr\/wp-json\/wp\/v2\/users\/2"}],"replies":[{"embeddable":true,"href":"https:\/\/www.europesays.com\/fr\/wp-json\/wp\/v2\/comments?post=256814"}],"version-history":[{"count":0,"href":"https:\/\/www.europesays.com\/fr\/wp-json\/wp\/v2\/posts\/256814\/revisions"}],"wp:featuredmedia":[{"embeddable":true,"href":"https:\/\/www.europesays.com\/fr\/wp-json\/wp\/v2\/media\/256815"}],"wp:attachment":[{"href":"https:\/\/www.europesays.com\/fr\/wp-json\/wp\/v2\/media?parent=256814"}],"wp:term":[{"taxonomy":"category","embeddable":true,"href":"https:\/\/www.europesays.com\/fr\/wp-json\/wp\/v2\/categories?post=256814"},{"taxonomy":"post_tag","embeddable":true,"href":"https:\/\/www.europesays.com\/fr\/wp-json\/wp\/v2\/tags?post=256814"}],"curies":[{"name":"wp","href":"https:\/\/api.w.org\/{rel}","templated":true}]}}