{"id":256818,"date":"2025-07-18T16:56:11","date_gmt":"2025-07-18T16:56:11","guid":{"rendered":"https:\/\/www.europesays.com\/fr\/256818\/"},"modified":"2025-07-18T16:56:11","modified_gmt":"2025-07-18T16:56:11","slug":"pourquoi-la-2eme-circonscription-de-paris-attire-toutes-les-convoitises","status":"publish","type":"post","link":"https:\/\/www.europesays.com\/fr\/256818\/","title":{"rendered":"pourquoi la 2\u00e8me circonscription de Paris attire toutes les convoitises"},"content":{"rendered":"<p class=\"article-p mdl\">Une guerre de territoires. Sur les 18 circonscriptions que compte Paris, la deuxi\u00e8me fait l&rsquo;objet depuis quelques jours de multiples convoitises. Notamment au sein des R\u00e9publicains.\u00a0<a class=\"link\" href=\"https:\/\/www.rtl.fr\/actu\/politique\/legislative-partielle-agacee-rachida-dati-entame-un-match-avec-michel-barnier-a-paris-7900524249\" title=\"L\u00e9gislative partielle : &quot;agac\u00e9e&quot;, Rachida Dati entame un match avec Michel Barnier \u00e0 Paris\" target=\"_blank\" rel=\"noopener\">Une fois n&rsquo;est pas coutume, la capitale est le th\u00e9\u00e2tre de guerres fratricides \u00e0 droite<\/a>.\u00a0<\/p>\n<p class=\"article-p mdl\">Le 11 juillet dernier,\u00a0<a class=\"link\" href=\"https:\/\/www.rtl.fr\/actu\/politique\/trois-deputes-contraints-de-demissionner-apres-avoir-ete-declares-ineligibles-par-le-conseil-constitutionnel-7900523130\" title=\"Trois d\u00e9put\u00e9s contraints de d\u00e9missionner apr\u00e8s avoir \u00e9t\u00e9 d\u00e9clar\u00e9s in\u00e9ligibles par le Conseil constitutionnel\" target=\"_blank\" rel=\"noopener\">le Conseil constitutionnel a d\u00e9clar\u00e9 in\u00e9ligible le d\u00e9put\u00e9 Renaissance de la 2\u00e8me circonscription de Paris Jean Laussucq<\/a>. Quelques jours plus tard, Michel Barnier a officialis\u00e9 sa candidature \u00e0 la l\u00e9gislative partielle. Cette d\u00e9cision a pris de court\u00a0<a class=\"link\" href=\"https:\/\/www.rtl.fr\/sujet\/rachida-dati\" target=\"_blank\" rel=\"noopener\">Rachida Dati<\/a>\u00a0qui craint de voir son influence s&rsquo;amenuiser \u00e0 neuf mois des \u00e9lections municipales \u00e0 Paris. La r\u00e9plique est imm\u00e9diate : la ministre de la Culture a fait savoir qu&rsquo;elle envisageait aussi de se pr\u00e9senter. R\u00e9actions en cascade : l&rsquo;ancien membre de l&rsquo;UMP, depuis engag\u00e9 au Rassemblement national, Thierry Mariani, a annonc\u00e9 sa candidature.\u00a0<\/p>\n<p class=\"article-p mdl\">Outre la bataille \u00e9lectorale qui s&rsquo;annonce, la candidature de Michel Barnier vient fissurer le socle commun. Les tensions pourraient aussi se propager jusqu&rsquo;\u00e0 Renaissance.<\/p>\n<p>            Renaissance sur la touche ?<\/p>\n<p class=\"article-p mdl\">Cit\u00e9 par l&rsquo;AFP un cadre de\u00a0Renaissance\u00a0d\u00e9plore \u00ab\u00a0une m\u00e9thode maladroite\u00a0\u00bb de la part de l&rsquo;ancien Premier ministre qui estime pourtant \u00eatre l&rsquo;instigateur du socle commun. Selon le cadre macroniste, il aurait m\u00eame \u00ab\u00a0fait voler en \u00e9clats\u00a0\u00bb les discussions en cours entre Rachida Dati et Renaissance pour d\u00e9signer un successeur au d\u00e9put\u00e9 Jean Laussucq.<\/p>\n<p class=\"article-p mdl\">\u00ab\u00a0Ni elle ni Gabriel Attal n&rsquo;ont r\u00e9pondu aux appels de Michel Barnier\u00a0\u00bb, s&rsquo;agace aupr\u00e8s de l&rsquo;AFP un dirigeant des R\u00e9publicains. Une information nuanc\u00e9e par le cadre Renaissance qui \u00e9voque un coup de fil entre les deux t\u00e9nors LR, \u00ab\u00a0mais il a voulu passer en force\u00a0\u00bb. <\/p>\n<p class=\"article-p mdl\">Le parti pr\u00e9sidentiel Renaissance devrait investir deux candidats pour des \u00e9lections l\u00e9gislatives partielles \u00e0 venir dans une circonscription des Fran\u00e7ais de l&rsquo;\u00e9tranger et une autre du Tarn-et-Garonne, a appris l&rsquo;AFP ce vendredi 18 juillet d&rsquo;un cadre du parti.\u00a0Le nom de la ministre d\u00e9l\u00e9gu\u00e9e \u00e0 l&rsquo;Intelligence artificielle et au Num\u00e9rique <strong>Clara Chappaz<\/strong> (Renaissance) a aussi circul\u00e9 pour y pr\u00e9tendre, suscitant la surprise dans les rangs du parti.<\/p>\n<p>            Retailleau soutient Barnier, au d\u00e9triment de Dati<\/p>\n<p class=\"article-p mdl\">Le match dans le match. <strong>Bruno Retailleau a r\u00e9it\u00e9r\u00e9 son soutien \u00e0 la candidature de Michel Barnier face \u00e0 Rachida Dati<\/strong>. \u00ab\u00a0Nous n&rsquo;avons pas de d\u00e9put\u00e9 LR \u00e0 Paris et ce n&rsquo;est pas normal, surtout dans une circonscription qui fut longtemps d\u00e9tenue par des d\u00e9put\u00e9s LR\u00a0\u00bb, a affirm\u00e9 le ministre de l&rsquo;Int\u00e9rieur dans une interview du\u00a0<a class=\"link\" href=\"https:\/\/www.lefigaro.fr\/politique\/en-2027-je-ferai-tout-pour-faire-gagner-la-droite-budget-immigration-sansal-algerie-le-grand-entretien-de-bruno-retailleau-au-figaro-20250718\" target=\"_blank\" rel=\"noopener\">Figaro<\/a>.\u00a0<br \/>\u00a0<br \/>Le pr\u00e9sident des R\u00e9publicains a toutefois d\u00e9menti que le Savoyard ait l&rsquo;intention de se pr\u00e9senter \u00e0 la mairie de Paris, au cas o\u00f9 Rachida Dati serait \u00ab\u00a0emp\u00each\u00e9e\u00a0\u00bb apr\u00e8s sa mise en examen dans\u00a0<a class=\"link\" href=\"https:\/\/www.rtl.fr\/actu\/politique\/affaire-carlos-ghosn-tout-comprendre-a-la-procedure-qui-vise-rachida-dati-7900519410\" title=\"Affaire Carlos Ghosn : tout comprendre \u00e0 la proc\u00e9dure qui vise Rachida Dati\" target=\"_blank\" rel=\"noopener\">une affaire de corruption avec l&rsquo;ex-patron de Renault Carlos Ghosn<\/a>. Son ambition \u00ab\u00a0n&rsquo;est pas tourn\u00e9e vers l&rsquo;H\u00f4tel de ville, comme l&rsquo;imaginent certains\u00a0\u00bb, a-t-il assur\u00e9.\u00a0\u00a0<\/p>\n<p class=\"article-p mdl\">Pour le pr\u00e9sident des\u00a0<a class=\"link\" href=\"https:\/\/www.rtl.fr\/sujet\/les-republicains\" target=\"_blank\" rel=\"noopener\">R\u00e9publicains<\/a>, si tous les deux se pr\u00e9sentent, ce sera \u00e0 la Commission nationale d&rsquo;investiture (CNI) du parti\u00a0Les R\u00e9publicains\u00a0de \u00ab\u00a0trancher et, in fine, les \u00e9lecteurs\u00a0\u00bb.\u00a0<\/p>\n<p>            \u00ab\u00a0Les deux ont trop \u00e0 perdre\u00a0\u00bb<\/p>\n<p class=\"article-p mdl\">Selon le num\u00e9ro 2 de la f\u00e9d\u00e9ration LR de Paris,\u00a0Jack-Yves\u00a0Bohbot, \u00ab\u00a0elle confond les enjeux\u00a0\u00bb. Ce dernier craint \u00ab\u00a0une division de la droite\u00a0\u00bb dans une circonscription o\u00f9 la socialiste Marine Rosset avait cr\u00e9\u00e9 la surprise l&rsquo;an dernier en arrivant en t\u00eate au premier tour et en obtenant 44% des voix au second, finalement remport\u00e9 par Jean Laussucq.<\/p>\n<p>La victoire est d\u00e9sormais \u00ab\u00a0plus dure\u00a0\u00bb \u00e0 obtenir dans ce fief historique de la droite surtout si les deux figures LR se lancent dans la course, observe un dirigeant macroniste.<\/p>\n<p>\u00ab\u00a0Les deux ont trop \u00e0 perdre\u00a0\u00bb, estime cette source, qui refuse de c\u00e9der le si\u00e8ge Renaissance \u00ab\u00a0en pure perte\u00a0\u00bb aux R\u00e9publicains, d&rsquo;autant que la droite lui a d\u00e9j\u00e0 ravi un d\u00e9put\u00e9 lors d&rsquo;une autre partielle en d\u00e9but d&rsquo;ann\u00e9e \u00e0 Boulogne-Billancourt (Hauts-de-Seine).<\/p>\n<p>    La r\u00e9daction vous recommande<\/p>\n<p class=\"s-newsletter__title\">\n                L\u2019actualit\u00e9 par la r\u00e9daction de RTL dans votre bo\u00eete mail.\n            <\/p>\n<p class=\"s-newsletter__subtitle\">\n                Gr\u00e2ce \u00e0 votre compte RTL abonnez-vous \u00e0 la newsletter RTL info pour suivre toute l&rsquo;actualit\u00e9 au quotidien\n            <\/p>\n<p>\n                                    Lire la suite\n                                <\/p>\n","protected":false},"excerpt":{"rendered":"Une guerre de territoires. Sur les 18 circonscriptions que compte Paris, la deuxi\u00e8me fait l&rsquo;objet depuis quelques jours&hellip;\n","protected":false},"author":2,"featured_media":256819,"comment_status":"","ping_status":"","sticky":false,"template":"","format":"standard","meta":{"footnotes":""},"categories":[1888],"tags":[11,8513,1777,674,107,1011,27,27636,12,626,417,25,39672],"class_list":{"0":"post-256818","1":"post","2":"type-post","3":"status-publish","4":"format-standard","5":"has-post-thumbnail","7":"category-paris","8":"tag-actualites","9":"tag-elections-legislatives","10":"tag-eu","11":"tag-europe","12":"tag-fil-info","13":"tag-fr","14":"tag-france","15":"tag-michel-barnier","16":"tag-news","17":"tag-paris","18":"tag-rachida-dati","19":"tag-republique-francaise","20":"tag-thierry-mariani"},"share_on_mastodon":{"url":"https:\/\/pubeurope.com\/@fr\/114875294471800659","error":""},"_links":{"self":[{"href":"https:\/\/www.europesays.com\/fr\/wp-json\/wp\/v2\/posts\/256818","targetHints":{"allow":["GET"]}}],"collection":[{"href":"https:\/\/www.europesays.com\/fr\/wp-json\/wp\/v2\/posts"}],"about":[{"href":"https:\/\/www.europesays.com\/fr\/wp-json\/wp\/v2\/types\/post"}],"author":[{"embeddable":true,"href":"https:\/\/www.europesays.com\/fr\/wp-json\/wp\/v2\/users\/2"}],"replies":[{"embeddable":true,"href":"https:\/\/www.europesays.com\/fr\/wp-json\/wp\/v2\/comments?post=256818"}],"version-history":[{"count":0,"href":"https:\/\/www.europesays.com\/fr\/wp-json\/wp\/v2\/posts\/256818\/revisions"}],"wp:featuredmedia":[{"embeddable":true,"href":"https:\/\/www.europesays.com\/fr\/wp-json\/wp\/v2\/media\/256819"}],"wp:attachment":[{"href":"https:\/\/www.europesays.com\/fr\/wp-json\/wp\/v2\/media?parent=256818"}],"wp:term":[{"taxonomy":"category","embeddable":true,"href":"https:\/\/www.europesays.com\/fr\/wp-json\/wp\/v2\/categories?post=256818"},{"taxonomy":"post_tag","embeddable":true,"href":"https:\/\/www.europesays.com\/fr\/wp-json\/wp\/v2\/tags?post=256818"}],"curies":[{"name":"wp","href":"https:\/\/api.w.org\/{rel}","templated":true}]}}