{"id":256820,"date":"2025-07-18T16:57:10","date_gmt":"2025-07-18T16:57:10","guid":{"rendered":"https:\/\/www.europesays.com\/fr\/256820\/"},"modified":"2025-07-18T16:57:10","modified_gmt":"2025-07-18T16:57:10","slug":"berlin-londres-paris-une-nouvelle-alliance-militariste-et-liberale-pour-faire-front-contre-trump-et-la-russie","status":"publish","type":"post","link":"https:\/\/www.europesays.com\/fr\/256820\/","title":{"rendered":"Berlin, Londres, Paris\u2026 Une nouvelle alliance militariste et lib\u00e9rale pour faire front contre Trump et la Russie"},"content":{"rendered":"<p>Berlin, Londres et Paris forment-ils une nouvelle triple alliance\u00a0? Depuis quelques mois, les trois puissances ont multipli\u00e9 les convergences. Ce rapprochement a \u00e9t\u00e9 initi\u00e9 avec le retour \u00e0 la Maison Blanche fin janvier de Donald Trump, qui a clairement remis en cause les liens transatlantiques s\u00e9curitaire et \u00e9conomique.<\/p>\n<p>En l\u2019espace d\u2019une semaine, le premier ministre britannique Keir Starmer a re\u00e7u tour \u00e0 tour, \u00e0 Londres, <a href=\"https:\/\/www.humanite.fr\/societe\/emmanuel-macron\/laccord-du-un-pour-un-entre-londres-et-paris-une-deshumanisation-terrible\" target=\"_blank\" rel=\"noopener\">le pr\u00e9sident fran\u00e7ais Emmanuel Macron <\/a>et le <a href=\"https:\/\/www.humanite.fr\/monde\/allemagne\/une-premiere-dans-lhistoire-de-la-republique-federale-allemande-friedrich-merz-battu-au-bundestag-rate-son-entree-en-scene\" target=\"_blank\" rel=\"noopener\">chancelier Friedrich Merz<\/a> pour avancer sur deux th\u00e9matiques\u00a0: la d\u00e9fense et l\u2019immigration. Le responsable du Labour a sign\u00e9 ce jeudi 17\u00a0juillet un trait\u00e9 de grande envergure portant sur la d\u00e9fense mutuelle, la coop\u00e9ration \u00e9conomique et d\u2019autres partenariats avec le dirigeant conservateur allemand.<\/p>\n<p>Dans la capitale anglaise, Keir Starmer et Friedrich Merz ont align\u00e9 leur vision sur <a href=\"https:\/\/www.humanite.fr\/monde\/allemagne\/pas-encore-elu-par-le-bundestag-friedrich-merz-annonce-mesures-anti-immigration-deregulations-et-course-a-larmement\" target=\"_blank\" rel=\"noopener\">l\u2019immigration et sa criminalisation<\/a>. Le premier ministre britannique s\u2019est dit \u00ab\u00a0tr\u00e8s reconnaissant\u00a0\u00bb envers l\u2019Allemagne, qui a accept\u00e9 de modifier cette ann\u00e9e sa l\u00e9gislation pour criminaliser la facilitation de l\u2019immigration clandestine vers le Royaume-Uni.<\/p>\n<p>Une fuite en avant militariste<\/p>\n<p>La signature du trait\u00e9 de Kensington, le premier pacte officiel entre le Royaume-Uni et l\u2019Allemagne depuis la seconde guerre mondiale,  d\u00e9finit <\/p>\n","protected":false},"excerpt":{"rendered":"Berlin, Londres et Paris forment-ils une nouvelle triple alliance\u00a0? Depuis quelques mois, les trois puissances ont multipli\u00e9 les&hellip;\n","protected":false},"author":2,"featured_media":256821,"comment_status":"","ping_status":"","sticky":false,"template":"","format":"standard","meta":{"footnotes":""},"categories":[1591],"tags":[11,1898,1073,1887,4710,2581,4534,12,626,1885,1886,132],"class_list":{"0":"post-256820","1":"post","2":"type-post","3":"status-publish","4":"format-standard","5":"has-post-thumbnail","7":"category-russie","8":"tag-actualites","9":"tag-berlin","10":"tag-emmanuel-macron","11":"tag-federation-de-russie","12":"tag-friedrich-merz","13":"tag-keir-starmer","14":"tag-londres","15":"tag-news","16":"tag-paris","17":"tag-russia","18":"tag-russian-federation","19":"tag-russie"},"share_on_mastodon":{"url":"https:\/\/pubeurope.com\/@fr\/114875298211254195","error":""},"_links":{"self":[{"href":"https:\/\/www.europesays.com\/fr\/wp-json\/wp\/v2\/posts\/256820","targetHints":{"allow":["GET"]}}],"collection":[{"href":"https:\/\/www.europesays.com\/fr\/wp-json\/wp\/v2\/posts"}],"about":[{"href":"https:\/\/www.europesays.com\/fr\/wp-json\/wp\/v2\/types\/post"}],"author":[{"embeddable":true,"href":"https:\/\/www.europesays.com\/fr\/wp-json\/wp\/v2\/users\/2"}],"replies":[{"embeddable":true,"href":"https:\/\/www.europesays.com\/fr\/wp-json\/wp\/v2\/comments?post=256820"}],"version-history":[{"count":0,"href":"https:\/\/www.europesays.com\/fr\/wp-json\/wp\/v2\/posts\/256820\/revisions"}],"wp:featuredmedia":[{"embeddable":true,"href":"https:\/\/www.europesays.com\/fr\/wp-json\/wp\/v2\/media\/256821"}],"wp:attachment":[{"href":"https:\/\/www.europesays.com\/fr\/wp-json\/wp\/v2\/media?parent=256820"}],"wp:term":[{"taxonomy":"category","embeddable":true,"href":"https:\/\/www.europesays.com\/fr\/wp-json\/wp\/v2\/categories?post=256820"},{"taxonomy":"post_tag","embeddable":true,"href":"https:\/\/www.europesays.com\/fr\/wp-json\/wp\/v2\/tags?post=256820"}],"curies":[{"name":"wp","href":"https:\/\/api.w.org\/{rel}","templated":true}]}}