{"id":256828,"date":"2025-07-18T17:01:09","date_gmt":"2025-07-18T17:01:09","guid":{"rendered":"https:\/\/www.europesays.com\/fr\/256828\/"},"modified":"2025-07-18T17:01:09","modified_gmt":"2025-07-18T17:01:09","slug":"et-si-cette-fois-cetait-vraiment-la-bonne","status":"publish","type":"post","link":"https:\/\/www.europesays.com\/fr\/256828\/","title":{"rendered":"et si cette fois, c\u2019\u00e9tait (vraiment) la bonne\u00a0?"},"content":{"rendered":"<p>Apr\u00e8s un premier tour tr\u00e8s r\u00e9ussi, l\u2019\u00e9quipe de France se surprend \u00e0 r\u00eaver du titre \u00e0 l\u2019Euro f\u00e9minin. \u00c0 condition de franchir le redoutable obstacle allemand en quarts de finale.<\/p>\n<p class=\"fig-paragraph\">Des tasses de th\u00e9 fictives, Amel Majri et Sakina Karchaoui esp\u00e8rent encore en boire quelques-unes. La premi\u00e8re a marqu\u00e9 contre\u00a0<a href=\"http:\/\/www.lefigaro.fr\/flash-sport\/france-pays-de-galles-mateo-omnipresente-diani-incisive-la-gardienne-galloise-scandaleuse-les-tops-flops-20250710\" data-fig-type=\"NewsFlash\" data-gtm-custom-categorie=\"navigation\" data-gtm-custom-action=\"crossclick\" data-gtm-custom-label=\"Contextuel\" data-gtm-event=\"customEventSPE\" data-fig-domain=\"LEFIGARO\" target=\"_blank\" rel=\"noopener\">le pays de Galles<\/a>, la seconde\u00a0<a href=\"http:\/\/www.lefigaro.fr\/sports\/football\/euro\/pays-bas-france-reine-cascarino-festival-offensif-le-calvaire-des-oranje-les-tops-et-les-flops-20250714\" data-fig-type=\"NewsFlash\" data-gtm-custom-categorie=\"navigation\" data-gtm-custom-action=\"crossclick\" data-gtm-custom-label=\"Contextuel\" data-gtm-event=\"customEventSPE\" data-fig-domain=\"LEFIGARO\" target=\"_blank\" rel=\"noopener\">contre les Pays-Bas<\/a>, et elles ont \u00e0 chaque fois c\u00e9l\u00e9br\u00e9 en mimant de servir une boisson \u00e0 l\u2019autre avant une gorg\u00e9e cul sec. Un symbole de cette \u00e9quipe de France en bonne sant\u00e9 avant de d\u00e9fier l\u2019Allemagne, samedi (21h) en quarts de finale de l\u2019Euro f\u00e9minin.<\/p>\n<p class=\"fig-paragraph\">La confiance est \u00e0 son paroxysme chez les Bleues, victorieuses de leurs trois matches de la phase de groupes face aux Anglaises championnes en titre (2-1), aux Gallois (4-1) et\u00a0<a href=\"http:\/\/www.lefigaro.fr\/sports\/football\/euro\/euro-feminin-la-france-renverse-les-pays-bas-et-assure-sa-qualification-en-quarts-20250713\" data-fig-type=\"NewsFlash\" data-gtm-custom-categorie=\"navigation\" data-gtm-custom-action=\"crossclick\" data-gtm-custom-label=\"Contextuel\" data-gtm-event=\"customEventSPE\" data-fig-domain=\"LEFIGARO\" target=\"_blank\" rel=\"noopener\">aux N\u00e9erlandaises (5-2)<\/a>. \u00abC\u2019\u00e9tait une poule pas facile, la poule de la mort\u00bb, rappelait \u00e0 juste Delphine Cascarino\u00a0<a href=\"http:\/\/www.lefigaro.fr\/sports\/football\/euro\/euro-feminin-en-video-le-bijou-de-delphine-cascarino-lors-de-pays-bas-france-20250713\" data-fig-type=\"NewsFlash\" data-gtm-custom-categorie=\"navigation\" data-gtm-custom-action=\"crossclick\" data-gtm-custom-label=\"Contextuel\" data-gtm-event=\"customEventSPE\" data-fig-domain=\"LEFIGARO\" target=\"_blank\" rel=\"noopener\">apr\u00e8s avoir sign\u00e9 deux buts<\/a>\u00a0et une passe d\u00e9cisive contre les Pays-Bas.<\/p>\n<p>                                    <a class=\"fig-a11y-skip a11y-hidden\" href=\"#fig-a11y-skip-main-inarticle\"><br \/>\n        Passer la publicit\u00e9<br \/>\n    <\/a><\/p>\n<p>Des Bleues marqu\u00e9es au fer de l\u2019abn\u00e9gation<\/p>\n<p class=\"fig-paragraph\">L\u2019aili\u00e8re tricolore n\u2019\u00e9ludait pas \u00abquelque temps faibles dans ce match\u00bb. Comme dans tous les matches, d\u2019ailleurs.\u00a0<a href=\"http:\/\/www.lefigaro.fr\/sports\/football\/france-angleterre-katoto-montre-la-voie-les-anglaises-n-ont-pas-vu-le-jour-les-tops-et-les-flops-de-l-entree-en-lice-des-bleues-a-l-euro-20250706\" data-fig-type=\"NewsFlash\" data-gtm-custom-categorie=\"navigation\" data-gtm-custom-action=\"crossclick\" data-gtm-custom-label=\"Contextuel\" data-gtm-event=\"customEventSPE\" data-fig-domain=\"LEFIGARO\" target=\"_blank\" rel=\"noopener\">Contre l\u2019Angleterre<\/a>, un d\u00e9but de partie rat\u00e9 et un but refus\u00e9 aux \u00abLionesses\u00bb avaient secou\u00e9 les Bleues. Le pays de Galles, Petit Poucet de l\u2019Euro 2025, avait \u00e9galis\u00e9 (1-1) et les Pays-Bas menaient \u00e0 la mi-temps (1-2).<\/p>\n<p class=\"fig-body-link\">\n            \u00c0 lire aussi<br \/>\n        <a class=\"fig-body-link__link\" href=\"http:\/\/www.lefigaro.fr\/sports\/football\/france-allemagne-a-quelle-heure-et-sur-quelle-chaine-suivre-le-quart-de-finale-des-bleues-a-l-euro-feminin-20250715\" data-fig-type=\"NewsFlash\" data-gtm-custom-categorie=\"navigation\" data-gtm-custom-action=\"crossclick\" data-gtm-custom-label=\"Contextuel\" data-gtm-event=\"customEventSPE\" data-fig-domain=\"LEFIGARO\" target=\"_blank\" rel=\"noopener\">France-Allemagne: \u00e0 quelle heure et sur quelle cha\u00eene suivre le quart de finale des Bleues \u00e0 l\u2019Euro f\u00e9minin\u00a0?<br \/>\n    <\/a>\n<\/p>\n<p class=\"fig-paragraph\">Mais cette \u00e9quipe de France est marqu\u00e9e au fer de l\u2019abn\u00e9gation, renversant ses adversaires les unes apr\u00e8s les autres. \u00ab\u00c7a donne beaucoup de confiance pour la suite. On a franchi une \u00e9tape avec l\u2019\u00e9quipe, mentalement et collectivement on est tr\u00e8s bien\u00bb, savourait Cascarino.<\/p>\n<p class=\"fig-paragraph\">La France a les qualit\u00e9s techniques pour contr\u00f4ler le jeu et le tempo, m\u00eame face aux meilleures nations mondiales. Le coaching de Laurent Bonadei s\u2019associe \u00e0 un effectif dense. \u00abLes vingt-trois (joueuses) sont capables d\u2019apporter. C\u2019est notre force\u00bb, vantait\u00a0<a href=\"http:\/\/www.lefigaro.fr\/sports\/football\/euro\/elisa-de-almeida-au-figaro-avant-l-euro-feminin-cet-engouement-ou-les-gens-veulent-nous-voir-gagner-notre-premier-titre-ca-aide-20250704\" data-fig-type=\"NewsFlash\" data-gtm-custom-categorie=\"navigation\" data-gtm-custom-action=\"crossclick\" data-gtm-custom-label=\"Contextuel\" data-gtm-event=\"customEventSPE\" data-fig-domain=\"LEFIGARO\" target=\"_blank\" rel=\"noopener\">Elisa De Almeida<\/a>. \u00c7a et ce feu int\u00e9rieur qui ne s\u2019\u00e9teint jamais.<\/p>\n<blockquote class=\"fig-quote&#10;    \">\n<p class=\"fig-quote__text\">On reste avec cet \u00e9tat d\u2019esprit de challenger, avec de l\u2019ambition.<\/p>\n<p>            Laurent Bonadei, s\u00e9lectionneur de l\u2019\u00e9quipe de France\n    <\/p><\/blockquote>\n<p class=\"fig-paragraph\">\u00abOn peut parler de talent, de tactique, de technique, mais aujourd\u2019hui ce qui me pla\u00eet dans cette \u00e9quipe de France, c\u2019est qu\u2019elle a du caract\u00e8re, qu\u2019elle fait des efforts ensemble, elle ne renonce pas, elle d\u00e9fend fi\u00e8rement le drapeau fran\u00e7ais\u00bb, s\u2019enflammait Bonadei apr\u00e8s le dernier match de pr\u00e9paration \u00e0 l\u2019Euro,\u00a0<a href=\"http:\/\/www.lefigaro.fr\/sports\/football\/equipe-de-france\/foot-f-les-bleues-renversent-le-bresil-avant-l-euro-feminin-20250627\" data-fig-type=\"NewsFlash\" data-gtm-custom-categorie=\"navigation\" data-gtm-custom-action=\"crossclick\" data-gtm-custom-label=\"Contextuel\" data-gtm-event=\"customEventSPE\" data-fig-domain=\"LEFIGARO\" target=\"_blank\" rel=\"noopener\">une victoire de prestige renversante face au Br\u00e9sil<\/a>\u00a0(3-2 apr\u00e8s avoir \u00e9t\u00e9 men\u00e9 0-2) qui allait donner le ton.<\/p>\n<p class=\"fig-paragraph\">Au-del\u00e0 de sa s\u00e9rie de trois victoires en championnat d\u2019Europe, la France cumule d\u00e9sormais 11 succ\u00e8s d\u2019affil\u00e9e toutes comp\u00e9titions confondues. \u00abOn reste avec cet \u00e9tat d\u2019esprit de challenger, avec de l\u2019ambition\u00bb, mod\u00e8re Bonadei dans un num\u00e9ro d\u2019\u00e9quilibriste. Pas question de mettre la charrue avant les b\u0153ufs. Aux yeux de<a href=\"http:\/\/www.lefigaro.fr\/sports\/jeux-olympiques\/herve-renard-mon-reve-gagner-une-medaille-et-faire-le-marathon-des-jo-de-paris-2024-20240724\" data-fig-type=\"Article\" data-gtm-custom-categorie=\"navigation\" data-gtm-custom-action=\"crossclick\" data-gtm-custom-label=\"Contextuel\" data-gtm-event=\"customEventSPE\" data-fig-domain=\"LEFIGARO\" target=\"_blank\" rel=\"noopener\">\u00a0l\u2019ancien adjoint d\u2019Herv\u00e9 Renard<\/a>, l\u2019Allemagne reste favorite.<\/p>\n<p>                                    <a class=\"fig-a11y-skip a11y-hidden\" href=\"#fig-a11y-skip-main-inarticle_mtf\"><br \/>\n        Passer la publicit\u00e9<br \/>\n    <\/a><\/p>\n<p>Mbock de retour contre l\u2019Allemagne<\/p>\n<p class=\"fig-paragraph\">\u00abElle est devant nous au classement Fifa (3e, la France est 10e). Elles ont \u00e9t\u00e9\u00a0<a href=\"http:\/\/www.lefigaro.fr\/sports\/football\/euro\/euro-feminin-la-suede-sans-pitie-pour-l-allemagne-pour-remporter-le-groupe-c-20250713\" data-fig-type=\"NewsFlash\" data-gtm-custom-categorie=\"navigation\" data-gtm-custom-action=\"crossclick\" data-gtm-custom-label=\"Contextuel\" data-gtm-event=\"customEventSPE\" data-fig-domain=\"LEFIGARO\" target=\"_blank\" rel=\"noopener\">lourdement battues par la Su\u00e8de (4-1)<\/a> , elles vont certainement se remobiliser\u00bb, analyse Bonadei, qui a fait travailler ses joueuses sur \u00abla gestion des longs ballons, le pressing, le curseur d\u2019agressivit\u00e9 collective\u00bb, soit les faiblesses d\u00e9tect\u00e9es jusqu\u2019ici, surtout dans les entames de match.<\/p>\n<p class=\"fig-paragraph\">Les Bleues, qui ont eu cinq de jours de repos avant ce quart de finale, pourront enfin compter sur\u00a0<a href=\"http:\/\/www.lefigaro.fr\/sports\/football\/euro\/euro-feminin-qui-est-griedge-mbock-la-capitaine-sagesse-des-bleues-20250702\" data-fig-type=\"NewsFlash\" data-gtm-custom-categorie=\"navigation\" data-gtm-custom-action=\"crossclick\" data-gtm-custom-label=\"Contextuel\" data-gtm-event=\"customEventSPE\" data-fig-domain=\"LEFIGARO\" target=\"_blank\" rel=\"noopener\">leur capitaine et d\u00e9fenseuse Griedge Mbock<\/a>, touch\u00e9e \u00e0 un mollet avant le d\u00e9but de l\u2019Euro. Marie-Antoinette Katoto, buteuse contre l\u2019Angleterre et les Pays-Bas, devrait \u00eatre reconduite \u00e0 la pointe de l\u2019attaque.<\/p>\n<p class=\"fig-paragraph\">Le plus gros facteur\u00a0X est peut-\u00eatre la gestion psychologique de ce rendez-vous, pour des Bleues qui n\u2019ont d\u00e9pass\u00e9 les quarts qu\u2019une fois sur les neuf derni\u00e8res grandes comp\u00e9titions (Euro, Coupe du monde et JO). C\u2019\u00e9tait il y a trois ans, \u00e0 l\u2019Euro 2022, et elles avaient perdu\u00a0<a href=\"http:\/\/www.lefigaro.fr\/sports\/football\/euro-feminin-l-allemagne-brise-les-reves-bleus-20220727\" data-fig-type=\"NewsFlash\" data-gtm-custom-categorie=\"navigation\" data-gtm-custom-action=\"crossclick\" data-gtm-custom-label=\"Contextuel\" data-gtm-event=\"customEventSPE\" data-fig-domain=\"LEFIGARO\" target=\"_blank\" rel=\"noopener\">en demi-finale contre&#8230; l\u2019Allemagne<\/a>. La qu\u00eate de ce premier titre dans l\u2019histoire de l\u2019\u00e9quipe de France f\u00e9minine demeure. Apr\u00e8s un tel d\u00e9but de tournoi, elle est un peu moins un r\u00eave, et un peu plus un objectif.<\/p>\n<p>    <a href=\"https:\/\/photo.lefigaro.fr\/sports\/football\/euro\/putellas-katoto-russo-hegerberg-les-13-joueuses-qui-vont-enflammer-l-euro-2025-20250701\" target=\"_blank\" rel=\"noopener\"><\/p>\n<p class=\"fig-slideshow__title\">\n                    Putellas, Katoto, Russo, Hegerberg&#8230; Les 13 joueuses qui vont enflammer l\u2019Euro f\u00e9minin\n                <\/p>\n<p>Acc\u00e9der au diaporama (13)<\/p>\n<p>    <\/a><\/p>\n","protected":false},"excerpt":{"rendered":"Apr\u00e8s un premier tour tr\u00e8s r\u00e9ussi, l\u2019\u00e9quipe de France se surprend \u00e0 r\u00eaver du titre \u00e0 l\u2019Euro f\u00e9minin.&hellip;\n","protected":false},"author":2,"featured_media":256829,"comment_status":"","ping_status":"","sticky":false,"template":"","format":"standard","meta":{"footnotes":""},"categories":[1587],"tags":[11,672,1804,1805,1803,1777,38852,674,1801,12,1802],"class_list":{"0":"post-256828","1":"post","2":"type-post","3":"status-publish","4":"format-standard","5":"has-post-thumbnail","7":"category-allemagne","8":"tag-actualites","9":"tag-allemagne","10":"tag-bundesrepublik-deutschland","11":"tag-de","12":"tag-deutschland","13":"tag-eu","14":"tag-euro-de-football-feminin","15":"tag-europe","16":"tag-germany","17":"tag-news","18":"tag-republique-federale-dallemagne"},"share_on_mastodon":{"url":"https:\/\/pubeurope.com\/@fr\/114875313913585643","error":""},"_links":{"self":[{"href":"https:\/\/www.europesays.com\/fr\/wp-json\/wp\/v2\/posts\/256828","targetHints":{"allow":["GET"]}}],"collection":[{"href":"https:\/\/www.europesays.com\/fr\/wp-json\/wp\/v2\/posts"}],"about":[{"href":"https:\/\/www.europesays.com\/fr\/wp-json\/wp\/v2\/types\/post"}],"author":[{"embeddable":true,"href":"https:\/\/www.europesays.com\/fr\/wp-json\/wp\/v2\/users\/2"}],"replies":[{"embeddable":true,"href":"https:\/\/www.europesays.com\/fr\/wp-json\/wp\/v2\/comments?post=256828"}],"version-history":[{"count":0,"href":"https:\/\/www.europesays.com\/fr\/wp-json\/wp\/v2\/posts\/256828\/revisions"}],"wp:featuredmedia":[{"embeddable":true,"href":"https:\/\/www.europesays.com\/fr\/wp-json\/wp\/v2\/media\/256829"}],"wp:attachment":[{"href":"https:\/\/www.europesays.com\/fr\/wp-json\/wp\/v2\/media?parent=256828"}],"wp:term":[{"taxonomy":"category","embeddable":true,"href":"https:\/\/www.europesays.com\/fr\/wp-json\/wp\/v2\/categories?post=256828"},{"taxonomy":"post_tag","embeddable":true,"href":"https:\/\/www.europesays.com\/fr\/wp-json\/wp\/v2\/tags?post=256828"}],"curies":[{"name":"wp","href":"https:\/\/api.w.org\/{rel}","templated":true}]}}