{"id":256844,"date":"2025-07-18T17:10:11","date_gmt":"2025-07-18T17:10:11","guid":{"rendered":"https:\/\/www.europesays.com\/fr\/256844\/"},"modified":"2025-07-18T17:10:11","modified_gmt":"2025-07-18T17:10:11","slug":"la-touchante-confession-de-monfils","status":"publish","type":"post","link":"https:\/\/www.europesays.com\/fr\/256844\/","title":{"rendered":"La touchante confession de Monfils"},"content":{"rendered":"<p class=\"date\">\n                                                            Paul Rouget, Media365 : publi\u00e9 le vendredi 18 juillet 2025 \u00e0 16h10\n                                                    <\/p>\n<p>Pour le quatri\u00e8me anniversaire de son mariage avec Elina Svitolina, Ga\u00ebl Monfils a publi\u00e9 un message tr\u00e8s \u00e9mouvant, expliquant que sa \u00ab\u00a0plus grande victoire\u00a0\u00bb \u00e9tait sa petite famille&#8230;<\/p>\n<p>C&rsquo;\u00e9tait il y a quatre ans. Le 16 juillet 2021, Ga\u00ebl Monfils et Elina Svitolina convolaient en justes noces, \u00e0 Nyon (Suisse). Une ann\u00e9e et trois mois plus tard, <a href=\"https:\/\/sports.orange.fr\/tennis\/atp\/article\/monfils-et-svitolina-sont-parents-exclu-CNT000001TCHMa.html\" rel=\"nofollow noopener\" target=\"_blank\">l&rsquo;Ukrainienne donnait naissance \u00e0 une petite fille pr\u00e9nomm\u00e9e Ska\u00ef<\/a>. Et pour f\u00eater leur anniversaire de mariage, le Parisien a publi\u00e9 un message tr\u00e8s touchant.<\/p>\n<p>\u00ab\u00a0Il y a quatre ans, nous nous sommes mari\u00e9s, \u00e9crit <a href=\"https:\/\/sports.orange.fr\/tennis\/atp\/article\/atp-washington-kyrgios-et-monfils-associes-en-double-CNT000002jzYop.html\" rel=\"nofollow noopener\" target=\"_blank\">le futur partenaire de Nick Kyrgios<\/a> sur Instagram, en l\u00e9gende d&rsquo;une photo du couple et de leur fille. Et depuis ce jour, on a construit une vie pleine d&rsquo;amour, de rires et de superbes souvenirs. Aujourd&rsquo;hui, je regarde cette photo&#8230; et je r\u00e9alise que j&rsquo;ai tout. Vous voir toutes les deux est ma plus grande victoire. Merci d&rsquo;\u00eatre l\u00e0, d&rsquo;\u00eatre vous-m\u00eames. Je vous aime toutes les deux plus que tout.\u00a0\u00bb<\/p>\n<p>\u00ab\u00a0Ma femme m&rsquo;a sauv\u00e9\u00a0\u00bb<\/p>\n<p>Monfils, qui avait <a href=\"https:\/\/sports.orange.fr\/tennis\/atp\/article\/atp-insulte-monfils-repond-avec-humour-exclu-CNT000002j6Mt1.html\" rel=\"nofollow noopener\" target=\"_blank\">r\u00e9pondu avec humour aux insultes<\/a> sur le m\u00eame r\u00e9seau social le mois dernier, \u00e9voque r\u00e9guli\u00e8rement l&rsquo;importance de sa femme dans sa vie. En mars, lors d&rsquo;un entretien avec son grand ami Gilles Simon, il avait r\u00e9v\u00e9l\u00e9 qu&rsquo;<a href=\"https:\/\/sports.orange.fr\/tennis\/atp\/article\/monfils-ma-femme-m-a-sauve-exclu-CNT000002i8L5s.html\" rel=\"nofollow noopener\" target=\"_blank\">elle l&rsquo;avait convaincu de poursuivre sa carri\u00e8re en 2022<\/a>, apr\u00e8s une \u00e9ni\u00e8me blessure. \u00ab\u00a0Elina trouve les mots, elle me dit : &lsquo;Je vais revenir aussi&rsquo;. Ma femme m&rsquo;a sauv\u00e9. Elle m&rsquo;a aid\u00e9 \u00e0 retrouver cette petite flamme que l&rsquo;on a et qui, de temps en temps, br\u00fble un peu moins\u00a0\u00bb, avait-il ainsi expliqu\u00e9.<\/p>\n<p>Celle qui occupe le 14e rang au classement WTA, alors que lui est 49e de celui de l&rsquo;ATP, esp\u00e8re <a href=\"https:\/\/sports.orange.fr\/tennis\/roland-garros\/les-bleus\/article\/atp-quand-svitolina-evoque-la-retraite-de-monfils-CNT000002iXPas.html\" rel=\"nofollow noopener\" target=\"_blank\">le voir continuer le plus longtemps possible<\/a>, m\u00eame si elle a bien conscience que l&rsquo;\u00e9pilogue de la carri\u00e8re de la \u00ab\u00a0Monf\u00a0\u00bb est pour bient\u00f4t. Et il y aura \u00ab\u00a0beaucoup de larmes\u00a0\u00bb a-t-elle pr\u00e9dit lors du dernier Roland-Garros. Mais pas seulement au sein de la famille Monfils.<\/p>\n","protected":false},"excerpt":{"rendered":"Paul Rouget, Media365 : publi\u00e9 le vendredi 18 juillet 2025 \u00e0 16h10 Pour le quatri\u00e8me anniversaire de son&hellip;\n","protected":false},"author":2,"featured_media":256845,"comment_status":"","ping_status":"","sticky":false,"template":"","format":"standard","meta":{"footnotes":""},"categories":[1415],"tags":[1011,27,60,1467],"class_list":{"0":"post-256844","1":"post","2":"type-post","3":"status-publish","4":"format-standard","5":"has-post-thumbnail","7":"category-tennis","8":"tag-fr","9":"tag-france","10":"tag-sports","11":"tag-tennis"},"share_on_mastodon":{"url":"https:\/\/pubeurope.com\/@fr\/114875349212029098","error":""},"_links":{"self":[{"href":"https:\/\/www.europesays.com\/fr\/wp-json\/wp\/v2\/posts\/256844","targetHints":{"allow":["GET"]}}],"collection":[{"href":"https:\/\/www.europesays.com\/fr\/wp-json\/wp\/v2\/posts"}],"about":[{"href":"https:\/\/www.europesays.com\/fr\/wp-json\/wp\/v2\/types\/post"}],"author":[{"embeddable":true,"href":"https:\/\/www.europesays.com\/fr\/wp-json\/wp\/v2\/users\/2"}],"replies":[{"embeddable":true,"href":"https:\/\/www.europesays.com\/fr\/wp-json\/wp\/v2\/comments?post=256844"}],"version-history":[{"count":0,"href":"https:\/\/www.europesays.com\/fr\/wp-json\/wp\/v2\/posts\/256844\/revisions"}],"wp:featuredmedia":[{"embeddable":true,"href":"https:\/\/www.europesays.com\/fr\/wp-json\/wp\/v2\/media\/256845"}],"wp:attachment":[{"href":"https:\/\/www.europesays.com\/fr\/wp-json\/wp\/v2\/media?parent=256844"}],"wp:term":[{"taxonomy":"category","embeddable":true,"href":"https:\/\/www.europesays.com\/fr\/wp-json\/wp\/v2\/categories?post=256844"},{"taxonomy":"post_tag","embeddable":true,"href":"https:\/\/www.europesays.com\/fr\/wp-json\/wp\/v2\/tags?post=256844"}],"curies":[{"name":"wp","href":"https:\/\/api.w.org\/{rel}","templated":true}]}}