{"id":256850,"date":"2025-07-18T17:13:18","date_gmt":"2025-07-18T17:13:18","guid":{"rendered":"https:\/\/www.europesays.com\/fr\/256850\/"},"modified":"2025-07-18T17:13:18","modified_gmt":"2025-07-18T17:13:18","slug":"formule-1-motogp-wrc-rallye-raid-drift-et-voltige-aerienne-au-programme-du-show-red-bull-motormania-en-septembre","status":"publish","type":"post","link":"https:\/\/www.europesays.com\/fr\/256850\/","title":{"rendered":"Formule 1, MotoGP, WRC, Rallye-Raid, drift et voltige a\u00e9rienne au programme du show Red Bull Motormania en septembre"},"content":{"rendered":"<p><img decoding=\"async\" src=\"https:\/\/www.europesays.com\/fr\/wp-content\/uploads\/2025\/07\/red-bull-motormania-affiche-678x381.jpg\" alt=\"\" title=\"\"\/><\/p>\n<p><strong>Formule 1, MotoGP, WRC, Rallye-Raid, drift et voltige a\u00e9rienne et bien plus encore : les disciplines les plus spectaculaires et les plus grands athl\u00e8tes seront r\u00e9unis lors de Red Bull Motormania sur une seule et m\u00eame piste, celle de Magny-Cours, le 13 septembre prochain, pour offrir aux fans une exp\u00e9rience immersive et inoubliable.<\/strong><\/p>\n<p><img loading=\"lazy\" decoding=\"async\" class=\"alignnone size-full wp-image-41885\" src=\"https:\/\/www.europesays.com\/fr\/wp-content\/uploads\/2025\/07\/red-bull-motormania-affiche-e1752848978771.jpg\" alt=\"\" width=\"620\" height=\"358\"\/><\/p>\n<p style=\"text-align: justify;\">Dans une ambiance de festival, Magny-Cours se m\u00e9tamorphosera en un lieu vibrant, avec des zones de d\u00e9monstration et un village anim\u00e9 enti\u00e8rement d\u00e9di\u00e9 aux fans\u00a0: animations, rencontres, expositions de v\u00e9hicules l\u00e9gendaires et surprises rythmeront cette journ\u00e9e hors norme.<\/p>\n<p style=\"text-align: justify;\"><strong>Les temps forts de cette journ\u00e9e\u00a0:<\/strong><\/p>\n<p style=\"text-align: justify;\">-Parade inaugurale avec tous les pilotes<\/p>\n<p style=\"text-align: justify;\">-Drag Race\u00a0: F1 vs MotoGP, 306 Maxi vs M4, 208 Pikes Peak vs F1<\/p>\n<p style=\"text-align: justify;\">-Show de drift des Red Bull Driftbrothers<\/p>\n<p style=\"text-align: justify;\">-Face \u00e0 face entre <strong>Isack Hadjar<\/strong> en F1 et <strong>S\u00e9bastien Loeb<\/strong> en 208 Pikes Peak<\/p>\n<p style=\"text-align: justify;\">-Show de voltige en avion et en h\u00e9licopt\u00e8re des Flyings Bulls<\/p>\n<p style=\"text-align: justify;\">-Contre la montre entre les voitures iconiques de la carri\u00e8re de S\u00e9bastien Loeb pilot\u00e9es par les pilotes 4 roues<\/p>\n<p style=\"text-align: justify;\">-Show de stunt de Sarah Lezito accompagn\u00e9e de Aras Gibieza<\/p>\n<p style=\"text-align: justify;\">-Parades de voitures historiques de Formule 1<\/p>\n<p style=\"text-align: justify;\"><strong>Red Bull Motormania, ce n\u2019est pas seulement du spectacle sur la piste\u00a0: c\u2019est une plong\u00e9e au c\u0153ur de l\u2019univers des sports m\u00e9caniques, pens\u00e9e pour les fans. Une zone sp\u00e9ciale leur sera d\u00e9di\u00e9e avec\u00a0:<\/strong><\/p>\n<p style=\"text-align: justify;\">-Des simulateurs de pilotage pour vivre la vitesse comme un pro<\/p>\n<p style=\"text-align: justify;\">-Des expositions exclusives de voitures et motos embl\u00e9matiques<\/p>\n<p style=\"text-align: justify;\">-Un Pit Stop Challenge, o\u00f9 chacun pourra tester la pr\u00e9cision et la rapidit\u00e9 d\u2019un vrai changement de pneus de Formule 1<\/p>\n<p style=\"text-align: justify;\">-Des talks avec les pilotes, pour entrer dans les coulisses de leur carri\u00e8re et de leurs sensations en piste<\/p>\n<p style=\"text-align: justify;\">-Des animations originales tout au long de la journ\u00e9e, tels qu\u2019un show de dragster Milwaukee, une parade de v\u00e9hicules historiques Opel et un atelier mobile Feu Vert ouvert toute la journ\u00e9e sur le parking<\/p>\n<p style=\"text-align: justify;\">-Et une exp\u00e9rience rare\u00a0: <strong>l\u2019open paddock<\/strong>, pour d\u00e9couvrir les coulisses de la course. Les fans pourront voir de pr\u00e8s comment les m\u00e9caniciens pr\u00e9parent les machines et observer les pilotes dans leurs derniers instants de concentration avant de prendre le volant ou le guidon.<\/p>\n<p style=\"text-align: justify;\">Outre <strong>Isack Hadjar et S\u00e9bastien Loeb<\/strong>, les fans de sports m\u00e9caniques pourront aussi retrouver le suisse <strong>S\u00e9bastien Buemi<\/strong> mais \u00e9galement <strong>Cyril Despres, Luc Alphand et Dani Pedrosa<\/strong>.<\/p>\n<p>Les tarifs : 45\u20ac pour un billet enceinte g\u00e9n\u00e9rale (incluant le show, les exp\u00e9riences sur place, le parking et l\u2019acc\u00e8s au camping), 300\u20ac pour un billet VIP, 99,90\u20ac pour un billet \u00ab\u00a0Smartbox\u00a0\u00bb<\/p>\n<p>Les partenaires majeurs annonc\u00e9s sont : Smartbox, lesfurets, Opel<\/p>\n<p>Les partenaires officiels : Milwaukee, Ipone, Feu Vert, La B\u00e9canerie<\/p>\n","protected":false},"excerpt":{"rendered":"Formule 1, MotoGP, WRC, Rallye-Raid, drift et voltige a\u00e9rienne et bien plus encore : les disciplines les plus&hellip;\n","protected":false},"author":2,"featured_media":256851,"comment_status":"","ping_status":"","sticky":false,"template":"","format":"standard","meta":{"footnotes":""},"categories":[1412],"tags":[39675,1451,1452,1453,1454,1455,1011,27,2244,2255,39676,39677,39678,39679,60],"class_list":{"0":"post-256850","1":"post","2":"type-post","3":"status-publish","4":"format-standard","5":"has-post-thumbnail","7":"category-f1","8":"tag-ambassadeur-red-bull","9":"tag-f1","10":"tag-formula-1","11":"tag-formula1","12":"tag-formule-1","13":"tag-formule1","14":"tag-fr","15":"tag-france","16":"tag-isack-hadjar","17":"tag-red-bull","18":"tag-red-bull-france","19":"tag-red-bull-motormania","20":"tag-red-bull-motorsports","21":"tag-sebastien-loeb","22":"tag-sports"},"share_on_mastodon":{"url":"https:\/\/pubeurope.com\/@fr\/114875361219324022","error":""},"_links":{"self":[{"href":"https:\/\/www.europesays.com\/fr\/wp-json\/wp\/v2\/posts\/256850","targetHints":{"allow":["GET"]}}],"collection":[{"href":"https:\/\/www.europesays.com\/fr\/wp-json\/wp\/v2\/posts"}],"about":[{"href":"https:\/\/www.europesays.com\/fr\/wp-json\/wp\/v2\/types\/post"}],"author":[{"embeddable":true,"href":"https:\/\/www.europesays.com\/fr\/wp-json\/wp\/v2\/users\/2"}],"replies":[{"embeddable":true,"href":"https:\/\/www.europesays.com\/fr\/wp-json\/wp\/v2\/comments?post=256850"}],"version-history":[{"count":0,"href":"https:\/\/www.europesays.com\/fr\/wp-json\/wp\/v2\/posts\/256850\/revisions"}],"wp:featuredmedia":[{"embeddable":true,"href":"https:\/\/www.europesays.com\/fr\/wp-json\/wp\/v2\/media\/256851"}],"wp:attachment":[{"href":"https:\/\/www.europesays.com\/fr\/wp-json\/wp\/v2\/media?parent=256850"}],"wp:term":[{"taxonomy":"category","embeddable":true,"href":"https:\/\/www.europesays.com\/fr\/wp-json\/wp\/v2\/categories?post=256850"},{"taxonomy":"post_tag","embeddable":true,"href":"https:\/\/www.europesays.com\/fr\/wp-json\/wp\/v2\/tags?post=256850"}],"curies":[{"name":"wp","href":"https:\/\/api.w.org\/{rel}","templated":true}]}}