{"id":256852,"date":"2025-07-18T17:14:09","date_gmt":"2025-07-18T17:14:09","guid":{"rendered":"https:\/\/www.europesays.com\/fr\/256852\/"},"modified":"2025-07-18T17:14:09","modified_gmt":"2025-07-18T17:14:09","slug":"pogacar-seul-au-monde-vauquelin-glisse-a-la-6e-place-le-classement-general-apres-la-13e-etape","status":"publish","type":"post","link":"https:\/\/www.europesays.com\/fr\/256852\/","title":{"rendered":"Pogacar seul au monde, Vauquelin glisse \u00e0 la 6e place&#8230; Le classement g\u00e9n\u00e9ral apr\u00e8s la 13e \u00e9tape"},"content":{"rendered":"<p>Large vainqueur du contre-la-montre \u00e0 Peyragudes ce vendredi, Tadej Pogacar a encore accru son avance sur ses concurrents, \u00e0 commencer par Jonas Vingegaard.<\/p>\n<p class=\"fig-paragraph\">Seul sur sa plan\u00e8te. Au lendemain de\u00a0<a href=\"http:\/\/www.lefigaro.fr\/sports\/cyclisme\/tour-de-france\/tour-de-france-ou-situer-la-performance-de-pogacar-dans-les-records-de-montee-vers-hautacam-20250718\" target=\"_blank\" data-fig-type=\"NewsFlash\" rel=\"noopener\" data-gtm-custom-categorie=\"navigation\" data-gtm-custom-action=\"crossclick\" data-gtm-custom-label=\"Contextuel\" data-gtm-event=\"customEventSPE\" data-fig-domain=\"LEFIGARO\">sa d\u00e9monstration sur les pentes d\u2019Hautacam<\/a>, Tadej Pogacar a encore domin\u00e9 la concurrence sur le contre-la-montre arrivant au sommet de Peyragudes, ce vendredi.\u00a0<a href=\"http:\/\/www.lefigaro.fr\/sports\/cyclisme\/tour-de-france\/tour-de-france-pogacar-ecoeure-encore-la-concurrence-sur-le-contre-la-montre-de-la-13e-etape-et-s-envole-au-classement-general-20250718\" target=\"_blank\" data-fig-type=\"NewsFlash\" rel=\"noopener\" data-gtm-custom-categorie=\"navigation\" data-gtm-custom-action=\"crossclick\" data-gtm-custom-label=\"Contextuel\" data-gtm-event=\"customEventSPE\" data-fig-domain=\"LEFIGARO\">Vainqueur imp\u00e9rial avec 36 secondes d\u2019avance sur Jonas Vingegaard<\/a>, le Slov\u00e8ne remporte sa quatri\u00e8me \u00e9tape sur cette Grande Boucle, la 21e de sa carri\u00e8re.<\/p>\n<p class=\"fig-paragraph\">Au classement g\u00e9n\u00e9ral ce soir, il poss\u00e8de 4 minutes et 7 secondes d\u2019avance sur son rival danois. En difficult\u00e9 aujourd\u2019hui (12e \u00e0 2\u201939\u2019\u2019 de Pogacar), Remco Evenepoel a sauv\u00e9 sa 3e place pour six secondes devant l\u2019Allemand Florian Lipowitz. K\u00e9vin Vauquelin, toujours meilleur Fran\u00e7ais, glisse de la 5e \u00e0 la 6e place apr\u00e8s sa 11e place obtenue sur le chrono.<\/p>\n<p>                                    <a class=\"fig-a11y-skip a11y-hidden\" href=\"#fig-a11y-skip-main-inarticle\"><br \/>\n        Passer la publicit\u00e9<br \/>\n    <\/a><\/p>\n<p class=\"fig-paragraph\"><strong>Classement g\u00e9n\u00e9ral du Tour de France apr\u00e8s la 13e \u00e9tape\u00a0:<\/strong><\/p>\n<p class=\"fig-paragraph\">1. Tadej Pogacar (SLO\/UAD) en 45h22\u201951<br \/>2. Jonas Vingegaard (DEN\/TVL) \u00e0 4\u201907\u2019\u2019<br \/>3. Remco Evenepoel (BEL\/SOQ) \u00e0 7\u201924\u2019\u2019<br \/>4. Florian Lipowitz (GER\/RBH) \u00e0 7\u201930\u2019\u2019<br \/>5. Oscar Onley (GBR\/DFP) \u00e0 8\u201911\u2019\u2019\u00a0<br \/>6. K\u00e9vin Vauquelin (FRA\/ARK) \u00e0 8\u201915\u2019\u2019<br \/>7. Primoz Roglic (SLO\/RBH) \u00e0 8\u201950\u2019\u2019<br \/>8. Tobias Johannessen (NOR\/UXT) \u00e0 10\u201936\u2019\u2019<br \/>9. Felix Gall (AUT\/DAT) \u00e0 11\u201943\u2019\u2019<br \/>10. Matteo Jorgenson (USA\/TVL) \u00e0 14\u201915\u2019\u2019<\/p>\n<p class=\"fig-paragraph\">Le classement g\u00e9n\u00e9ral complet du Tour de France est\u00a0<a href=\"https:\/\/www.lefigaro.fr\/sports\/cyclisme\/tour-de-france\/resultats\/classement-general\" target=\"_blank\" rel=\"sponsored noopener\" data-gtm-custom-categorie=\"navigation\" data-gtm-custom-action=\"crossclick\" data-gtm-custom-label=\"Contextuel\" data-gtm-event=\"customEventSPE\">\u00e0 retrouver ici.<\/a><\/p>\n","protected":false},"excerpt":{"rendered":"Large vainqueur du contre-la-montre \u00e0 Peyragudes ce vendredi, Tadej Pogacar a encore accru son avance sur ses concurrents,&hellip;\n","protected":false},"author":2,"featured_media":256853,"comment_status":"","ping_status":"","sticky":false,"template":"","format":"standard","meta":{"footnotes":""},"categories":[1411],"tags":[1154,207,1011,27,27884,11697,60,1138,210],"class_list":{"0":"post-256852","1":"post","2":"type-post","3":"status-publish","4":"format-standard","5":"has-post-thumbnail","7":"category-cyclisme","8":"tag-cycling","9":"tag-cyclisme","10":"tag-fr","11":"tag-france","12":"tag-jonas-vingegaard","13":"tag-remco-evenepoel","14":"tag-sports","15":"tag-tadej-pogacar","16":"tag-tour-de-france"},"share_on_mastodon":{"url":"https:\/\/pubeurope.com\/@fr\/114875365051643261","error":""},"_links":{"self":[{"href":"https:\/\/www.europesays.com\/fr\/wp-json\/wp\/v2\/posts\/256852","targetHints":{"allow":["GET"]}}],"collection":[{"href":"https:\/\/www.europesays.com\/fr\/wp-json\/wp\/v2\/posts"}],"about":[{"href":"https:\/\/www.europesays.com\/fr\/wp-json\/wp\/v2\/types\/post"}],"author":[{"embeddable":true,"href":"https:\/\/www.europesays.com\/fr\/wp-json\/wp\/v2\/users\/2"}],"replies":[{"embeddable":true,"href":"https:\/\/www.europesays.com\/fr\/wp-json\/wp\/v2\/comments?post=256852"}],"version-history":[{"count":0,"href":"https:\/\/www.europesays.com\/fr\/wp-json\/wp\/v2\/posts\/256852\/revisions"}],"wp:featuredmedia":[{"embeddable":true,"href":"https:\/\/www.europesays.com\/fr\/wp-json\/wp\/v2\/media\/256853"}],"wp:attachment":[{"href":"https:\/\/www.europesays.com\/fr\/wp-json\/wp\/v2\/media?parent=256852"}],"wp:term":[{"taxonomy":"category","embeddable":true,"href":"https:\/\/www.europesays.com\/fr\/wp-json\/wp\/v2\/categories?post=256852"},{"taxonomy":"post_tag","embeddable":true,"href":"https:\/\/www.europesays.com\/fr\/wp-json\/wp\/v2\/tags?post=256852"}],"curies":[{"name":"wp","href":"https:\/\/api.w.org\/{rel}","templated":true}]}}