{"id":256854,"date":"2025-07-18T17:15:12","date_gmt":"2025-07-18T17:15:12","guid":{"rendered":"https:\/\/www.europesays.com\/fr\/256854\/"},"modified":"2025-07-18T17:15:12","modified_gmt":"2025-07-18T17:15:12","slug":"lol-se-rendra-a-lens-le-samedi-16-aout","status":"publish","type":"post","link":"https:\/\/www.europesays.com\/fr\/256854\/","title":{"rendered":"l&rsquo;OL se rendra \u00e0 Lens le samedi 16 ao\u00fbt"},"content":{"rendered":"<p>                            <img width=\"770\" height=\"433\" src=\"https:\/\/www.europesays.com\/fr\/wp-content\/uploads\/2025\/07\/AFP__20240915__DPPI_40024064_012__v1__HighRes__FootballFrenchChampLensVLyon-e1726431587710-770x433.j.jpeg\" class=\"attachment-article size-article wp-post-image\" alt=\"Matic (OL) face \u00e0 Sa\u00efd (Lens)\" decoding=\"async\" fetchpriority=\"high\"  \/><\/p>\n<p>Matic (OL) face \u00e0 Sa\u00efd (Lens) (Photo by Matthieu Mirville \/ Matthieu Mirville \/ DPPI via AFP)<\/p>\n<p>Dans le cadre de la 1re journ\u00e9e de Ligue 1, l&rsquo;OL se d\u00e9placera \u00e0 Lens. Les retrouvailles avec Pierre Sage se tiendront le samedi 16 ao\u00fbt et seront diffus\u00e9es sur beIN Sports (17h).<\/p>\n<p>\u00c0 un mois de la reprise de la Ligue 1, l&rsquo;OL en sait un peu plus sur son calendrier. Les supporters lyonnais \u00e9taient dans l&rsquo;attente de savoir quand les joueurs de Paulo\u00a0<strong>Fonseca<\/strong>\u00a0se rendront dans le nord de la France et c&rsquo;est d\u00e9sormais chose faite. Si la LFP n&rsquo;a toujours pas communiqu\u00e9 la programmation de cette 1re journ\u00e9e de Ligue 1, beIN Sports, diffuseur officiel du championnat, a vendu la m\u00e8che. En effet, le directeur des antennes Florent\u00a0<strong>Houzot<\/strong>\u00a0a confirm\u00e9 que Lens &#8211; OL se jouera le samedi 16 ao\u00fbt \u00e0 Bollaert.<\/p>\n<p>Les retrouvailles avec Sage forc\u00e9ment attendues<\/p>\n<p>Comme c&rsquo;\u00e9tait d\u00e9j\u00e0 la saison pass\u00e9e avec\u00a0DAZN\u00a0et cette ann\u00e9e avec la\u00a0<a href=\"https:\/\/www.olympique-et-lyonnais.com\/ol-ligue-1-la-lfp-lance-officiellement-sa-nouvelle-plateforme,368794.html\" rel=\"nofollow noopener\" target=\"_blank\">plateforme<\/a>\u00a0Ligue1+, la cha\u00eene du groupe qatari diffusera chaque journ\u00e9e la rencontre du samedi 17h. Les supporters lyonnais devront donc se brancher sur beIN Sports d\u00e8s 16h pour suivre l&rsquo;avant-match entre les Sang et Or et les hommes de Paulo\u00a0<strong>Fonseca<\/strong>, qui sera toujours en tribunes suite \u00e0 sa longue suspension prononc\u00e9e en mars dernier. L&rsquo;occasion tr\u00e8s certainement d&rsquo;avoir un focus assez prononc\u00e9 sur les retrouvailles entre l&rsquo;OL et Pierre\u00a0<strong>Sage<\/strong>, d\u00e9sormais en poste \u00e0\u00a0<strong>Lens<\/strong>.<\/p>\n<p>\t\t\t\t\t<a href=\"https:\/\/www.olympique-et-lyonnais.com\/mercato-lol-sur-la-piste-lees-melou,372186.html\" title=\"Mercato : l\u2019OL sur la piste Lees-Melou ?\" rel=\"nofollow noopener\" target=\"_blank\"><img loading=\"lazy\" width=\"580\" height=\"326\" src=\"https:\/\/www.europesays.com\/fr\/wp-content\/uploads\/2025\/07\/000_33WC9HH-580x326.jpg\" class=\"attachment-actularge size-actularge wp-post-image\" alt=\"Corentin Tolisso face \u00e0 Pierre Lees-Melou lors de Brest - OL\" decoding=\"async\"  \/>\t\t\t\t\t<\/a><\/p>\n","protected":false},"excerpt":{"rendered":"Matic (OL) face \u00e0 Sa\u00efd (Lens) (Photo by Matthieu Mirville \/ Matthieu Mirville \/ DPPI via AFP) Dans&hellip;\n","protected":false},"author":2,"featured_media":256855,"comment_status":"","ping_status":"","sticky":false,"template":"","format":"standard","meta":{"footnotes":""},"categories":[1410],"tags":[63,1011,27,66,241,978,60],"class_list":{"0":"post-256854","1":"post","2":"type-post","3":"status-publish","4":"format-standard","5":"has-post-thumbnail","7":"category-football","8":"tag-football","9":"tag-fr","10":"tag-france","11":"tag-ligue-1","12":"tag-ol","13":"tag-olympique-lyonnais","14":"tag-sports"},"share_on_mastodon":{"url":"https:\/\/pubeurope.com\/@fr\/114875369059976025","error":""},"_links":{"self":[{"href":"https:\/\/www.europesays.com\/fr\/wp-json\/wp\/v2\/posts\/256854","targetHints":{"allow":["GET"]}}],"collection":[{"href":"https:\/\/www.europesays.com\/fr\/wp-json\/wp\/v2\/posts"}],"about":[{"href":"https:\/\/www.europesays.com\/fr\/wp-json\/wp\/v2\/types\/post"}],"author":[{"embeddable":true,"href":"https:\/\/www.europesays.com\/fr\/wp-json\/wp\/v2\/users\/2"}],"replies":[{"embeddable":true,"href":"https:\/\/www.europesays.com\/fr\/wp-json\/wp\/v2\/comments?post=256854"}],"version-history":[{"count":0,"href":"https:\/\/www.europesays.com\/fr\/wp-json\/wp\/v2\/posts\/256854\/revisions"}],"wp:featuredmedia":[{"embeddable":true,"href":"https:\/\/www.europesays.com\/fr\/wp-json\/wp\/v2\/media\/256855"}],"wp:attachment":[{"href":"https:\/\/www.europesays.com\/fr\/wp-json\/wp\/v2\/media?parent=256854"}],"wp:term":[{"taxonomy":"category","embeddable":true,"href":"https:\/\/www.europesays.com\/fr\/wp-json\/wp\/v2\/categories?post=256854"},{"taxonomy":"post_tag","embeddable":true,"href":"https:\/\/www.europesays.com\/fr\/wp-json\/wp\/v2\/tags?post=256854"}],"curies":[{"name":"wp","href":"https:\/\/api.w.org\/{rel}","templated":true}]}}