{"id":256856,"date":"2025-07-18T17:16:10","date_gmt":"2025-07-18T17:16:10","guid":{"rendered":"https:\/\/www.europesays.com\/fr\/256856\/"},"modified":"2025-07-18T17:16:10","modified_gmt":"2025-07-18T17:16:10","slug":"audrey-crespo-mara-sa-premiere-publication-instagram-depuis-la-mort-de-thierry-ardisson","status":"publish","type":"post","link":"https:\/\/www.europesays.com\/fr\/256856\/","title":{"rendered":"Audrey Crespo-Mara : sa premi\u00e8re publication Instagram depuis la mort de Thierry Ardisson"},"content":{"rendered":"<p>Presque 24 heures apr\u00e8s lui avoir fait ses adieux, <a href=\"https:\/\/www.public.fr\/tag\/audrey-crespo-mara\" target=\"_blank\" rel=\"noopener\">Audrey Crespo-Mara<\/a> a fait son retour sur Instagram pour <strong>rendre hommage \u00e0 son \u00ab\u00a0Grand Amour\u00a0\u00bb<\/strong>, avec un grand \u00ab\u00a0G\u00a0\u00bb et un grand \u00ab\u00a0A\u00a0\u00bb. En effet, elle a de nouveau exprim\u00e9 de tendres mots \u00e0 <a href=\"https:\/\/www.public.fr\/tag\/thierry-ardisson\" target=\"_blank\" rel=\"noopener\">Thierry Ardisson<\/a>, l\u2019homme dont elle partageait officiellement la vie depuis 2014.<\/p>\n<p>\u00ab\u00a0L\u2019homme en noir\u00a0\u00bb <strong>nous a quitt\u00e9s le 14 juillet dernier.<\/strong> Un comble pour l\u2019animateur et producteur, qui s\u2019est toujours qualifi\u00e9 de \u00ab\u00a0royaliste\u00a0\u00bb, de partir un jour de F\u00eate nationale. Pendant de longues ann\u00e9es, il luttait en effet contre un cancer du foie qui s\u2019est malheureusement acc\u00e9l\u00e9r\u00e9 ces derniers mois.<\/p>\n<p>Sa femme Audrey Crespo-Mara, ses enfants, ainsi que tous ses proches, lui ont rendu un dernier hommage ce jeudi 17 juillet 2025 <a href=\"https:\/\/www.public.fr\/obseques-de-thierry-ardisson-foule-impressionnante-aux-abords-de-leglise-le-quartier-a-du-etre-boucle\" target=\"_blank\" rel=\"noopener\">\u00e0 l\u2019\u00e9glise Saint-Roch \u00e0 Paris<\/a>. La journaliste de TF1 lui a bien \u00e9videmment fait un \u00e9mouvant discours et une partie de celui-ci a \u00e9t\u00e9 <strong>retranscri sur Instagram.<\/strong><\/p>\n<p>La premi\u00e8re \u00ab\u00a0prise de parole\u00a0\u00bb d&rsquo;Audrey Crespo-Mara<\/p>\n<p>En effet, la pr\u00e9sentatrice du JT de la Une vient de \u00ab\u00a0prendre la parole\u00a0\u00bb pour la premi\u00e8re fois depuis la disparition de <a href=\"https:\/\/vsd.fr\/tag\/thierry-ardisson\/\" target=\"_blank\" rel=\"noopener\">Thierry Ardisson<\/a>. Celle-ci a d\u00e9cid\u00e9 de <strong>publier un tendre clich\u00e9<\/strong> dans lequel elle appara\u00eet front contre front avec son \u00ab\u00a0grand amour\u00a0\u00bb.<\/p>\n<p>Dans la suite du carrousel compos\u00e9 de trois images, Audrey Crespo-Mara publie le discours prononc\u00e9 \u00e0 l\u2019\u00e9glise Saint-Roch lors des obs\u00e8ques de \u00ab\u00a0l\u2019homme en noir\u00a0\u00bb. \u00ab\u00a0Mon Grand Amour, \u2018Mon Grand Amour\u2019&#8230; C&rsquo;est ce qu&rsquo;on se disait chaque matin en ouvrant les yeux, chaque soir en les refermant. Nous deux, c&rsquo;\u00e9tait une chance, une \u00e9vidence, \u2018une b\u00e9n\u00e9diction\u2019, disais-tu\u00a0\u00bb, peut-on en effet lire dans un premier temps.<\/p>\n<p>La journaliste poursuit : \u00ab\u00a0Mon Amour, tu es parti comme tu as v\u00e9cu. En homme courageux, digne et libre. Et cela nous oblige, les enfants et moi. Tu nous as tant aid\u00e9s, ces derni\u00e8res semaines, ces derniers jours, \u00e0 accepter ce qui nous semblait inacceptable, \u00e0 \u00eatre un peu moins d\u00e9vast\u00e9s\u00a0\u00bb.<\/p>\n<p>Elle vante les qualit\u00e9s de Thierry Ardisson<\/p>\n<p>Apr\u00e8s avoir \u00e9voqu\u00e9 le courage de Thierry Ardisson, notamment face \u00e0 la maladie, son franc-parler, la journaliste reconna\u00eet que cette franchise n\u2019a pas permis \u00e0 l\u2019animateur de faire uniquement des amis au cours de sa vie et sa carri\u00e8re.<\/p>\n<p>\u00ab\u00a0Alors oui, il y a sans doute ici des personnes qui ne t&rsquo;ont pas assez aim\u00e9, pas assez aid\u00e9 quand elles le pouvaient&#8230; <strong>D\u00e9sol\u00e9e pour \u00e7a, mon Amour<\/strong>. Mais il y a tous ceux qui t&rsquo;ont infiniment respect\u00e9, admir\u00e9, ador\u00e9, pendant tant d\u2019ann\u00e9es\u00a0\u00bb, poursuit Audrey Crespo-Mara avant de saluer les trois femmes de la vie de Thierry Ardisson : \u00ab\u00a0Il y a aussi les 3 femmes de ta vie, je te l&rsquo;avais promis : Christiane, B\u00e9atrice et moi\u00a0\u00bb.\u00a0<\/p>\n<p>\u00ab\u00a0C\u2019est r\u00e9ussi, <strong>tu pars \u00e0 76 ans, en patriarche, en Padre ! <\/strong>D&rsquo;ailleurs ces derni\u00e8res semaines, avec les enfants, nous \u00e9tions unis autour de toi. Tu me disais que \u00e7a te rassurait, que \u00e7a te rendait heureux. Nous aussi\u2026\u00a0\u00bb, conclu-t-elle dans ses adieux adress\u00e9s \u00e0 son \u00ab\u00a0grand amour\u00a0\u00bb.\u00a0<\/p>\n<p>      Mentionn\u00e9s dans cet article<\/p>\n<p>\u00c0 lire aussi<\/p>\n","protected":false},"excerpt":{"rendered":"Presque 24 heures apr\u00e8s lui avoir fait ses adieux, Audrey Crespo-Mara a fait son retour sur Instagram pour&hellip;\n","protected":false},"author":2,"featured_media":256857,"comment_status":"","ping_status":"","sticky":false,"template":"","format":"standard","meta":{"footnotes":""},"categories":[1359],"tags":[17979,2715,58,59,1011,27,18,973,199,10058],"class_list":{"0":"post-256856","1":"post","2":"type-post","3":"status-publish","4":"format-standard","5":"has-post-thumbnail","7":"category-people","8":"tag-audrey-crespo-mara","9":"tag-disparition","10":"tag-divertissement","11":"tag-entertainment","12":"tag-fr","13":"tag-france","14":"tag-mort","15":"tag-people","16":"tag-tf1","17":"tag-thierry-ardisson"},"share_on_mastodon":{"url":"https:\/\/pubeurope.com\/@fr\/114875372855077968","error":""},"_links":{"self":[{"href":"https:\/\/www.europesays.com\/fr\/wp-json\/wp\/v2\/posts\/256856","targetHints":{"allow":["GET"]}}],"collection":[{"href":"https:\/\/www.europesays.com\/fr\/wp-json\/wp\/v2\/posts"}],"about":[{"href":"https:\/\/www.europesays.com\/fr\/wp-json\/wp\/v2\/types\/post"}],"author":[{"embeddable":true,"href":"https:\/\/www.europesays.com\/fr\/wp-json\/wp\/v2\/users\/2"}],"replies":[{"embeddable":true,"href":"https:\/\/www.europesays.com\/fr\/wp-json\/wp\/v2\/comments?post=256856"}],"version-history":[{"count":0,"href":"https:\/\/www.europesays.com\/fr\/wp-json\/wp\/v2\/posts\/256856\/revisions"}],"wp:featuredmedia":[{"embeddable":true,"href":"https:\/\/www.europesays.com\/fr\/wp-json\/wp\/v2\/media\/256857"}],"wp:attachment":[{"href":"https:\/\/www.europesays.com\/fr\/wp-json\/wp\/v2\/media?parent=256856"}],"wp:term":[{"taxonomy":"category","embeddable":true,"href":"https:\/\/www.europesays.com\/fr\/wp-json\/wp\/v2\/categories?post=256856"},{"taxonomy":"post_tag","embeddable":true,"href":"https:\/\/www.europesays.com\/fr\/wp-json\/wp\/v2\/tags?post=256856"}],"curies":[{"name":"wp","href":"https:\/\/api.w.org\/{rel}","templated":true}]}}