{"id":256858,"date":"2025-07-18T17:18:15","date_gmt":"2025-07-18T17:18:15","guid":{"rendered":"https:\/\/www.europesays.com\/fr\/256858\/"},"modified":"2025-07-18T17:18:15","modified_gmt":"2025-07-18T17:18:15","slug":"une-derniere-dedicace-avant-un-passage-de-relais-a-la-maison-de-la-presse","status":"publish","type":"post","link":"https:\/\/www.europesays.com\/fr\/256858\/","title":{"rendered":"une derni\u00e8re d\u00e9dicace avant un passage de relais \u00e0 la Maison de la presse"},"content":{"rendered":"<p>Avant un changement de propri\u00e9taire pr\u00e9vu d\u00e9but ao\u00fbt, la Maison de la presse Le Marque Plage, situ\u00e9e en plein c\u0153ur d\u2019Ar\u00e8s, accueillera l\u2019autrice de romans noirs Jeanne Faivre d\u2019Arcier le mardi 22\u00a0juillet, de 9 \u00e0 13 heures. Elle viendra y d\u00e9dicacer son dernier livre, \u00ab\u00a0Une \u00e9trange affaire sur le Bassin \u2013 Les Yeux de Cendre\u00a0\u00bb. Une derni\u00e8re animation litt\u00e9raire pour cet espace culturel embl\u00e9matique de la commune, dirig\u00e9 pendant neuf ans par Catherine et Fabrice Bugeaud. Ce dernier revient sur cette aventure \u00e0 l\u2019occasion d\u2019un court entretien.<\/p>\n<p class=\"interview-question\">Pourquoi accueillir Jeanne Faivre d\u2019Arcier\u00a0?<\/p>\n<p class=\"interview-answer\">Elle fait partie des auteurs qui vivent autour du Bassin, et son \u00e9criture est \u00e0 la fois de qualit\u00e9 et reconnue. L\u2019\u00e9t\u00e9, nous recevons plusieurs autrices et auteurs ancr\u00e9s ici et qui ont quelque chose \u00e0 dire. Jeanne joue le jeu\u00a0: elle prend le temps de pr\u00e9senter son travail et d\u2019\u00e9changer avec les lecteurs.<\/p>\n<p class=\"interview-question\">Quelle identit\u00e9 avez-vous donn\u00e9 \u00e0 cet \u00e9tablissement pendant ces neuf ann\u00e9es\u00a0?<\/p>\n<p class=\"interview-answer\">Ce qui m\u2019int\u00e9resse avant tout, c\u2019est le papier et la transmission. Cela passe par la presse principalement, mais aussi par le livre. L\u2019empreinte librairie est tr\u00e8s marqu\u00e9e dans cette Maison de la presse. Je ne m\u2019oriente pas vers les paquets de chips ou les \u00e9puisettes\u00a0: ce n\u2019est pas ma tasse de th\u00e9. Je me suis concentr\u00e9 sur la librairie qui s\u2019inscrit sur le long terme. Je propose aussi les titres de presse de qualit\u00e9. Je pense notamment \u00e0 la revue \u00ab\u00a0XXI\u00a0\u00bb ou \u00e0 \u00ab\u00a0l\u2019\u00e9l\u00e9phant\u00a0\u00bb.<\/p>\n<p class=\"interview-question\">Vous comptez travailler avec le nouveau propri\u00e9taire\u00a0?<\/p>\n<p class=\"interview-answer\">Oui, je fais un peu partie des meubles. Je vais accompagner la transition en douceur, notamment en maintenant le lien avec la client\u00e8le. \u00c0 l\u2019image des cartes postales que je privil\u00e9gie, de jolies cr\u00e9ations sign\u00e9es par des artistes du Bassin, j\u2019esp\u00e8re pouvoir continuer \u00e0 valoriser cette identit\u00e9 locale et accueillir les clients qui viennent du Porge, de la presqu\u2019\u00eele ou de Lacanau. Je remercie mon \u00e9pouse Catherine qui a largement contribu\u00e9 \u00e0 ce projet.<\/p>\n<p>Maison de la presse, Le Marque plage, 7 avenue de la plage, Ar\u00e8s, 05\u00a056\u00a026\u00a003\u00a002<\/p>\n<p>        <img decoding=\"async\" id=\"25289972\" src=\"https:\/\/www.europesays.com\/fr\/wp-content\/uploads\/2025\/07\/bassindarcachon-03abafabb8ae4e58ab6c1dc65c68da2d-084522-ph1.jpg\" alt=\"G\u00e9rard Simmat, auteur de ce livre sur l\u2019histoire d\u2019Ar\u00e8s a contribu\u00e9 \u00e0 l\u2019essor de cette maison de la presse.\" itemprop=\"contentURL\"\/><\/p>\n<p>    G\u00e9rard Simmat, auteur de ce livre sur l\u2019histoire d\u2019Ar\u00e8s a contribu\u00e9 \u00e0 l\u2019essor de cette maison de la presse.<\/p>\n<p>G.\u00a0M.<\/p>\n<p>        <img decoding=\"async\" id=\"25289973\" src=\"https:\/\/www.europesays.com\/fr\/wp-content\/uploads\/2025\/07\/bassindarcachon-03abafabb8ae4e58ab6c1dc65c68da2d-084523-ph2.jpg\" alt=\"Les jolies cartes postales d\u2019artistes locaux propos\u00e9es par E.Burgeaud contribuent \u00e0 renforcer l\u2019identit\u00e9 de Marque plage.\" itemprop=\"contentURL\"\/><\/p>\n<p>    Les jolies cartes postales d\u2019artistes locaux propos\u00e9es par E.Burgeaud contribuent \u00e0 renforcer l\u2019identit\u00e9 de Marque plage.<\/p>\n<p>G.\u00a0M.<\/p>\n","protected":false},"excerpt":{"rendered":"Avant un changement de propri\u00e9taire pr\u00e9vu d\u00e9but ao\u00fbt, la Maison de la presse Le Marque Plage, situ\u00e9e en&hellip;\n","protected":false},"author":2,"featured_media":256859,"comment_status":"","ping_status":"","sticky":false,"template":"","format":"standard","meta":{"footnotes":""},"categories":[1357],"tags":[1379,58,59,1011,27,1380],"class_list":{"0":"post-256858","1":"post","2":"type-post","3":"status-publish","4":"format-standard","5":"has-post-thumbnail","7":"category-livres","8":"tag-books","9":"tag-divertissement","10":"tag-entertainment","11":"tag-fr","12":"tag-france","13":"tag-livres"},"share_on_mastodon":{"url":"https:\/\/pubeurope.com\/@fr\/114875381041808063","error":""},"_links":{"self":[{"href":"https:\/\/www.europesays.com\/fr\/wp-json\/wp\/v2\/posts\/256858","targetHints":{"allow":["GET"]}}],"collection":[{"href":"https:\/\/www.europesays.com\/fr\/wp-json\/wp\/v2\/posts"}],"about":[{"href":"https:\/\/www.europesays.com\/fr\/wp-json\/wp\/v2\/types\/post"}],"author":[{"embeddable":true,"href":"https:\/\/www.europesays.com\/fr\/wp-json\/wp\/v2\/users\/2"}],"replies":[{"embeddable":true,"href":"https:\/\/www.europesays.com\/fr\/wp-json\/wp\/v2\/comments?post=256858"}],"version-history":[{"count":0,"href":"https:\/\/www.europesays.com\/fr\/wp-json\/wp\/v2\/posts\/256858\/revisions"}],"wp:featuredmedia":[{"embeddable":true,"href":"https:\/\/www.europesays.com\/fr\/wp-json\/wp\/v2\/media\/256859"}],"wp:attachment":[{"href":"https:\/\/www.europesays.com\/fr\/wp-json\/wp\/v2\/media?parent=256858"}],"wp:term":[{"taxonomy":"category","embeddable":true,"href":"https:\/\/www.europesays.com\/fr\/wp-json\/wp\/v2\/categories?post=256858"},{"taxonomy":"post_tag","embeddable":true,"href":"https:\/\/www.europesays.com\/fr\/wp-json\/wp\/v2\/tags?post=256858"}],"curies":[{"name":"wp","href":"https:\/\/api.w.org\/{rel}","templated":true}]}}