{"id":256860,"date":"2025-07-18T17:19:12","date_gmt":"2025-07-18T17:19:12","guid":{"rendered":"https:\/\/www.europesays.com\/fr\/256860\/"},"modified":"2025-07-18T17:19:12","modified_gmt":"2025-07-18T17:19:12","slug":"on-reste-tres-proches-pimprenelle-et-adrien-reviennent-sur-leur-aventure","status":"publish","type":"post","link":"https:\/\/www.europesays.com\/fr\/256860\/","title":{"rendered":"\u00ab\u00a0On reste tr\u00e8s proches\u00a0\u00bb\u2026 Pimprenelle et Adrien reviennent sur leur aventure"},"content":{"rendered":"<p>Il ne reste plus que trois semaines avant la fin de la saison 13 de \u00ab\u00a0<a href=\"https:\/\/www.20minutes.fr\/dossier\/secret_story\" class=\"color-ultramarine c-link\" target=\"_blank\" rel=\"noopener\">Secret Story<\/a>\u00a0\u00bb. Une finale qui sera diffus\u00e9e le 7\u00a0ao\u00fbt \u00e0 21h10 sur <a href=\"https:\/\/www.20minutes.fr\/arts-stars\/television\/nt1\/\" class=\"color-ultramarine c-link\" target=\"_blank\" rel=\"noopener\">TFX<\/a>, et \u00e0 laquelle ne participera pas Pimprenelle, \u00e9limin\u00e9e jeudi soir en m\u00eame temps qu\u2019Adrien. Les deux candidats sont revenus pour 20 Minutes sur leur secret, leurs envies et leur idylle.<\/p>\n<p>Quel a \u00e9t\u00e9 votre premier ressenti au moment de votre \u00e9limination\u00a0?<\/p>\n<p>Pimprenelle\u00a0: C\u2019est forc\u00e9ment dur de se retrouver dans le SAS et de dire au revoir \u00e0 ses coll\u00e8gues d\u2019aventures. Je pars fi\u00e8rement et avec mon alli\u00e9 du premier jour.<\/p>\n<p>Adrien\u00a0: J\u2019\u00e9tais content de sortir de la Maison en m\u00eame temps que Pimprenelle. C\u2019\u00e9tait une grosse pression qui retombait d\u2019un coup et je savais que c\u2019\u00e9tait une \u00e9paule sur laquelle je pouvais me reposer.<\/p>\n<p>Est-ce que vous vous \u00e9tiez pr\u00e9par\u00e9 mentalement \u00e0 sortir\u00a0?<\/p>\n<p>P\u00a0: C\u2019\u00e9tait mon troisi\u00e8me passage dans le SAS. J\u2019ai toujours dout\u00e9 de ma place dans le jeu. C\u2019est important de douter, pour essayer d\u2019\u00eatre meilleure et rester humble.<\/p>\n<p>A\u00a0: Oui, je m\u2019y \u00e9tais pr\u00e9par\u00e9. Apr\u00e8s, j\u2019aurais moins bien v\u00e9cu ma sortie si Pimprenelle \u00e9tait rest\u00e9e.<\/p>\n<p>Pensez-vous que votre relation, faite de hauts et de bas, a jou\u00e9 contre vous\u00a0?<\/p>\n<p>P\u00a0: Il y a eu beaucoup de hauts et quelques bas sur la fin. Je ne pense pas que cette relation a jou\u00e9 contre moi. Adrien, c\u2019est Adrien. Pimprenelle, c\u2019est Pimprenelle.<\/p>\n<p>A\u00a0: Je ne sais pas si \u00e7a a jou\u00e9 contre moi, mais \u00e7a a jou\u00e9. Apr\u00e8s, je n\u2019ai pas encore vu ce qui se racontait depuis l\u2019ext\u00e9rieur, donc je ne peux pas trop me prononcer sur ce genre de chose.<\/p>\n<blockquote class=\"mx-m@xs mx-xxl@md color-ultramarine c-citation\">\n<p class=\"font-weight-regular@xs text-italic font-source-serif-pro text-l@xs c-citation__content\">\u00ab\u00a0Parfois, les larmes se m\u00e9langent \u00e0 l\u2019eau chaude de la douche.\u00a0\u00bb<\/p>\n<\/blockquote>\n<p>Adrien, la semaine derni\u00e8re, vous d\u00e9ploriez aupr\u00e8s de Mayer, Ethan et Romy de ne pas avoir pu \u00eatre suffisamment proche d\u2019eux. Mais vous sembliez davantage li\u00e9 \u00e0 l\u2019autre clan\u2026 C\u2019\u00e9tait strat\u00e9gique\u00a0?<\/p>\n<p>Non, ce n\u2019\u00e9tait pas du tout strat\u00e9gique. Je me disais \u00e0 ce moment-l\u00e0 que j\u2019allais peut-\u00eatre quitter le jeu et j\u2019avais envie de rencontrer l\u2019autre partie de la Maison.<\/p>\n<p>Si vous pouviez revenir en arri\u00e8re, que feriez-vous diff\u00e9remment\u00a0?<\/p>\n<p>P\u00a0: J\u2019aurais voulu valider mon r\u00f4le d\u2019enqu\u00eatrice, en tant que personne qui a trouv\u00e9 le premier secret de la saison. J\u2019aurais voulu buzzer Dr\u00e9a, car j\u2019avais son secret sans le savoir, et Anita, car j\u2019avais travaill\u00e9 pendant cinq semaines sur son secret.<\/p>\n<p>A\u00a0: Je ne changerai rien. J\u2019ai pris mes d\u00e9cisions au moment pr\u00e9sent et je ne pense pas avoir de regrets dans cette aventure.<\/p>\n<p>Qu\u2019est-ce qui a \u00e9t\u00e9 le plus difficile \u00e0 vivre dans cette aventure\u00a0?<\/p>\n<p>A\u00a0: De ne pas avoir pu dire \u00e0 Pimprenelle en temps et en heure ce que je ressentais vraiment pour elle. Cela m\u2019a fait beaucoup de mal de m\u2019\u00e9loigner d\u2019elle quand on s\u2019est retrouv\u00e9 dans les Maisons s\u00e9par\u00e9es lors de la derni\u00e8re semaine.<\/p>\n<p>P\u00a0: Quand il faut trouver une \u00e9chappatoire dans l\u2019aventure, on ne peut pas prendre son t\u00e9l\u00e9phone, aller seule dans sa chambre, car on vit en communaut\u00e9. Parfois, les larmes se m\u00e9langent \u00e0 l\u2019eau chaude de la douche.<\/p>\n<p>Pensez-vous poursuivre une histoire sentimentale, ensemble, hors de \u00ab\u00a0Secret Story\u00a0\u00bb\u00a0?<\/p>\n<p>A\u00a0: Nous n\u2019avons rien pr\u00e9vu. On reste tr\u00e8s tr\u00e8s proches. On sera peut-\u00eatre amen\u00e9s \u00e0 se recroiser, qui sait\u2026<\/p>\n<p>P\u00a0: Pour l\u2019instant, on atterrit. Peut-\u00eatre qu\u2019on red\u00e9collera ensemble pour Bali. Une chose \u00e0 la fois.<\/p>\n<p>Adrien, votre secret est que vous avez rencontr\u00e9 votre s\u0153ur \u00e0 16 ans. Pouvez-vous nous en dire plus\u00a0?<\/p>\n<p>C\u2019\u00e9tait compliqu\u00e9 pour moi d\u2019en parler, car cela implique beaucoup de personnes de ma famille. A mes 16 ans, j\u2019ai crois\u00e9 un camarade de mon lyc\u00e9e qui m\u2019a fait part de son \u00e9t\u00e9 avec une fille du m\u00eame nom et avec les m\u00eames traits de visage que moi. J\u2019ai fait des recherches et je me suis rendu compte qu\u2019il y avait une petite fille de mon sang qui vivait non loin de mon lyc\u00e9e. J\u2019\u00e9tais en internat, \u00e7a m\u2019a boulevers\u00e9 \u00e0 un \u00e2ge o\u00f9 l\u2019on se fabrique en tant qu\u2019adulte. Il y a des choses parfois qui se passent chez nos parents et qui ne nous regardent pas. J\u2019ai eu la chance de la rencontrer. Aujourd\u2019hui, elle fait partie de ma famille.<\/p>\n<p>Pimprenelle, avez-vous \u00e9t\u00e9 surprise que quelqu\u2019un, Adrien en l\u2019occurrence, trouve votre secret\u00a0?<\/p>\n<p>C\u2019\u00e9tait la meilleure personne pour trouver mon secret. Il a vu mon visage de tr\u00e8s pr\u00e8s, donc il a pu comprendre les indices. Puis, il conna\u00eet ma personnalit\u00e9. Il a d\u00fb voir ma force de caract\u00e8re et de r\u00e9silience, en toute humilit\u00e9 bien s\u00fbr. Et puis, il a quand m\u00eame achet\u00e9 un indice 7.000 \u20ac (rires).<\/p>\n<p>Sur qui miseriez-vous pour remporter cette saison\u00a0?<\/p>\n<p>A\u00a0: Noah. J\u2019ai tiss\u00e9 des liens tr\u00e8s forts avec lui. C\u2019est un gar\u00e7on en or, avec beaucoup de qualit\u00e9s. Il a une maturit\u00e9 impressionnante pour son \u00e2ge, j\u2019ai beaucoup appris de lui. Je crois en son jeu. Si je mets de c\u00f4t\u00e9 l\u2019affect, je vois bien Ethan remporter le jeu. Il est peut-\u00eatre m\u00eame meilleur joueur que moi.<\/p>\n<p>P\u00a0: Noah, tr\u00e8s c\u00e9r\u00e9bral, tr\u00e8s bon joueur et juste dans ses d\u00e9cisions. Il a 19 ans, mais la maturit\u00e9 de quelqu\u2019un de 25. Mais aussi A\u00efmed, c\u2019est le joueur de la saison, le pilier, il ment, il trahit. Il est l\u2019essence de \u00ab\u00a0Secret Story\u00a0\u00bb.<\/p>\n<\/p>\n<p>Esp\u00e9rez-vous que \u00ab\u00a0Secret Story\u00a0\u00bb vous apportera des opportunit\u00e9s professionnelles\u00a0?<\/p>\n<p>A\u00a0: J\u2019aimerais que cette aventure m\u2019apporte d\u2019autres choses que de faire des steaks sur des plaques tous les \u00e9t\u00e9s. Je ne referrai pas de <a href=\"https:\/\/www.20minutes.fr\/arts-stars\/television\/\" class=\"color-ultramarine c-link\" target=\"_blank\" rel=\"noopener\">t\u00e9l\u00e9vision<\/a>. J\u2019ai comme projet de me lancer dans la mode, \u00e7a me plairait bien. J\u2019aime cr\u00e9er des v\u00eatements et les d\u00e9fil\u00e9s.<\/p>\n<p>P\u00a0: Je n\u2019avais rien imagin\u00e9 pour l\u2019apr\u00e8s. J\u2019esp\u00e8re pouvoir saisir de belles opportunit\u00e9s. Mais l\u00e0, je me recentre et me reconnecte \u00e0 la vie. Je suis impatiente de retrouver mon <a href=\"https:\/\/www.20minutes.fr\/dossier\/indonesie\" class=\"color-ultramarine c-link\" target=\"_blank\" rel=\"noopener\">Indon\u00e9sie<\/a>, en septembre je pense.<\/p>\n","protected":false},"excerpt":{"rendered":"Il ne reste plus que trois semaines avant la fin de la saison 13 de \u00ab\u00a0Secret Story\u00a0\u00bb. Une&hellip;\n","protected":false},"author":2,"featured_media":256861,"comment_status":"","ping_status":"","sticky":false,"template":"","format":"standard","meta":{"footnotes":""},"categories":[1356],"tags":[251,58,59,1011,27,330,1393,29901,252,199,30052,1364],"class_list":{"0":"post-256860","1":"post","2":"type-post","3":"status-publish","4":"format-standard","5":"has-post-thumbnail","7":"category-television","8":"tag-culture","9":"tag-divertissement","10":"tag-entertainment","11":"tag-fr","12":"tag-france","13":"tag-jeux","14":"tag-loisirs","15":"tag-secret-story","16":"tag-television","17":"tag-tf1","18":"tag-tfx","19":"tag-tv"},"share_on_mastodon":{"url":"https:\/\/pubeurope.com\/@fr\/114875384780016996","error":""},"_links":{"self":[{"href":"https:\/\/www.europesays.com\/fr\/wp-json\/wp\/v2\/posts\/256860","targetHints":{"allow":["GET"]}}],"collection":[{"href":"https:\/\/www.europesays.com\/fr\/wp-json\/wp\/v2\/posts"}],"about":[{"href":"https:\/\/www.europesays.com\/fr\/wp-json\/wp\/v2\/types\/post"}],"author":[{"embeddable":true,"href":"https:\/\/www.europesays.com\/fr\/wp-json\/wp\/v2\/users\/2"}],"replies":[{"embeddable":true,"href":"https:\/\/www.europesays.com\/fr\/wp-json\/wp\/v2\/comments?post=256860"}],"version-history":[{"count":0,"href":"https:\/\/www.europesays.com\/fr\/wp-json\/wp\/v2\/posts\/256860\/revisions"}],"wp:featuredmedia":[{"embeddable":true,"href":"https:\/\/www.europesays.com\/fr\/wp-json\/wp\/v2\/media\/256861"}],"wp:attachment":[{"href":"https:\/\/www.europesays.com\/fr\/wp-json\/wp\/v2\/media?parent=256860"}],"wp:term":[{"taxonomy":"category","embeddable":true,"href":"https:\/\/www.europesays.com\/fr\/wp-json\/wp\/v2\/categories?post=256860"},{"taxonomy":"post_tag","embeddable":true,"href":"https:\/\/www.europesays.com\/fr\/wp-json\/wp\/v2\/tags?post=256860"}],"curies":[{"name":"wp","href":"https:\/\/api.w.org\/{rel}","templated":true}]}}