{"id":256872,"date":"2025-07-18T17:25:13","date_gmt":"2025-07-18T17:25:13","guid":{"rendered":"https:\/\/www.europesays.com\/fr\/256872\/"},"modified":"2025-07-18T17:25:13","modified_gmt":"2025-07-18T17:25:13","slug":"planete-9-une-nouvelle-decouverte-japonaise-remet-tout-en-question","status":"publish","type":"post","link":"https:\/\/www.europesays.com\/fr\/256872\/","title":{"rendered":"Plan\u00e8te 9 : une nouvelle d\u00e9couverte japonaise remet tout en question\u00a0!"},"content":{"rendered":"<p class=\"ed__a-p ed__bdy__l\"><img loading=\"lazy\" decoding=\"async\" src=\"data:image\/svg+xml,%3Csvg xmlns='http:\/\/www.w3.org\/2000\/svg'%3E%3C\/svg%3E\" draggable=\"false\" width=\"2132\" height=\"1200\" class=\"ed__title-xxs\" alt=\"Illustration du corps fossile du Syst\u00e8me solaire nouvellement d\u00e9couvert\" style=\"background-color: #f2f2f2; aspect-ratio:2132\/1200;\"\/><\/p>\n<p>Illustration du corps fossile du Syst\u00e8me solaire nouvellement d\u00e9couvert.<\/p>\n<p>\u00a9 Ying-Tung Chen (ASIAA)<\/p>\n<\/p>\n<p class=\"ed__a-p ed__bdy__l\">Cette semaine, des astronomes japonais ont fait \u00e9tat de la d\u00e9couverte d&rsquo;un corps dit \u201csedno\u00efde\u201d d&rsquo;environ 300\u00a0km de diam\u00e8tre, soit 45\u00a0fois la taille du mont Everest. Est-il assez grand et massif pour \u00eatre rond et ainsi pr\u00e9tendre au statut de plan\u00e8te naine, \u00e7a n&rsquo;est pas certain, mais il pourrait s&rsquo;agir d&rsquo;une pi\u00e8ce majeure du puzzle qu&rsquo;est notre connaissance de notre Syst\u00e8me solaire.<\/p>\n<p>            Publicit\u00e9, votre contenu continue ci-dessous<\/p>\n<p>        Publicit\u00e9<\/p>\n<p class=\"ed__a-p ed__bdy__l\">Jusqu&rsquo;ici pass\u00e9 inaper\u00e7u, ce corps r\u00e9pond \u00e0 la d\u00e9signation peu m\u00e9lodieuse de 2023 KQ14 \u2014\u00a0il sera probablement renomm\u00e9 par le Centre des plan\u00e8tes mineures, mais ces d\u00e9couvreurs l&rsquo;appellent d&rsquo;ores et d\u00e9j\u00e0 Ammonite. C&rsquo;est dans le cadre du programme FOSSIL (pour Formation of the Outer Solar System: An Icy Legacy) men\u00e9 avec le t\u00e9lescope japonais Subaru que l&rsquo;objet glac\u00e9 a \u00e9t\u00e9 rep\u00e9r\u00e9 sur une orbite tr\u00e8s excentrique, actuellement \u201cproche\u201d du Soleil (ou p\u00e9rih\u00e9lie), l&rsquo;\u00e9quivalent tout de m\u00eame de 71\u00a0fois la distance Terre-Soleil. On le dit sedno\u00efde, car il se trouve donc dans les parages du <a href=\"https:\/\/fr.wikipedia.org\/wiki\/(90377)_Sedna\" target=\"_blank\" rel=\"nofollow noopener\">gros transneptunien Sedna<\/a>.<\/p>\n<p class=\"ed__a-p ed__bdy__l\"><img loading=\"lazy\" decoding=\"async\" src=\"data:image\/svg+xml,%3Csvg xmlns='http:\/\/www.w3.org\/2000\/svg'%3E%3C\/svg%3E\" draggable=\"false\" width=\"802\" height=\"528\" class=\"ed__title-xxs\" alt=\"Animation montrant le mouvement orbital d'Ammonite sur plusieurs jours.\" style=\"background-color: #f2f2f2; aspect-ratio:802\/528;\"\/><\/p>\n<p>Animation montrant le mouvement orbital d&rsquo;Ammonite sur plusieurs jours.<\/p>\n<p>\u00a9 NAOJ\/ASIAA<\/p>\n<\/p>\n<p class=\"ed__a-p ed__bdy__l\">Surtout, 2023 KQ14 pr\u00e9sente une caract\u00e9ristique qui pourrait avoir un lien avec le destin de la plan\u00e8te\u00a09, celle dont l&rsquo;existence m\u00eame est tr\u00e8s d\u00e9battue.<\/p>\n<p>La plan\u00e8te 9 a-t-elle \u00e9t\u00e9 \u00e9ject\u00e9e du Syst\u00e8me solaire\u00a0?<\/p>\n<p class=\"ed__a-p ed__bdy__l\"><img loading=\"lazy\" decoding=\"async\" src=\"data:image\/svg+xml,%3Csvg xmlns='http:\/\/www.w3.org\/2000\/svg'%3E%3C\/svg%3E\" draggable=\"false\" width=\"1100\" height=\"618\" class=\"ed__title-xxs\" alt=\"L'orbite d'Ammonite (en rouge) pr\u00e9sente un plan diff\u00e9rent des autres objets comparables\" style=\"background-color: #f2f2f2; aspect-ratio:1100\/618;\"\/><\/p>\n<p>L&rsquo;orbite d&rsquo;Ammonite (en rouge) pr\u00e9sente un plan diff\u00e9rent des autres objets comparables.<\/p>\n<p>\u00a9 NAOJ<\/p>\n<\/p>\n<p class=\"ed__a-p ed__bdy__l\">Au-del\u00e0 de Pluton, la plus c\u00e9l\u00e8bre des plan\u00e8tes naines, se trouve un nombre consid\u00e9rable d&rsquo;ast\u00e9ro\u00efdes glac\u00e9s, plus ou moins gros, dont la d\u00e9couverte peut bouleverser notre compr\u00e9hension du Syst\u00e8me solaire. On sait n\u00e9anmoins depuis longtemps que Pluton poss\u00e8de une inclinaison orbitale diff\u00e9rente des plan\u00e8tes majeures, et c&rsquo;est aussi le cas des gros objets transneptuniens connus. L&rsquo;une des hypoth\u00e8ses pour expliquer cette bizarrerie orbitale est qu&rsquo;une plan\u00e8te tr\u00e8s massive, plusieurs fois la masse de la Terre, habiterait les confins du Syst\u00e8me solaire. Or la pr\u00e9sence d&rsquo;Ammonite dans ces parages et avec son orbite ne collerait pas avec l&rsquo;existence de la plan\u00e8te\u00a09. Ou du moins, elle pourrait \u00eatre le signe que si plan\u00e8te\u00a09 il y eut, elle aurait \u00e9t\u00e9 \u00e9ject\u00e9e depuis de notre syst\u00e8me\u00a0!<\/p>\n<p class=\"ed__a-p ed__bdy__l\">Selon le Dr. Yukun Huang de l&rsquo;Observatoire national astronomique du Japon, apr\u00e8s avoir men\u00e9 des simulations, \u201cle fait que l&rsquo;orbite actuelle de 2023 KQ14 ne s&rsquo;aligne pas sur celles des trois autres sednoides r\u00e9duit la probabilit\u00e9 de l&rsquo;hypoth\u00e9tique plan\u00e8te\u00a09. Il est possible qu&rsquo;une plan\u00e8te ait exist\u00e9 dans le syst\u00e8me solaire, mais qu&rsquo;elle ait \u00e9t\u00e9 ensuite \u00e9ject\u00e9e, provoquant les orbites inhabituelles que nous voyons aujourd&rsquo;hui\u201d.<br \/>\u00a0<br \/>\u00a0<\/p>\n<p>En r\u00e9sum\u00e9<\/p>\n<ul class=\"ed__lists ed__bdy__l\">\n<li>Gr\u00e2ce au t\u00e9lescope Subaru, un genre de petite plan\u00e8te naine vient d&rsquo;\u00eatre d\u00e9couvert.<\/li>\n<li>Ses caract\u00e9ristiques orbitales sugg\u00e8rent qu&rsquo;une \u00e9ventuelle plan\u00e8te\u00a09 aurait pu subir un sort peu enviable\u00a0: \u00eatre \u00e9ject\u00e9e du Syst\u00e8me solaire.<\/li>\n<\/ul>\n<p>            Publicit\u00e9, votre contenu continue ci-dessous<\/p>\n<p>        Publicit\u00e9<\/p>\n<p class=\"ed__a-p ed__bdy__l\">Envie de faire encore plus d&rsquo;\u00e9conomies ? D\u00e9couvrez <a href=\"https:\/\/www.lesnumeriques.com\/codes-promo.html\" rel=\"nofollow noopener\" target=\"_blank\">nos codes promo<\/a> s\u00e9lectionn\u00e9s pour vous.<\/p>\n","protected":false},"excerpt":{"rendered":"Illustration du corps fossile du Syst\u00e8me solaire nouvellement d\u00e9couvert. \u00a9 Ying-Tung Chen (ASIAA) Cette semaine, des astronomes japonais&hellip;\n","protected":false},"author":2,"featured_media":256873,"comment_status":"","ping_status":"","sticky":false,"template":"","format":"standard","meta":{"footnotes":""},"categories":[7],"tags":[1011,27,43,40,41,39,42,44],"class_list":{"0":"post-256872","1":"post","2":"type-post","3":"status-publish","4":"format-standard","5":"has-post-thumbnail","7":"category-sciences-et-technologies","8":"tag-fr","9":"tag-france","10":"tag-science","11":"tag-science-and-technology","12":"tag-sciences","13":"tag-sciences-et-technologies","14":"tag-technologies","15":"tag-technology"},"share_on_mastodon":{"url":"https:\/\/pubeurope.com\/@fr\/114875408393088428","error":""},"_links":{"self":[{"href":"https:\/\/www.europesays.com\/fr\/wp-json\/wp\/v2\/posts\/256872","targetHints":{"allow":["GET"]}}],"collection":[{"href":"https:\/\/www.europesays.com\/fr\/wp-json\/wp\/v2\/posts"}],"about":[{"href":"https:\/\/www.europesays.com\/fr\/wp-json\/wp\/v2\/types\/post"}],"author":[{"embeddable":true,"href":"https:\/\/www.europesays.com\/fr\/wp-json\/wp\/v2\/users\/2"}],"replies":[{"embeddable":true,"href":"https:\/\/www.europesays.com\/fr\/wp-json\/wp\/v2\/comments?post=256872"}],"version-history":[{"count":0,"href":"https:\/\/www.europesays.com\/fr\/wp-json\/wp\/v2\/posts\/256872\/revisions"}],"wp:featuredmedia":[{"embeddable":true,"href":"https:\/\/www.europesays.com\/fr\/wp-json\/wp\/v2\/media\/256873"}],"wp:attachment":[{"href":"https:\/\/www.europesays.com\/fr\/wp-json\/wp\/v2\/media?parent=256872"}],"wp:term":[{"taxonomy":"category","embeddable":true,"href":"https:\/\/www.europesays.com\/fr\/wp-json\/wp\/v2\/categories?post=256872"},{"taxonomy":"post_tag","embeddable":true,"href":"https:\/\/www.europesays.com\/fr\/wp-json\/wp\/v2\/tags?post=256872"}],"curies":[{"name":"wp","href":"https:\/\/api.w.org\/{rel}","templated":true}]}}