{"id":256876,"date":"2025-07-18T17:27:10","date_gmt":"2025-07-18T17:27:10","guid":{"rendered":"https:\/\/www.europesays.com\/fr\/256876\/"},"modified":"2025-07-18T17:27:10","modified_gmt":"2025-07-18T17:27:10","slug":"en-syrie-des-affrontements-entre-combattants-tribaux-et-druzes-sont-en-cours-aux-abords-de-souweida","status":"publish","type":"post","link":"https:\/\/www.europesays.com\/fr\/256876\/","title":{"rendered":"En Syrie, des affrontements entre combattants tribaux et druzes sont en cours aux abords de Souwe\u00efda"},"content":{"rendered":"<p>                          <img loading=\"lazy\" decoding=\"async\" src=\"https:\/\/www.europesays.com\/fr\/wp-content\/uploads\/2025\/07\/c37a27a_ftp-import-images-1-dxtvuubs1drr-5442993-01-06.jpg\" alt=\"Des combattants de tribus b\u00e9douines circulent \u00e0 moto, \u00e0 Souwe\u00efda, dans le sud de la Syrie, alors que les affrontements avec des hommes arm\u00e9s druzes se poursuivent, le 18\u00a0juillet 2025. \"   width=\"664\" height=\"443\"\/>    Des combattants de tribus b\u00e9douines circulent \u00e0 moto, \u00e0 Souwe\u00efda, dans le sud de la Syrie, alors que les affrontements avec des hommes arm\u00e9s druzes se poursuivent, le 18\u00a0juillet 2025.  OMAR HAJ KADOUR \/ AFP                   <\/p>\n<p class=\"article__paragraph  \">Des affrontements ont oppos\u00e9, vendredi 18\u00a0juillet, des combattants tribaux, proches des autorit\u00e9s syriennes, aux groupes druzes aux abords de la ville de Souwe\u00efda, dans le sud de la Syrie, d\u2019o\u00f9 les forces gouvernementales se sont retir\u00e9es <a href=\"https:\/\/www.lemonde.fr\/international\/article\/2025\/07\/17\/en-syrie-les-forces-gouvernementales-se-retirent-de-toute-la-province-de-souweida-a-majorite-druze_6621711_3210.html\" target=\"_blank\" rel=\"noopener\">apr\u00e8s des bombardements isra\u00e9liens<\/a>.<\/p>\n<p class=\"article__paragraph  \">L\u2019Observatoire syrien des droits de l\u2019homme (OSDH) a fait \u00e9tat \u00ab\u00a0d\u2019affrontements \u00e0 l\u2019ouest de Souwe\u00efda entre des combattants tribaux et des B\u00e9douins d\u2019un c\u00f4t\u00e9, soutenus par les autorit\u00e9s, et des combattants druzes de l\u2019autre\u00a0\u00bb. Des combattants des deux bords ont confirm\u00e9 aux correspondants de l\u2019Agence France-Presse (AFP) des \u00e9changes de tirs.<\/p>\n<p class=\"article__paragraph  \">Plusieurs combattants druzes ont d\u00e9clar\u00e9 au correspondant de l\u2019AFP \u00e0 Souwe\u00efda qu\u2019ils r\u00e9pliquaient aux sources de tirs \u00e0 l\u2019ouest de la ville. Un chef tribal, Anas Al-Enad, a affirm\u00e9 qu\u2019il \u00e9tait venu avec ses hommes de la r\u00e9gion de Hama (centre) \u00ab\u00a0en r\u00e9ponse aux appels \u00e0 l\u2019aide des B\u00e9douins\u00a0\u00bb. Un correspondant de l\u2019AFP a vu des maisons, des commerces et des voitures br\u00fbl\u00e9s ou encore en train de br\u00fbler, dans le village druze de Walgha, d\u00e9sormais sous contr\u00f4le des forces tribales et des B\u00e9douins.<\/p>\n<p>                                Lire aussi |  Article r\u00e9serv\u00e9 \u00e0 nos abonn\u00e9s  <a href=\"https:\/\/www.lemonde.fr\/international\/article\/2025\/07\/18\/syrie-dans-la-ville-druze-de-souweida-un-cycle-de-vengeances_6622022_3210.html\" class=\"js-article-read-also catcher--favoris__link\" data-premium=\"1\" id=\"article-title-3431893\" target=\"_blank\" rel=\"noopener\">Syrie\u00a0: dans la ville druze de Souwe\u00efda, un cycle de vengeances<\/a>    <\/p>\n<p>   Lire plus tard  <\/p>\n<p>                   \u00ab\u00a0Plus de 400\u00a0corps\u00a0\u00bb \u00e0 l\u2019h\u00f4pital             <\/p>\n<p class=\"article__paragraph  \">Les affrontements ont \u00e9clat\u00e9 dimanche soir entre combattants druzes et tribus b\u00e9douines locales avant l\u2019intervention des forces du gouvernement syrien, accus\u00e9es d\u2019avoir \u00e9galement combattu les groupes druzes. Ces violences ont fait plus de 600\u00a0morts, selon l\u2019OSDH.<\/p>\n<p class=\"article__paragraph  \">Vendredi, l\u2019h\u00f4pital gouvernemental de Souwe\u00efda a dit avoir accueilli \u00ab\u00a0plus de 400 corps depuis lundi matin\u00a0\u00bb, parmi lesquels des femmes et des enfants. \u00ab\u00a0Il n\u2019y a plus de place \u00e0 la morgue, les corps sont dans la rue\u00a0\u00bb, devant l\u2019h\u00f4pital, a t\u00e9moign\u00e9 \u00e0 l\u2019AFP le m\u00e9decin Omar Obeid, pr\u00e9sident de la section de Souwe\u00efda de l\u2019ordre des m\u00e9decins.<\/p>\n<p class=\"article__paragraph  \">Selon l\u2019Organisation internationale pour les migrations (OIM), pr\u00e8s de 80\u00a0000 personnes ont fui leur domicile dans la province de Souwe\u00efda depuis le 13\u00a0juillet, dont 20\u00a0000\u00a0pour la seule journ\u00e9e du 17\u00a0juillet. L\u2019organisation ajoute, dans un communiqu\u00e9, que \u00ab\u00a0les services essentiels \u00e0 Souwe\u00efda, tels que l\u2019\u00e9lectricit\u00e9 et l\u2019eau, se sont effondr\u00e9s\u00a0\u00bb, tandis qu\u2019une \u00ab\u00a0p\u00e9nurie de carburant a paralys\u00e9 les transports et a entrav\u00e9 les op\u00e9rations d\u2019\u00e9vacuation d\u2019urgence\u00a0\u00bb.<\/p>\n<p class=\"article__paragraph  \">Le haut-commissaire de l\u2019ONU aux droits humains, Volker T\u00fcrk, a appel\u00e9 \u00e0 des enqu\u00eates \u00ab\u00a0rapides\u00a0\u00bb et \u00ab\u00a0transparentes\u00a0sur toutes les violations\u00a0\u00bb. \u00ab\u00a0Cette effusion de sang et cette violence doivent cesser, et la protection de toutes les personnes doit \u00eatre la priorit\u00e9 absolue\u00a0\u00bb, a d\u00e9clar\u00e9 M.\u00a0T\u00fcrk dans un communiqu\u00e9 publi\u00e9 vendredi matin.<\/p>\n<p> Le Monde M\u00e9morable  <\/p>\n<p> <a href=\"https:\/\/www.lemonde.fr\/memorable\/?rfextension=inread\" class=\"inread__link js-services-inread-link\" target=\"_blank\" rel=\"noopener\">  <\/p>\n<p>Testez votre culture g\u00e9n\u00e9rale avec la r\u00e9daction du \u00ab Monde \u00bb<\/p>\n<p>Testez votre culture g\u00e9n\u00e9rale avec la r\u00e9daction du \u00ab Monde \u00bb<\/p>\n<p>D\u00e9couvrir<\/p>\n<p> <\/a>         <\/p>\n<p class=\"article__paragraph  \">\u00ab\u00a0L\u2019incitation \u00e0 la violence et les discours de haine, en ligne comme hors ligne, doivent \u00e9galement cesser\u00a0\u00bb, a-t-il ajout\u00e9, consid\u00e9rant \u00ab\u00a0essentiel que des mesures imm\u00e9diates soient prises pour \u00e9viter que de telles violences ne se reproduisent\u00a0\u00bb. Le haut-commissaire a \u00e9galement fait part de ses pr\u00e9occupations concernant les informations faisant \u00e9tat de victimes civiles \u00e0 la suite des frappes a\u00e9riennes isra\u00e9liennes sur Souwe\u00efda, Deraa et dans le centre de Damas.<\/p>\n<p>                                Lire aussi |  Article r\u00e9serv\u00e9 \u00e0 nos abonn\u00e9s  <a href=\"https:\/\/www.lemonde.fr\/international\/article\/2025\/07\/17\/frappes-sur-damas-israel-impose-ses-lignes-rouges-au-nouveau-pouvoir-syrien_6621725_3210.html\" class=\"js-article-read-also catcher--favoris__link\" data-premium=\"1\" id=\"article-title-3431729\" target=\"_blank\" rel=\"noopener\">En bombardant Damas, Isra\u00ebl impose ses lignes rouges au nouveau pouvoir syrien<\/a>    <\/p>\n<p>   Lire plus tard  <\/p>\n<p class=\"article__paragraph  \">Isra\u00ebl a, de son c\u00f4t\u00e9, d\u00e9menti vendredi les informations de l\u2019agence officielle syrienne SANA selon lesquelles son arm\u00e9e a men\u00e9 de nouvelles frappes a\u00e9riennes jeudi soir pr\u00e8s de Souwe\u00efda. \u00ab\u00a0L\u2019arm\u00e9e isra\u00e9lienne n\u2019a pas connaissance de frappes nocturnes en Syrie\u00a0\u00bb, a d\u00e9clar\u00e9 \u00e0 l\u2019AFP un porte-parole militaire.<\/p>\n<p>             \u00ab\u00a0Menace\u00a0\u00bb pour la r\u00e9gion             <\/p>\n<p class=\"article__paragraph  \">Le ministre des affaires \u00e9trang\u00e8res isra\u00e9lien a annonc\u00e9 que son pays allait envoyer de l\u2019aide humanitaire aux Druzes de Syrie. \u00ab\u00a0Dans le contexte des r\u00e9centes attaques visant la communaut\u00e9 druze de Souwe\u00efda et de la grave situation humanitaire dans la r\u00e9gion, le ministre des affaires \u00e9trang\u00e8res, Gideon Saar, a ordonn\u00e9 le transfert urgent d\u2019une aide humanitaire \u00e0 la population druze de la r\u00e9gion\u00a0\u00bb, a affirm\u00e9 son minist\u00e8re. L\u2019aide s\u2019\u00e9l\u00e8vera \u00e0 2\u00a0millions de shekels (plus de 500\u00a0000\u00a0euros) et comprendra des colis alimentaires et des fournitures m\u00e9dicales, a-t-il ajout\u00e9.<\/p>\n<p>                                Lire aussi |  Article r\u00e9serv\u00e9 \u00e0 nos abonn\u00e9s  <a href=\"https:\/\/www.lemonde.fr\/international\/article\/2025\/07\/17\/violences-en-syrie-qui-sont-les-druzes-et-pourquoi-sont-ils-defendus-par-israel_6621792_3210.html\" class=\"js-article-read-also catcher--favoris__link\" data-premium=\"1\" id=\"article-title-3431904\" target=\"_blank\" rel=\"noopener\">Qui sont les Druzes et pourquoi sont-ils d\u00e9fendus en Syrie par Isra\u00ebl\u00a0?<\/a>    <\/p>\n<p>   Lire plus tard  <\/p>\n<p class=\"article__paragraph  \">Le pouvoir syrien, qui dit vouloir r\u00e9tablir l\u2019ordre, avait d\u00e9ploy\u00e9 ses forces mardi \u00e0 Souwe\u00efda, jusque-l\u00e0 contr\u00f4l\u00e9es par des combattants druzes. L\u2019OSDH, des t\u00e9moins et des groupes druzes ont toutefois accus\u00e9 les forces syriennes d\u2019avoir combattu au c\u00f4t\u00e9 des tribus et d\u2019avoir commis des exactions. Un cessez-le-feu est entr\u00e9 en vigueur, mais la pr\u00e9sidence syrienne a accus\u00e9 jeudi soir dans un communiqu\u00e9 les combattants druzes de le violer.<\/p>\n<p class=\"article__paragraph  \">Le pr\u00e9sident russe, Vladimir Poutine, a exprim\u00e9 vendredi, lors d\u2019une conversation t\u00e9l\u00e9phonique avec son homologue turc, sa \u00ab\u00a0profonde pr\u00e9occupation\u00a0\u00bb face aux violences en Syrie, appelant \u00e0 une \u00ab\u00a0stabilisation\u00a0\u00bb, selon un communiqu\u00e9 du Kremlin. Ces combats \u00ab\u00a0cr\u00e9ent une menace pour l\u2019ensemble de la r\u00e9gion\u00a0\u00bb, a estim\u00e9 Recep Tayyip Erdogan, ajoutant qu\u2019il \u00e9tait essentiel, \u00e0 ses yeux, qu\u2019Isra\u00ebl ne viole pas la souverainet\u00e9 syrienne, ont rapport\u00e9 ses services.<\/p>\n<p>                                Lire aussi |  <a href=\"https:\/\/www.lemonde.fr\/idees\/article\/2025\/07\/18\/syrie-la-dangereuse-strategie-israelienne_6622013_3232.html\" class=\"js-article-read-also catcher--favoris__link\" data-premium=\"\" id=\"article-title-3431816\" target=\"_blank\" rel=\"noopener\">Syrie\u00a0: la dangereuse strat\u00e9gie isra\u00e9lienne<\/a>    <\/p>\n<p>   Lire plus tard  <\/p>\n<p class=\"author__detail\">  Le Monde avec AFP  <\/p>\n<p>                  <a href=\"https:\/\/www.lemonde.fr\/syndication\/\" class=\"reuse__content\" title=\"R\u00e9utiliser ce contenu\" target=\"_blank\" rel=\"noopener\">R\u00e9utiliser ce contenu<\/a>      <\/p>\n","protected":false},"excerpt":{"rendered":"Des combattants de tribus b\u00e9douines circulent \u00e0 moto, \u00e0 Souwe\u00efda, dans le sud de la Syrie, alors que&hellip;\n","protected":false},"author":2,"featured_media":256877,"comment_status":"","ping_status":"","sticky":false,"template":"","format":"standard","meta":{"footnotes":""},"categories":[5],"tags":[11,1011,27,14,12,28],"class_list":{"0":"post-256876","1":"post","2":"type-post","3":"status-publish","4":"format-standard","5":"has-post-thumbnail","7":"category-international","8":"tag-actualites","9":"tag-fr","10":"tag-france","11":"tag-international","12":"tag-news","13":"tag-world"},"share_on_mastodon":{"url":"https:\/\/pubeurope.com\/@fr\/114875416236490510","error":""},"_links":{"self":[{"href":"https:\/\/www.europesays.com\/fr\/wp-json\/wp\/v2\/posts\/256876","targetHints":{"allow":["GET"]}}],"collection":[{"href":"https:\/\/www.europesays.com\/fr\/wp-json\/wp\/v2\/posts"}],"about":[{"href":"https:\/\/www.europesays.com\/fr\/wp-json\/wp\/v2\/types\/post"}],"author":[{"embeddable":true,"href":"https:\/\/www.europesays.com\/fr\/wp-json\/wp\/v2\/users\/2"}],"replies":[{"embeddable":true,"href":"https:\/\/www.europesays.com\/fr\/wp-json\/wp\/v2\/comments?post=256876"}],"version-history":[{"count":0,"href":"https:\/\/www.europesays.com\/fr\/wp-json\/wp\/v2\/posts\/256876\/revisions"}],"wp:featuredmedia":[{"embeddable":true,"href":"https:\/\/www.europesays.com\/fr\/wp-json\/wp\/v2\/media\/256877"}],"wp:attachment":[{"href":"https:\/\/www.europesays.com\/fr\/wp-json\/wp\/v2\/media?parent=256876"}],"wp:term":[{"taxonomy":"category","embeddable":true,"href":"https:\/\/www.europesays.com\/fr\/wp-json\/wp\/v2\/categories?post=256876"},{"taxonomy":"post_tag","embeddable":true,"href":"https:\/\/www.europesays.com\/fr\/wp-json\/wp\/v2\/tags?post=256876"}],"curies":[{"name":"wp","href":"https:\/\/api.w.org\/{rel}","templated":true}]}}