{"id":256883,"date":"2025-07-18T17:31:16","date_gmt":"2025-07-18T17:31:16","guid":{"rendered":"https:\/\/www.europesays.com\/fr\/256883\/"},"modified":"2025-07-18T17:31:16","modified_gmt":"2025-07-18T17:31:16","slug":"saint-etienne-le-centre-social-a-remis-ses-babets-dor","status":"publish","type":"post","link":"https:\/\/www.europesays.com\/fr\/256883\/","title":{"rendered":"Saint-\u00c9tienne. Le centre social a remis ses Babets d\u2019or"},"content":{"rendered":"<p>M\u00eame si elles ne donnent plus de cours de fran\u00e7ais au centre social le Babet, les personnes \u00e0 qui elles ont appris la langue les reconnaissent et les saluent quand elles les croisent dans la rue. Parfois m\u00eame d\u2019un \u00ab\u00a0Bonjour Ma\u00eetre\u00a0\u00bb. Elles les remercient aussi. Pendant de nombreuses ann\u00e9es, Josette Gente et Yvonne Bourgeois ont r\u00e9guli\u00e8rement donn\u00e9 ces cours \u00e0 des dames du quartier. <\/p>\n<p>Alain Gerin, lui, poursuit cette exp\u00e9rience. Et tous les trois ont \u00e9t\u00e9 distingu\u00e9s et remerci\u00e9s&#8230;<\/p>\n","protected":false},"excerpt":{"rendered":"M\u00eame si elles ne donnent plus de cours de fran\u00e7ais au centre social le Babet, les personnes \u00e0&hellip;\n","protected":false},"author":2,"featured_media":256884,"comment_status":"","ping_status":"","sticky":false,"template":"","format":"standard","meta":{"footnotes":""},"categories":[9653],"tags":[1111,11,2430,7539,1777,674,1011,27,12,25,4001,7538,104,1631],"class_list":{"0":"post-256883","1":"post","2":"type-post","3":"status-publish","4":"format-standard","5":"has-post-thumbnail","7":"category-saint-etienne","8":"tag-actu","9":"tag-actualites","10":"tag-auvergne-rhone-alpes","11":"tag-edition-loire-sud","12":"tag-eu","13":"tag-europe","14":"tag-fr","15":"tag-france","16":"tag-news","17":"tag-republique-francaise","18":"tag-saint-etienne","19":"tag-saint-etienne-ville","20":"tag-societe","21":"tag-vie-associative"},"share_on_mastodon":{"url":"https:\/\/pubeurope.com\/@fr\/114875431819704143","error":""},"_links":{"self":[{"href":"https:\/\/www.europesays.com\/fr\/wp-json\/wp\/v2\/posts\/256883","targetHints":{"allow":["GET"]}}],"collection":[{"href":"https:\/\/www.europesays.com\/fr\/wp-json\/wp\/v2\/posts"}],"about":[{"href":"https:\/\/www.europesays.com\/fr\/wp-json\/wp\/v2\/types\/post"}],"author":[{"embeddable":true,"href":"https:\/\/www.europesays.com\/fr\/wp-json\/wp\/v2\/users\/2"}],"replies":[{"embeddable":true,"href":"https:\/\/www.europesays.com\/fr\/wp-json\/wp\/v2\/comments?post=256883"}],"version-history":[{"count":0,"href":"https:\/\/www.europesays.com\/fr\/wp-json\/wp\/v2\/posts\/256883\/revisions"}],"wp:featuredmedia":[{"embeddable":true,"href":"https:\/\/www.europesays.com\/fr\/wp-json\/wp\/v2\/media\/256884"}],"wp:attachment":[{"href":"https:\/\/www.europesays.com\/fr\/wp-json\/wp\/v2\/media?parent=256883"}],"wp:term":[{"taxonomy":"category","embeddable":true,"href":"https:\/\/www.europesays.com\/fr\/wp-json\/wp\/v2\/categories?post=256883"},{"taxonomy":"post_tag","embeddable":true,"href":"https:\/\/www.europesays.com\/fr\/wp-json\/wp\/v2\/tags?post=256883"}],"curies":[{"name":"wp","href":"https:\/\/api.w.org\/{rel}","templated":true}]}}