{"id":256891,"date":"2025-07-18T17:35:10","date_gmt":"2025-07-18T17:35:10","guid":{"rendered":"https:\/\/www.europesays.com\/fr\/256891\/"},"modified":"2025-07-18T17:35:10","modified_gmt":"2025-07-18T17:35:10","slug":"je-ne-veux-pas-que-cette-sale-noire-fasse-mes-papiers-un-ex-militaire-juge-pour-violences-et-injure-raciste-a-toulon","status":"publish","type":"post","link":"https:\/\/www.europesays.com\/fr\/256891\/","title":{"rendered":"\u00ab\u00a0Je ne veux pas que cette sale Noire fasse mes papiers\u00a0\u00bb: un ex-militaire jug\u00e9 pour violences et injure raciste \u00e0 Toulon"},"content":{"rendered":"<p>Le pr\u00e9venu n\u2019a pas jug\u00e9 n\u00e9cessaire de faire le d\u00e9placement \u00e0 son proc\u00e8s ce jeudi \u00e0 Toulon. Ses victimes non plus, de peur de croiser \u00e0 nouveau l\u2019homme qui a fait trembler le personnel de la mairie annexe du quartier Saint-Jean-du-Var, en mars dernier, \u00e0 Toulon.<\/p>\n<p>Cet ancien militaire \u00e2g\u00e9 de 46 ans est sorti de ses gonds alors qu\u2019il effectuait des d\u00e9marches pour renouveler des documents d\u2019identit\u00e9. \u00a0\u00bb Voil\u00e0 un individu qui a sem\u00e9 la panique dans un service public. On lui a donn\u00e9 une liste de documents \u00e0 fournir. Il refuse de les donner, on ne sait pas trop pourquoi il r\u00e9agit de cette mani\u00e8re-l\u00e0\u00a0\u00bb, r\u00e9sume Samuel Finielz, procureur de la R\u00e9publique.<\/p>\n<p>Coups de poing sur le mobilier, doigt d\u2019honneur&#8230; Les t\u00e9moins ont d\u00e9crit un d\u00e9cha\u00eenement d\u2019agressivit\u00e9. <strong>\u00a0\u00bb Je ne veux pas que cette sale Noire fasse mes papiers\u00a0\u00bb,<\/strong> a \u00e9galement lanc\u00e9 le quadrag\u00e9naire avant de toiser la cheffe de service qui est venue s\u2019interposer. <strong>Si l\u2019une a fait l\u2019objet d\u2019une injure raciste, l\u2019autre s\u2019est vu reprocher de porter des talons hauts et un d\u00e9collet\u00e9.<\/strong><\/p>\n<p>Interruption du service public<\/p>\n<p>Quand l\u2019homme est revenu la semaine suivante se poster devant la mairie annexe, le local du boulevard Mar\u00e9chal-Joffre a \u00e9t\u00e9 ferm\u00e9 et les personnels exfiltr\u00e9s par l\u2019arri\u00e8re du b\u00e2timent. \u00ab\u00a0Son comportement a conduit \u00e0 la fermeture d\u2019un service public, c\u2019est inacceptable\u00a0\u00bb, a soulign\u00e9 le procureur dans ses r\u00e9quisitions.<\/p>\n<p><strong>Le mis en cause a refus\u00e9 de r\u00e9pondre \u00e0 la convocation de la police<\/strong> apr\u00e8s que des plaintes ont \u00e9t\u00e9 d\u00e9pos\u00e9es par les victimes. Il a \u00e9t\u00e9 <strong>interpell\u00e9 \u00ab\u00a0compl\u00e8tement ivre\u00a0\u00bb sur son lieu de travail<\/strong>,<strong> une \u00e9picerie du quartier<\/strong>. Et s\u2019est confondu en excuses devant les enqu\u00eateurs.<\/p>\n<p><strong>Le pr\u00e9venu a \u00e9t\u00e9 condamn\u00e9 \u00e0 indemniser l\u2019employ\u00e9e insult\u00e9e (1.500 euros) et la cheffe de service (1.000 euros) pour leur pr\u00e9judice moral.<\/strong> La Ville de Toulon s\u2019est \u00e9galement constitu\u00e9e partie civile. Son d\u00e9dommagement a \u00e9t\u00e9 \u00e9valu\u00e9 \u00e0 11.570,14 euros, correspondant aux sommes d\u00e9bours\u00e9es dans le cadre de cette affaire.<\/p>\n","protected":false},"excerpt":{"rendered":"Le pr\u00e9venu n\u2019a pas jug\u00e9 n\u00e9cessaire de faire le d\u00e9placement \u00e0 son proc\u00e8s ce jeudi \u00e0 Toulon. Ses&hellip;\n","protected":false},"author":2,"featured_media":256892,"comment_status":"","ping_status":"","sticky":false,"template":"","format":"standard","meta":{"footnotes":""},"categories":[9619],"tags":[1111,11,1777,674,118,1011,27,303,12,882,25,2310],"class_list":{"0":"post-256891","1":"post","2":"type-post","3":"status-publish","4":"format-standard","5":"has-post-thumbnail","7":"category-toulon","8":"tag-actu","9":"tag-actualites","10":"tag-eu","11":"tag-europe","12":"tag-faits-divers","13":"tag-fr","14":"tag-france","15":"tag-justice","16":"tag-news","17":"tag-provence-alpes-cote-dazur","18":"tag-republique-francaise","19":"tag-toulon"},"share_on_mastodon":{"url":"https:\/\/pubeurope.com\/@fr\/114875447616486688","error":""},"_links":{"self":[{"href":"https:\/\/www.europesays.com\/fr\/wp-json\/wp\/v2\/posts\/256891","targetHints":{"allow":["GET"]}}],"collection":[{"href":"https:\/\/www.europesays.com\/fr\/wp-json\/wp\/v2\/posts"}],"about":[{"href":"https:\/\/www.europesays.com\/fr\/wp-json\/wp\/v2\/types\/post"}],"author":[{"embeddable":true,"href":"https:\/\/www.europesays.com\/fr\/wp-json\/wp\/v2\/users\/2"}],"replies":[{"embeddable":true,"href":"https:\/\/www.europesays.com\/fr\/wp-json\/wp\/v2\/comments?post=256891"}],"version-history":[{"count":0,"href":"https:\/\/www.europesays.com\/fr\/wp-json\/wp\/v2\/posts\/256891\/revisions"}],"wp:featuredmedia":[{"embeddable":true,"href":"https:\/\/www.europesays.com\/fr\/wp-json\/wp\/v2\/media\/256892"}],"wp:attachment":[{"href":"https:\/\/www.europesays.com\/fr\/wp-json\/wp\/v2\/media?parent=256891"}],"wp:term":[{"taxonomy":"category","embeddable":true,"href":"https:\/\/www.europesays.com\/fr\/wp-json\/wp\/v2\/categories?post=256891"},{"taxonomy":"post_tag","embeddable":true,"href":"https:\/\/www.europesays.com\/fr\/wp-json\/wp\/v2\/tags?post=256891"}],"curies":[{"name":"wp","href":"https:\/\/api.w.org\/{rel}","templated":true}]}}