{"id":256899,"date":"2025-07-18T17:39:11","date_gmt":"2025-07-18T17:39:11","guid":{"rendered":"https:\/\/www.europesays.com\/fr\/256899\/"},"modified":"2025-07-18T17:39:11","modified_gmt":"2025-07-18T17:39:11","slug":"une-micro-creche-montessori-ferme-ses-portes-pour-plusieurs-manquements-graves","status":"publish","type":"post","link":"https:\/\/www.europesays.com\/fr\/256899\/","title":{"rendered":"Une micro cr\u00e8che Montessori ferme ses portes pour \u00ab\u00a0plusieurs manquements graves\u00a0\u00bb"},"content":{"rendered":"<p>Une cr\u00e8che priv\u00e9e Montessori situ\u00e9e \u00e0 Bihorel, dans la m\u00e9tropole de <a href=\"https:\/\/www.20minutes.fr\/dossier\/rouen\" class=\"color-ultramarine c-link\" target=\"_blank\" rel=\"noopener\">Rouen, <\/a>a d\u00fb fermer ses portes provisoirement en raison de \u00ab\u00a0plusieurs manquements graves\u00a0\u00bb, ont annonc\u00e9 la pr\u00e9fecture de <a href=\"https:\/\/www.20minutes.fr\/dossier\/seine_maritime-1\" class=\"color-ultramarine c-link\" target=\"_blank\" rel=\"noopener\">Seine-Maritime<\/a> et le conseil d\u00e9partemental. Mercredi, les services de la Protection maternelle et infantile (PMI) du conseil d\u00e9partemental de la Seine-Maritime et de la direction d\u00e9partementale de l\u2019emploi, du travail et des solidarit\u00e9s (Ddets) de la Seine-Maritime ont men\u00e9 une visite inopin\u00e9e \u00e0 la micro-cr\u00e8che \u00ab\u00a0Le Globe color\u00e9\u00a0\u00bb.<\/p>\n<p>Dans l\u2019arr\u00eat\u00e9 portant sur la fermeture provisoire, la pr\u00e9fecture pointe \u00ab\u00a0des temp\u00e9ratures relev\u00e9es dans les espaces de sommeil\u00a0\u00bb ne permettant pas \u00ab\u00a0d\u2019assurer la pr\u00e9vention de la mort inattendue du nourrisson (25,5\u00a0\u00b0C et 24,3\u00a0\u00b0C)\u00a0\u00bb, l\u2019absence \u00ab\u00a0de syst\u00e8me d\u2019alarme incendie\u00a0\u00bb ou encore \u00ab\u00a0les fausses d\u00e9clarations de la directrice g\u00e9n\u00e9rale\u00a0\u00bb qui sont \u00ab\u00a0susceptibles de compromettre la s\u00e9curit\u00e9 physique et le bien-\u00eatre\u00a0\u00bb des enfants.<\/p>\n<p>Une \u00e9ventuelle r\u00e9ouverture soumise \u00e0 des contr\u00f4les<\/p>\n<p>A la suite de cette visite, le pr\u00e9fet \u00ab\u00a0a d\u00e9cid\u00e9 de prononcer une fermeture administrative provisoire\u00a0\u00bb \u00e0 compter de lundi prochain.<\/p>\n<p>Cette d\u00e9cision \u00ab\u00a0intervient dans un contexte o\u00f9 les services de l\u2019\u00c9tat, et ceux du d\u00e9partement, ont relev\u00e9 plusieurs manquements graves au regard des exigences de s\u00e9curit\u00e9 et de qualit\u00e9 d\u2019accueil des jeunes enfants, malgr\u00e9 des \u00e9changes r\u00e9guliers avec les responsables de l\u2019\u00e9tablissement et l\u2019\u00e9mission de mises en demeure ant\u00e9rieures\u00a0\u00bb, ajoute le communiqu\u00e9 commun de la pr\u00e9fecture et du <a href=\"https:\/\/www.20minutes.fr\/dossier\/conseil_general\" class=\"color-ultramarine c-link\" target=\"_blank\" rel=\"noopener\">conseil d\u00e9partemental<\/a> normand.<\/p>\n<p>Les conditions \u00ab\u00a0d\u2019une \u00e9ventuelle r\u00e9ouverture seront \u00e9valu\u00e9es \u00e0 la suite d\u2019un prochain contr\u00f4le de la structure\u00a0\u00bb, selon la m\u00eame source. Selon son site Internet, le \u00ab\u00a0Globe Color\u00e9\u00a0\u00bb se pr\u00e9sente comme \u00ab\u00a0le premier lieu d\u2019accueil Montessori de l\u2019agglom\u00e9ration rouennaise\u00a0\u00bb.<\/p>\n","protected":false},"excerpt":{"rendered":"Une cr\u00e8che priv\u00e9e Montessori situ\u00e9e \u00e0 Bihorel, dans la m\u00e9tropole de Rouen, a d\u00fb fermer ses portes provisoirement&hellip;\n","protected":false},"author":2,"featured_media":256900,"comment_status":"","ping_status":"","sticky":false,"template":"","format":"standard","meta":{"footnotes":""},"categories":[9587],"tags":[1111,47,11,2695,1777,674,118,1011,27,12,5161,25,9590,5163],"class_list":{"0":"post-256899","1":"post","2":"type-post","3":"status-publish","4":"format-standard","5":"has-post-thumbnail","7":"category-rouen","8":"tag-actu","9":"tag-actualite","10":"tag-actualites","11":"tag-creche","12":"tag-eu","13":"tag-europe","14":"tag-faits-divers","15":"tag-fr","16":"tag-france","17":"tag-news","18":"tag-normandie","19":"tag-republique-francaise","20":"tag-rouen","21":"tag-seine-maritime"},"share_on_mastodon":{"url":"https:\/\/pubeurope.com\/@fr\/114875463300166077","error":""},"_links":{"self":[{"href":"https:\/\/www.europesays.com\/fr\/wp-json\/wp\/v2\/posts\/256899","targetHints":{"allow":["GET"]}}],"collection":[{"href":"https:\/\/www.europesays.com\/fr\/wp-json\/wp\/v2\/posts"}],"about":[{"href":"https:\/\/www.europesays.com\/fr\/wp-json\/wp\/v2\/types\/post"}],"author":[{"embeddable":true,"href":"https:\/\/www.europesays.com\/fr\/wp-json\/wp\/v2\/users\/2"}],"replies":[{"embeddable":true,"href":"https:\/\/www.europesays.com\/fr\/wp-json\/wp\/v2\/comments?post=256899"}],"version-history":[{"count":0,"href":"https:\/\/www.europesays.com\/fr\/wp-json\/wp\/v2\/posts\/256899\/revisions"}],"wp:featuredmedia":[{"embeddable":true,"href":"https:\/\/www.europesays.com\/fr\/wp-json\/wp\/v2\/media\/256900"}],"wp:attachment":[{"href":"https:\/\/www.europesays.com\/fr\/wp-json\/wp\/v2\/media?parent=256899"}],"wp:term":[{"taxonomy":"category","embeddable":true,"href":"https:\/\/www.europesays.com\/fr\/wp-json\/wp\/v2\/categories?post=256899"},{"taxonomy":"post_tag","embeddable":true,"href":"https:\/\/www.europesays.com\/fr\/wp-json\/wp\/v2\/tags?post=256899"}],"curies":[{"name":"wp","href":"https:\/\/api.w.org\/{rel}","templated":true}]}}