{"id":256905,"date":"2025-07-18T17:42:13","date_gmt":"2025-07-18T17:42:13","guid":{"rendered":"https:\/\/www.europesays.com\/fr\/256905\/"},"modified":"2025-07-18T17:42:13","modified_gmt":"2025-07-18T17:42:13","slug":"on-nest-pas-en-region-parisienne-a-rennes-cette-maison-est-en-vente-a-34-m-de","status":"publish","type":"post","link":"https:\/\/www.europesays.com\/fr\/256905\/","title":{"rendered":"\u00ab On n\u2019est pas en r\u00e9gion parisienne \u00bb : \u00e0 Rennes, cette maison est en vente \u00e0 3,4 M d\u2019\u20ac"},"content":{"rendered":"<p>La devanture de pierre blanche, simple mais imposante, ne se rep\u00e8re \u00e9tonnamment pas facilement sur le boulevard de S\u00e9vign\u00e9 \u00e0 Rennes. Discr\u00e8tement situ\u00e9e au num\u00e9ro 43, la maison aux allures d\u2019h\u00f4tel particulier vient d\u2019\u00eatre mise en vente \u00e0 une somme exorbitante : 3 465 000 \u20ac. Avec ce prix, cela fait de cette maison le bien le plus cher actuellement sur le march\u00e9.<\/p>\n<p>\u00c0 l\u2019int\u00e9rieur, la maison semble tenir ses promesses. 420m2 de surface habitable, 10 pi\u00e8ces dont 5 chambres et un sous-sol de 150m2 pour une surface totale de 898m2. Rajoutez un bureau biblioth\u00e8que, un dressing, une salle de sport, un sauna, un garage, une pi\u00e8ce de r\u00e9ception et le compte y est. Tout cela situ\u00e9 en plein c\u0153ur du quartier du Thabor \u00e0 15 minutes \u00e0 pied du centre-ville.<\/p>\n<p>Si le bien peut en faire r\u00eaver plus d\u2019un, son prix \u00e9tonne certains sp\u00e9cialistes. \u00ab 8 250\u20ac\/m2 au m\u00e8tre carr\u00e9, cela ne correspond pas au march\u00e9 rennais \ufeff\u00bb, explique un agent immobilier. \u00ab On n\u2019est pas en r\u00e9gion parisienne. Il n\u2019y a de client\u00e8le aujourd\u2019hui sur Rennes pour mettre ce budget-l\u00e0 ou tr\u00e8s peu. Si l\u2019on imagine faire un pr\u00eat sur 15 ans, il faudrait payer 26 000 \u20ac de mensualit\u00e9 et donc gagner plus de 90 000 \u20ac par mois. \u00bb<\/p>\n<p>\u00ab Tous les biens se vendent, c\u2019est juste une question de prix \u00bb, conc\u00e8de malgr\u00e9 tout l\u2019agent immobilier. \u00ab La cuisine est belle, la salle de bains aussi et il y a une grande parcelle, c\u2019est positif. \u00bb Quoi qu\u2019il en soit, la maison \u00e0 3,4 millions aura tout de m\u00eame le m\u00e9rite d\u2019alimenter les r\u00eaves de tous, chacun s\u2019imaginant un jour acqu\u00e9rir un tel bien.<\/p>\n","protected":false},"excerpt":{"rendered":"La devanture de pierre blanche, simple mais imposante, ne se rep\u00e8re \u00e9tonnamment pas facilement sur le boulevard de&hellip;\n","protected":false},"author":2,"featured_media":256906,"comment_status":"","ping_status":"","sticky":false,"template":"","format":"standard","meta":{"footnotes":""},"categories":[2821],"tags":[1111,11,829,1777,674,1011,27,848,12,584,25],"class_list":{"0":"post-256905","1":"post","2":"type-post","3":"status-publish","4":"format-standard","5":"has-post-thumbnail","7":"category-rennes","8":"tag-actu","9":"tag-actualites","10":"tag-bretagne","11":"tag-eu","12":"tag-europe","13":"tag-fr","14":"tag-france","15":"tag-ille-et-vilaine","16":"tag-news","17":"tag-rennes","18":"tag-republique-francaise"},"share_on_mastodon":{"url":"https:\/\/pubeurope.com\/@fr\/114875475086710608","error":""},"_links":{"self":[{"href":"https:\/\/www.europesays.com\/fr\/wp-json\/wp\/v2\/posts\/256905","targetHints":{"allow":["GET"]}}],"collection":[{"href":"https:\/\/www.europesays.com\/fr\/wp-json\/wp\/v2\/posts"}],"about":[{"href":"https:\/\/www.europesays.com\/fr\/wp-json\/wp\/v2\/types\/post"}],"author":[{"embeddable":true,"href":"https:\/\/www.europesays.com\/fr\/wp-json\/wp\/v2\/users\/2"}],"replies":[{"embeddable":true,"href":"https:\/\/www.europesays.com\/fr\/wp-json\/wp\/v2\/comments?post=256905"}],"version-history":[{"count":0,"href":"https:\/\/www.europesays.com\/fr\/wp-json\/wp\/v2\/posts\/256905\/revisions"}],"wp:featuredmedia":[{"embeddable":true,"href":"https:\/\/www.europesays.com\/fr\/wp-json\/wp\/v2\/media\/256906"}],"wp:attachment":[{"href":"https:\/\/www.europesays.com\/fr\/wp-json\/wp\/v2\/media?parent=256905"}],"wp:term":[{"taxonomy":"category","embeddable":true,"href":"https:\/\/www.europesays.com\/fr\/wp-json\/wp\/v2\/categories?post=256905"},{"taxonomy":"post_tag","embeddable":true,"href":"https:\/\/www.europesays.com\/fr\/wp-json\/wp\/v2\/tags?post=256905"}],"curies":[{"name":"wp","href":"https:\/\/api.w.org\/{rel}","templated":true}]}}